{"id":23850,"date":"2024-05-14T13:36:29","date_gmt":"2024-05-14T10:36:29","guid":{"rendered":"https:\/\/akdenizhaber.com.tr\/?p=23850"},"modified":"2024-05-14T13:36:29","modified_gmt":"2024-05-14T10:36:29","slug":"adalet-ve-durustluk","status":"publish","type":"post","link":"https:\/\/akdenizhaber.com.tr\/index.php\/2024\/05\/14\/adalet-ve-durustluk\/","title":{"rendered":"Adalet ve D\u00fcr\u00fcstl\u00fck"},"content":{"rendered":"\n<p>G\u00fcnayd\u0131n g\u00fczel insanlar\u2026<br>G\u00fcnl\u00fck ya\u015fam\u0131m\u0131zda kar\u015f\u0131la\u015ft\u0131\u011f\u0131m\u0131z bir\u00e7ok durum, adalet ve d\u00fcr\u00fcstl\u00fck ilkelerine ne kadar ba\u011fl\u0131 oldu\u011fumuzu test eder. Kimsenin hakk\u0131n\u0131 yememek, hem ki\u015fisel etik hem de toplumsal huzur i\u00e7in hayati bir \u00f6neme sahiptir. Bu ilkeye sad\u0131k kalmak, g\u00fcvenilir ve sayg\u0131de\u011fer bir birey olman\u0131n temelidir. Kimsenin hakk\u0131n\u0131 yememek, d\u00fcr\u00fcst ve g\u00fcvenilir bir birey olman\u0131n temelidir. D\u00fcr\u00fcstl\u00fck, ba\u015fkalar\u0131na kar\u015f\u0131 samimi olmay\u0131 ve onlar\u0131n haklar\u0131n\u0131 korumay\u0131 gerektirir. G\u00fcvenilirlik ise verdi\u011finiz s\u00f6zleri tutmak ve ba\u015fkalar\u0131n\u0131n sizin s\u00f6zlerinize ve davran\u0131\u015flar\u0131n\u0131za g\u00fcvenebilece\u011fini bilmeleri anlam\u0131na gelir. Kimsenin hakk\u0131n\u0131 yememek ayn\u0131 zamanda empati kurmay\u0131 ve ba\u015fkalar\u0131n\u0131n ihtiya\u00e7lar\u0131n\u0131 ve haklar\u0131n\u0131 g\u00f6zetmeyi gerektirir. Kimsenin hakk\u0131n\u0131 yemeden hayata devam etmek, uzun vadeli ili\u015fkilerin de temelidir. \u0130\u015f d\u00fcnyas\u0131nda, ailede veya arkada\u015fl\u0131k ili\u015fkilerinde adil ve d\u00fcr\u00fcst olmak g\u00fcven ve sadakat olu\u015fturur. Kimsenin hakk\u0131n\u0131 yememek, sadece bireysel bir erdem de\u011fil ayn\u0131 zamanda toplumsal bir gerekliliktir. Bu prensibe sad\u0131k kalmak, daha adil, d\u00fcr\u00fcst ve huzurlu bir d\u00fcnya yaratmam\u0131za yard\u0131mc\u0131 olur. Unutmay\u0131n, her bireyin haklar\u0131na sayg\u0131 g\u00f6stermek, kendi insanl\u0131\u011f\u0131m\u0131za ve toplumsal de\u011ferlerimize olan sayg\u0131m\u0131z\u0131 da g\u00f6sterir.<\/p>\n\n\n\n<p>ESRA \u0130\u00c7G\u00d6Z<\/p>\n","protected":false},"excerpt":{"rendered":"<p>G\u00fcnayd\u0131n g\u00fczel insanlar\u2026G\u00fcnl\u00fck ya\u015fam\u0131m\u0131zda kar\u015f\u0131la\u015ft\u0131\u011f\u0131m\u0131z bir\u00e7ok durum, adalet ve d\u00fcr\u00fcstl\u00fck ilkelerine ne kadar ba\u011fl\u0131 oldu\u011fumuzu test eder. Kimsenin hakk\u0131n\u0131 yememek, hem ki\u015fisel etik hem de <a href=\"https:\/\/akdenizhaber.com.tr\/index.php\/2024\/05\/14\/adalet-ve-durustluk\/\" class=\"read-more-link\">[more&#8230;]<\/a><\/p>\n","protected":false},"author":2,"featured_media":23801,"comment_status":"open","ping_status":"open","sticky":false,"template":"","format":"standard","meta":{"footnotes":""},"categories":[2],"tags":[],"class_list":["post-23850","post","type-post","status-publish","format-standard","has-post-thumbnail","hentry","category-gundem"],"_links":{"self":[{"href":"https:\/\/akdenizhaber.com.tr\/index.php\/wp-json\/wp\/v2\/posts\/23850","targetHints":{"allow":["GET"]}}],"collection":[{"href":"https:\/\/akdenizhaber.com.tr\/index.php\/wp-json\/wp\/v2\/posts"}],"about":[{"href":"https:\/\/akdenizhaber.com.tr\/index.php\/wp-json\/wp\/v2\/types\/post"}],"author":[{"embeddable":true,"href":"https:\/\/akdenizhaber.com.tr\/index.php\/wp-json\/wp\/v2\/users\/2"}],"replies":[{"embeddable":true,"href":"https:\/\/akdenizhaber.com.tr\/index.php\/wp-json\/wp\/v2\/comments?post=23850"}],"version-history":[{"count":1,"href":"https:\/\/akdenizhaber.com.tr\/index.php\/wp-json\/wp\/v2\/posts\/23850\/revisions"}],"predecessor-version":[{"id":23851,"href":"https:\/\/akdenizhaber.com.tr\/index.php\/wp-json\/wp\/v2\/posts\/23850\/revisions\/23851"}],"wp:featuredmedia":[{"embeddable":true,"href":"https:\/\/akdenizhaber.com.tr\/index.php\/wp-json\/wp\/v2\/media\/23801"}],"wp:attachment":[{"href":"https:\/\/akdenizhaber.com.tr\/index.php\/wp-json\/wp\/v2\/media?parent=23850"}],"wp:term":[{"taxonomy":"category","embeddable":true,"href":"https:\/\/akdenizhaber.com.tr\/index.php\/wp-json\/wp\/v2\/categories?post=23850"},{"taxonomy":"post_tag","embeddable":true,"href":"https:\/\/akdenizhaber.com.tr\/index.php\/wp-json\/wp\/v2\/tags?post=23850"}],"curies":[{"name":"wp","href":"https:\/\/api.w.org\/{rel}","templated":true}]}}