{"id":23834,"date":"2024-05-14T13:32:35","date_gmt":"2024-05-14T10:32:35","guid":{"rendered":"https:\/\/akdenizhaber.com.tr\/?p=23834"},"modified":"2024-05-14T13:32:36","modified_gmt":"2024-05-14T10:32:36","slug":"akdeniz-universitesinde-biyomedikal-teknolojileri-paneli-duzenlendi","status":"publish","type":"post","link":"https:\/\/akdenizhaber.com.tr\/index.php\/2024\/05\/14\/akdeniz-universitesinde-biyomedikal-teknolojileri-paneli-duzenlendi\/","title":{"rendered":"Akdeniz \u00dcniversitesi\u2019nde biyomedikal teknolojileri paneli d\u00fczenlendi"},"content":{"rendered":"\n<p>Akdeniz \u00dcniversitesi M\u00fchendislik Fak\u00fcltesi Biyomedikal Teknolojiler Uygulama ve Ara\u015ft\u0131rma Merkezi Engelliler Haftas\u0131 kapsam\u0131nda TMMOB Elektrik M\u00fchendisleri Odas\u0131 Antalya \u015eubesi\u2019nin katk\u0131lar\u0131yla &#8220;Engelsiz Eri\u015fim Cihazlar\u0131: Teknolojinin Engellerini Kald\u0131r\u0131yoruz&#8221; adl\u0131 bir panel d\u00fczenlendi.<\/p>\n\n\n\n<p>Akdeniz \u00dcniversitesi Biyomedikal Teknolojiler Uygulama ve Ara\u015ft\u0131rma Merkezi M\u00fcd\u00fcr\u00fc Do\u00e7. Dr. \u00c7i\u011fdem Sara\u00e7&#8217;\u0131n moderat\u00f6rl\u00fc\u011f\u00fcnde Akdeniz \u00dcniversitesi \u0130leti\u015fim Fak\u00fcltesi Konferans Salonu\u2019nda ger\u00e7ekle\u015ftirilen etkinli\u011fe Akdeniz \u00dcniversitesi Rekt\u00f6r Yard\u0131mc\u0131s\u0131 Prof. Dr. \u015e\u00fckr\u00fc \u00d6zen, \u0130leti\u015fim Fak\u00fcltesi Dekan\u0131 Prof. Dr. Se\u00e7il Deren Van Het Hof, M\u00fchendislik Fak\u00fcltesi Dekan\u0131 Prof. Dr. \u00d6mer Halil \u00c7olak, Engelli \u00d6\u011frenci Birimi Koordinat\u00f6r\u00fc Do\u00e7. Dr. Emel Sardohan Y\u0131ld\u0131r\u0131m ve \u00f6\u011frenciler kat\u0131ld\u0131. Etkinlikte TMMOB Elektrik M\u00fchendisleri Odas\u0131 Biyomedikal M\u00fchendisli\u011fi Komisyon \u00dcyesi G\u00f6zde G\u00fclba\u015f ve ALS-MNH Derne\u011fi Y\u00f6netim Kurulu \u00dcyesi Dr. Alper Kaya sunum yapt\u0131.<\/p>\n\n\n\n<p>TEKNOLOJ\u0130 ENGELLER\u0130 KALDIRIYOR<\/p>\n\n\n\n<p>Prof. Dr. \u015e\u00fckr\u00fc \u00d6zen, panelde biyomedikal m\u00fchendisli\u011fin ya\u015fam\u0131 kolayla\u015ft\u0131ran teknolojilerin \u00f6nemli bir bile\u015feni oldu\u011funu vurgulayarak, \u201c\u00dcniversitemizde bu alanda \u00e7al\u0131\u015fan ciddi ve kritik bir kitle bulunmaktad\u0131r. Akdeniz \u00dcniversitesi\u2019nde bu kritik kitlenin dinamik ve nitelik y\u00f6n\u00fcnden g\u00fc\u00e7lenmesini istiyoruz. \u00dclke genelinde bu alanda ya\u015fanan h\u0131zl\u0131 \u00fcniversite a\u00e7\u0131l\u0131\u015flar\u0131n\u0131n baz\u0131 sorunlara yol a\u00e7t\u0131\u011f\u0131 do\u011fru denilebilir. \u00dcniversiteler, ismi pop\u00fcler olan meslek alanlar\u0131n\u0131 h\u0131zl\u0131ca a\u00e7ma refleksine girdi maalesef. Ancak bu alanlara ihtiya\u00e7 yok sonucunu \u00e7\u0131karamay\u0131z. Biyomedikal m\u00fchendisli\u011fi, ya\u015fam konforunu art\u0131rmada ve rehabilitasyon \u00e7al\u0131\u015fmalar\u0131nda \u00f6nemli bir role sahiptir. &#8221; \u015feklinde konu\u015ftu.<\/p>\n\n\n\n<p>\u0130NSANLAR \u0130\u00c7\u0130N TEKNOLOJ\u0130K \u00c7\u00d6Z\u00dcMLER<\/p>\n\n\n\n<p>A\u00e7\u0131l\u0131\u015f sonras\u0131 Elektrik M\u00fchendisleri Odas\u0131 Biyomedikal M\u00fchendisli\u011fi Komisyon \u00dcyesi G\u00f6zde G\u00fclba\u015f ve ALS-MNH Derne\u011fi Y\u00f6netim Kurulu \u00dcyesi Dr. Alper Kaya sunum yapt\u0131. Ger\u00e7ekle\u015ftirilen panelde teknolojinin engelleri kald\u0131rmas\u0131 y\u00f6n\u00fcnde bir ad\u0131m atm\u0131\u015f olduklar\u0131n\u0131 vurgulayan G\u00fclba\u015f, \u201cTeknolojinin engelleri var asl\u0131nda, insanlar\u0131n engelleri yok. \u015eu anda geli\u015fmi\u015f teknolojilerle beraber bizler bu alternatif \u00e7\u00f6z\u00fcmleri, teknolojik cihazlar\u0131 \u00fcretebiliriz\u201d dedi. Ard\u0131ndan toplant\u0131ya bilgisayar arac\u0131l\u0131\u011f\u0131 ile uzaktan g\u00f6r\u00fcnt\u00fcl\u00fc ba\u011flanarak sunum ger\u00e7ekle\u015ftiren Dr. Alper Kaya ise, \u00f6zellikle ALS ve MS hastas\u0131 olan bireyler i\u00e7in teknolojideki ilerlemeyi ve bu alandaki hangi alternatif \u00e7\u00f6z\u00fcmleri \u00fcretmeye y\u00f6nelik anlat\u0131m ger\u00e7ekle\u015ftirdi.<\/p>\n\n\n\n<p>HERKES \u0130\u00c7\u0130N ER\u0130\u015e\u0130LEB\u0130L\u0130R OLMASI \u00d6NEML\u0130<\/p>\n\n\n\n<p>Toplant\u0131n\u0131n sonunda de\u011ferlendirme yapan Akdeniz \u00dcniversitesi Biyomedikal Teknolojiler Uygulama ve Ara\u015ft\u0131rma Merkezi M\u00fcd\u00fcr\u00fc ve Akdeniz \u00dcniversitesi Biyomedikal M\u00fchendisli\u011fi B\u00f6l\u00fcm\u00fc Ba\u015fkan\u0131 Do\u00e7. Dr. \u00c7i\u011fdem Sara\u00e7 ise &#8220;\u0130\u00e7erisinde bulundu\u011fumuz teknoloji \u00e7a\u011f\u0131nda her \u015feyi kolayla\u015ft\u0131ran bir\u00e7ok teknoloji var. Bunun herkes i\u00e7in eri\u015filebilir olmas\u0131, as\u0131l temam\u0131z bu. Engellerin engel olmad\u0131\u011f\u0131 bir hayat nas\u0131l olabilir? Biyomedikal cihaz teknolojilerinin hayat\u0131m\u0131z\u0131n i\u00e7inde ne kadar \u00f6nemli oldu\u011funu bir kez&nbsp;daha&nbsp;anlad\u0131m.&#8221; ifadelerini kulland\u0131.<\/p>\n\n\n\n<p>Akdeniz \u00dcniversitesi Rekt\u00f6rl\u00fc\u011f\u00fc \/ B\u00fclten<\/p>\n","protected":false},"excerpt":{"rendered":"<p>Akdeniz \u00dcniversitesi M\u00fchendislik Fak\u00fcltesi Biyomedikal Teknolojiler Uygulama ve Ara\u015ft\u0131rma Merkezi Engelliler Haftas\u0131 kapsam\u0131nda TMMOB Elektrik M\u00fchendisleri Odas\u0131 Antalya \u015eubesi\u2019nin katk\u0131lar\u0131yla &#8220;Engelsiz Eri\u015fim Cihazlar\u0131: Teknolojinin Engellerini <a href=\"https:\/\/akdenizhaber.com.tr\/index.php\/2024\/05\/14\/akdeniz-universitesinde-biyomedikal-teknolojileri-paneli-duzenlendi\/\" class=\"read-more-link\">[more&#8230;]<\/a><\/p>\n","protected":false},"author":2,"featured_media":23835,"comment_status":"open","ping_status":"open","sticky":false,"template":"","format":"standard","meta":{"footnotes":""},"categories":[2],"tags":[],"class_list":["post-23834","post","type-post","status-publish","format-standard","has-post-thumbnail","hentry","category-gundem"],"_links":{"self":[{"href":"https:\/\/akdenizhaber.com.tr\/index.php\/wp-json\/wp\/v2\/posts\/23834","targetHints":{"allow":["GET"]}}],"collection":[{"href":"https:\/\/akdenizhaber.com.tr\/index.php\/wp-json\/wp\/v2\/posts"}],"about":[{"href":"https:\/\/akdenizhaber.com.tr\/index.php\/wp-json\/wp\/v2\/types\/post"}],"author":[{"embeddable":true,"href":"https:\/\/akdenizhaber.com.tr\/index.php\/wp-json\/wp\/v2\/users\/2"}],"replies":[{"embeddable":true,"href":"https:\/\/akdenizhaber.com.tr\/index.php\/wp-json\/wp\/v2\/comments?post=23834"}],"version-history":[{"count":1,"href":"https:\/\/akdenizhaber.com.tr\/index.php\/wp-json\/wp\/v2\/posts\/23834\/revisions"}],"predecessor-version":[{"id":23836,"href":"https:\/\/akdenizhaber.com.tr\/index.php\/wp-json\/wp\/v2\/posts\/23834\/revisions\/23836"}],"wp:featuredmedia":[{"embeddable":true,"href":"https:\/\/akdenizhaber.com.tr\/index.php\/wp-json\/wp\/v2\/media\/23835"}],"wp:attachment":[{"href":"https:\/\/akdenizhaber.com.tr\/index.php\/wp-json\/wp\/v2\/media?parent=23834"}],"wp:term":[{"taxonomy":"category","embeddable":true,"href":"https:\/\/akdenizhaber.com.tr\/index.php\/wp-json\/wp\/v2\/categories?post=23834"},{"taxonomy":"post_tag","embeddable":true,"href":"https:\/\/akdenizhaber.com.tr\/index.php\/wp-json\/wp\/v2\/tags?post=23834"}],"curies":[{"name":"wp","href":"https:\/\/api.w.org\/{rel}","templated":true}]}}