{"id":23832,"date":"2024-05-14T13:32:07","date_gmt":"2024-05-14T10:32:07","guid":{"rendered":"https:\/\/akdenizhaber.com.tr\/?p=23832"},"modified":"2024-05-14T13:32:08","modified_gmt":"2024-05-14T10:32:08","slug":"bahar-verimliligi-esas-alan-bir-tasarruf-modeli","status":"publish","type":"post","link":"https:\/\/akdenizhaber.com.tr\/index.php\/2024\/05\/14\/bahar-verimliligi-esas-alan-bir-tasarruf-modeli\/","title":{"rendered":"Bahar; \u2018Verimlili\u011fi Esas Alan Bir Tasarruf Modeli\u2019"},"content":{"rendered":"\n<p>Cumhurba\u015fkan\u0131 Yard\u0131mc\u0131s\u0131 Cevdet Y\u0131lmaz ve Hazine ve Maliye Bakan\u0131 Mehmet \u015eim\u015fek taraf\u0131ndan a\u00e7\u0131klanan \u201cKamuda Tasarruf ve Verimlilik Paketine\u201d y\u00f6nelik a\u00e7\u0131klama yapan Antalya Ticaret ve Sanayi Odas\u0131 (ATSO) Y\u00f6netim Kurulu Ba\u015fkan\u0131 Ali Bahar, \u201cYeni tasarruf paketi ile kamuda art\u0131k yeni bir d\u00f6neme giriyoruz, a\u00e7\u0131klanan pakette yaln\u0131zca tasarrufa gidilmesi de\u011fil, verimlili\u011fin de \u00f6n planda tutulmas\u0131 son derece \u00f6nemli\u201d a\u00e7\u0131klamas\u0131nda bulundu.<\/p>\n\n\n\n<p>Ge\u00e7ti\u011fimiz ay Cumhurba\u015fkan\u0131 Yard\u0131mc\u0131s\u0131 Cevdet Y\u0131lmaz\u2019\u0131n \u201cKamuda Tasarruf Yasas\u0131na\u201d y\u00f6nelik a\u00e7\u0131klamalar\u0131n\u0131 dikkatle takip ettiklerini kaydeden ATSO Ba\u015fkan\u0131 Ali Bahar, \u201cB\u00f6yle bir yasan\u0131n zaruret oldu\u011funu, ancak tek ba\u015f\u0131na asla yeterli olmayaca\u011f\u0131n\u0131 ve verimlili\u011fin \u00f6n planda tutulmas\u0131 gerekti\u011fini dile getirmi\u015ftik. Bug\u00fcn a\u00e7\u0131klanan tasarruf paketi bizlere g\u00f6stermi\u015ftir ki kamu binalar\u0131ndan ara\u00e7 al\u0131mlar\u0131na, istihdamdan yat\u0131r\u0131mlara ve enerji tasarrufuna kadar bir\u00e7ok alanda d\u00fczenlemeye gidilmi\u015ftir\u201d dedi. Kamu da tasarruf paketi hakk\u0131nda a\u00e7\u0131klamalarda bulunan Hazine ve Maliye Bakan\u0131 Mehmet \u015eim\u015fek\u2019in \u201cUygulanan geni\u015f \u00e7apl\u0131 politikalar\u0131n temel amac\u0131n\u0131n hayat pahal\u0131l\u0131\u011f\u0131n\u0131 azaltmak ve s\u00fcrd\u00fcr\u00fclebilir b\u00fcy\u00fcmeyi sa\u011flamak\u201d oldu\u011funu ifade etti\u011fini belirten Bahar, \u201cBu son derece \u00f6nemli bir yakla\u015f\u0131md\u0131r. Bu a\u00e7\u0131klamalar devletimizin enflasyon ve ekonomik b\u00fcy\u00fcme konusunu ne derece \u00f6nemsedi\u011fini fazlas\u0131yla g\u00f6stermektedir\u201d diye konu\u015ftu.<\/p>\n\n\n\n<p>OVP \u0130le Uyumlu, Geni\u015f Kapsaml\u0131 Bir Program<\/p>\n\n\n\n<p>A\u00e7\u0131klanan tasarruf paketinin ge\u00e7mi\u015f d\u00f6nemlerde haz\u0131rlanan tedbirlerden son derece farkl\u0131 ve daha geni\u015f kapsaml\u0131 kararlar i\u00e7erdi\u011fine i\u015faret eden Ba\u015fkan Bahar, s\u00f6zlerini \u015f\u00f6yle s\u00fcrd\u00fcrd\u00fc;<\/p>\n\n\n\n<p>\u201cSay\u0131n Bakan\u0131m\u0131z\u0131n da a\u00e7\u0131klad\u0131\u011f\u0131 gibi, al\u0131nan kararlar, OVP hedefleri ile uyumlu, verimlili\u011fin esas al\u0131nd\u0131\u011f\u0131, denetimin de s\u0131k\u0131 bi\u00e7imde uygulanaca\u011f\u0131 bir program olmu\u015ftur. Yaln\u0131zca merkezi y\u00f6netim b\u00fct\u00e7esinde de\u011fil, yerel y\u00f6netim b\u00fct\u00e7elerine y\u00f6nelik tedbirler i\u00e7ermektedir. Bu y\u00f6n\u00fcyle olduk\u00e7a geni\u015f kapsaml\u0131 bir programd\u0131r.<\/p>\n\n\n\n<p>Bu kararlar, T\u00fcrkiye ekonomisine olan g\u00fcvenin artmas\u0131 anlam\u0131nda da \u00e7ok \u00f6nemli bir g\u00f6stergedir. Esas\u0131nda 2023 y\u0131l\u0131n\u0131n ikinci yar\u0131s\u0131ndan itibaren k\u0131smen de olsa baz\u0131 tasarruf tedbirleri hayata ge\u00e7irilmi\u015fti. Bunun da bir yans\u0131mas\u0131 olarak 2023 y\u0131l\u0131 b\u00fct\u00e7e a\u00e7\u0131\u011f\u0131, tahmin edilenden daha pozitif bir ger\u00e7ekle\u015fme g\u00f6stermi\u015fti. Kamuda tasarrufa gidilmesi hem serbest piyasa ekonomisinin hem de verimli bir ekonomi y\u00f6netiminin olmazsa olmazlar\u0131 aras\u0131ndad\u0131r.<\/p>\n\n\n\n<p>\u00d6zellikle izleme ve denetim s\u00fcrecinin de aktif olarak i\u015fletilecek olmas\u0131, al\u0131nacak tasarruf tedbirlerin etkisini daha da art\u0131racak ve kal\u0131c\u0131 bir yap\u0131ya d\u00f6n\u00fc\u015fmesine de vesile olacakt\u0131r. Bu nedenle al\u0131nan kararlar\u0131 destekliyor, son derece yerinde ve memnuniyet verici bir program olarak de\u011ferlendiriyoruz.\u201d<\/p>\n\n\n\n<p>Tasarrufla Ye\u015fil D\u00f6n\u00fc\u015f\u00fcme ve Dijital D\u00f6n\u00fc\u015f\u00fcme Kaynak Do\u011facak<\/p>\n\n\n\n<p>A\u00e7\u0131klanan tedbir kalemleri ile birlikte kamuda zorunlu olmayan harcamalar\u0131n ve kamu t\u00fcketiminin ortadan kald\u0131r\u0131larak kamu gelir ve giderindeki dengenin de sa\u011flanaca\u011f\u0131n\u0131 belirten Ba\u015fkan Ali Bahar, \u201c\u00d6zellikle kamuda verimlili\u011fi art\u0131rmaya y\u00f6nelik olarak at\u0131lacak en \u00f6nemli ad\u0131mlardan birisi dijitalle\u015fen d\u00fcnyada kamu kurumlar\u0131n\u0131 da dijitalle\u015fmeye entegre ederek birim alanda verimlili\u011fin art\u0131r\u0131lmas\u0131 olacakt\u0131r. Kamuda dijitalle\u015fmenin artmas\u0131 \u00f6zellikle son d\u00f6nemde s\u0131kl\u0131kla dile getirilen kay\u0131t d\u0131\u015f\u0131l\u0131kla m\u00fccadele i\u00e7in de gerekli tedbirlerin s\u0131k\u0131 bir \u015fekilde uygulanmas\u0131na ve tespit edilmesine imk\u00e2n sa\u011flayacakt\u0131r\u201d diye konu\u015ftu. Enerji ve at\u0131k y\u00f6netimine ili\u015fkin tedbirlerin de a\u00e7\u0131klanan kararlar kapsam\u0131nda yer almas\u0131n\u0131 ko\u015fulsuz olarak destekleyeceklerini dile getiren Ba\u015fkan Ali Bahar, \u201cDestekleyece\u011fimiz bir karar olmu\u015ftur. Sokak lambalar\u0131nda LED d\u00f6n\u00fc\u015f\u00fcm\u00fcn\u00fcn sa\u011flanmas\u0131, kamu binalar\u0131nda enerji verimlili\u011finin \u00f6ncelikli konular aras\u0131na yer almas\u0131, \u00e7ok hassas bir yakla\u015f\u0131md\u0131r. Biz ATSO olarak ye\u015fil d\u00f6n\u00fc\u015f\u00fcm ve dijital d\u00f6n\u00fc\u015f\u00fcme \u00e7ok b\u00fcy\u00fck bir \u00f6nem veriyor ve projelerimizi de bu bak\u0131\u015f a\u00e7\u0131s\u0131 ile \u015fekillendiriyoruz. Benzer bir yakla\u015f\u0131m\u0131 devletimizden de g\u00f6rmek, d\u00f6n\u00fc\u015f\u00fcm s\u00fcre\u00e7lerine daha fazla yat\u0131r\u0131m yap\u0131laca\u011f\u0131n\u0131 g\u00f6rmek son derece \u00f6nemlidir\u201d dedi.<\/p>\n\n\n\n<p>Devletimiz de Fedak\u00e2rl\u0131\u011fa Ortak Olmu\u015ftur<\/p>\n\n\n\n<p>Tasarruf tedbirlerinin bir di\u011fer \u00f6nemli taraf\u0131n\u0131n da enflasyon ve verimsizlik ile topyek\u00fbn bir m\u00fccadele i\u00e7eriyor oldu\u011funu vurgulayan Bahar, \u201cEnflasyon genellikle dar gelirli vatanda\u015flar\u0131m\u0131z\u0131n en b\u00fcy\u00fck d\u00fc\u015fman\u0131d\u0131r. \u0130\u015fletmelerimiz a\u00e7\u0131s\u0131ndan da b\u00fcy\u00fck bir risk ve belirsizlik kayna\u011f\u0131d\u0131r. Y\u00fcksek enflasyon d\u00f6nemlerinde hane halk\u0131 ve i\u015f d\u00fcnyas\u0131 elini ta\u015f\u0131n alt\u0131na en fazla koyan ve en fazla cefa \u00e7eken kesimler olmaktad\u0131r. Ekonomik iyile\u015fmenin ve istikrar\u0131n sa\u011flanabilmesi i\u00e7in daha \u00f6nce bir\u00e7ok kez elimizi ta\u015f\u0131n alt\u0131na koymaktan \u00e7ekinmeyece\u011fimizi dile getirmi\u015f, bu ifadelerimizi de s\u00f6zde b\u0131rakmayarak, ald\u0131\u011f\u0131m\u0131z kararlar ve eylemlerimiz ile desteklemi\u015ftik. Gelinen s\u00fcre\u00e7te; a\u00e7\u0131klanan tasarruf tedbirleri ile \u00f6n\u00fcm\u00fczdeki s\u00fcre\u00e7te devletimizin de vatanda\u015f\u0131n \u00fczerindeki y\u00fcke ortak olaca\u011f\u0131n\u0131, dezenflasyonun kal\u0131c\u0131 bi\u00e7imde tesis edilebilmesi i\u00e7in m\u00fc\u015fterek bi\u00e7imde sorumluluk \u00fcstlenilece\u011fini g\u00f6rm\u00fc\u015f olduk. Bu da i\u015f d\u00fcnyas\u0131n\u0131 son derece memnun etmi\u015ftir. Bu fedak\u00e2rl\u0131\u011f\u0131n toplumun t\u00fcm kesimlerinde kar\u015f\u0131l\u0131k bulmas\u0131n\u0131 temenni ediyor, hem ekonomik hem sosyal refah\u0131n sa\u011flanmas\u0131na katk\u0131 sunaca\u011f\u0131n\u0131 \u00fcmit ediyoruz\u201d a\u00e7\u0131klamas\u0131nda bulundu.<\/p>\n\n\n\n<p>Antalya Ticaret ve Sanayi Odas\u0131 \/ B\u00fclten<\/p>\n","protected":false},"excerpt":{"rendered":"<p>Cumhurba\u015fkan\u0131 Yard\u0131mc\u0131s\u0131 Cevdet Y\u0131lmaz ve Hazine ve Maliye Bakan\u0131 Mehmet \u015eim\u015fek taraf\u0131ndan a\u00e7\u0131klanan \u201cKamuda Tasarruf ve Verimlilik Paketine\u201d y\u00f6nelik a\u00e7\u0131klama yapan Antalya Ticaret ve Sanayi <a href=\"https:\/\/akdenizhaber.com.tr\/index.php\/2024\/05\/14\/bahar-verimliligi-esas-alan-bir-tasarruf-modeli\/\" class=\"read-more-link\">[more&#8230;]<\/a><\/p>\n","protected":false},"author":2,"featured_media":23739,"comment_status":"open","ping_status":"open","sticky":false,"template":"","format":"standard","meta":{"footnotes":""},"categories":[2],"tags":[],"class_list":["post-23832","post","type-post","status-publish","format-standard","has-post-thumbnail","hentry","category-gundem"],"_links":{"self":[{"href":"https:\/\/akdenizhaber.com.tr\/index.php\/wp-json\/wp\/v2\/posts\/23832","targetHints":{"allow":["GET"]}}],"collection":[{"href":"https:\/\/akdenizhaber.com.tr\/index.php\/wp-json\/wp\/v2\/posts"}],"about":[{"href":"https:\/\/akdenizhaber.com.tr\/index.php\/wp-json\/wp\/v2\/types\/post"}],"author":[{"embeddable":true,"href":"https:\/\/akdenizhaber.com.tr\/index.php\/wp-json\/wp\/v2\/users\/2"}],"replies":[{"embeddable":true,"href":"https:\/\/akdenizhaber.com.tr\/index.php\/wp-json\/wp\/v2\/comments?post=23832"}],"version-history":[{"count":1,"href":"https:\/\/akdenizhaber.com.tr\/index.php\/wp-json\/wp\/v2\/posts\/23832\/revisions"}],"predecessor-version":[{"id":23833,"href":"https:\/\/akdenizhaber.com.tr\/index.php\/wp-json\/wp\/v2\/posts\/23832\/revisions\/23833"}],"wp:featuredmedia":[{"embeddable":true,"href":"https:\/\/akdenizhaber.com.tr\/index.php\/wp-json\/wp\/v2\/media\/23739"}],"wp:attachment":[{"href":"https:\/\/akdenizhaber.com.tr\/index.php\/wp-json\/wp\/v2\/media?parent=23832"}],"wp:term":[{"taxonomy":"category","embeddable":true,"href":"https:\/\/akdenizhaber.com.tr\/index.php\/wp-json\/wp\/v2\/categories?post=23832"},{"taxonomy":"post_tag","embeddable":true,"href":"https:\/\/akdenizhaber.com.tr\/index.php\/wp-json\/wp\/v2\/tags?post=23832"}],"curies":[{"name":"wp","href":"https:\/\/api.w.org\/{rel}","templated":true}]}}