{"id":23823,"date":"2024-05-14T13:29:47","date_gmt":"2024-05-14T10:29:47","guid":{"rendered":"https:\/\/akdenizhaber.com.tr\/?p=23823"},"modified":"2024-05-14T13:29:48","modified_gmt":"2024-05-14T10:29:48","slug":"hasyurt-tarim-fuarini-3-gunde-30-bini-askin-kisi-ziyaret-etti","status":"publish","type":"post","link":"https:\/\/akdenizhaber.com.tr\/index.php\/2024\/05\/14\/hasyurt-tarim-fuarini-3-gunde-30-bini-askin-kisi-ziyaret-etti\/","title":{"rendered":"Hasyurt Tar\u0131m Fuar\u0131\u2019n\u0131 3 G\u00fcnde 30 Bini A\u015fk\u0131n Ki\u015fi Ziyaret Etti"},"content":{"rendered":"\n<p>T\u00fcrkiye\u2019nin ilk tar\u0131m fuar\u0131 olan Hasyurt Tar\u0131m Fuar\u0131, 27\u2019nci kez 8-10 May\u0131s tarihlerinde Finike\u2019de d\u00fczenlendi. Antalya B\u00fcy\u00fck\u015fehir Belediyesi, Finike Belediyesi, Antalya Tar\u0131m Konseyi, Kumluca Ticaret Borsas\u0131 ile Kumluca Ticaret ve Sanayi Odas\u0131\u2019n\u0131n organizasyonunda, Tar\u0131m ve Orman Bakanl\u0131\u011f\u0131, Antalya Ticaret Borsas\u0131 ve di\u011fer payda\u015flar\u0131n deste\u011fiyle d\u00fczenlenen fuar\u0131 3 g\u00fcnde 30 bini a\u015fk\u0131n ki\u015fi ziyaret etti.<\/p>\n\n\n\n<p>6 bin metrekare alanda d\u00fczenlenen fuarda tohumdan g\u00fcbreye, zirai ila\u00e7tan sulama sistemlerine, sera konstr\u00fcksiyonlar\u0131ndan fideye kadar bir\u00e7ok sekt\u00f6rden 81 kat\u0131l\u0131mc\u0131 yer ald\u0131. Ziyaret\u00e7iler, tar\u0131mla ilgili yeni hizmet ve \u00fcr\u00fcnleri inceleyerek kat\u0131l\u0131mc\u0131 firmalar ile ger\u00e7ekle\u015ftirdikleri g\u00f6r\u00fc\u015fmelerde soru ve \u00f6nerilerine kar\u015f\u0131l\u0131k buldu. Yeni i\u015f ve ticari birlikteliklerin kuruldu\u011fu fuarda, tar\u0131m teknolojileriyle ilgili yenilikler de ziyaret\u00e7ilerin ilgisine sunuldu.<\/p>\n\n\n\n<p>3 G\u00dcN BOYUNCA TARIM KONU\u015eULDU<\/p>\n\n\n\n<p>Fuarda ayn\u0131 zamanda \u00e7ok say\u0131da etkinlik d\u00fczenlendi. Tar\u0131m Yazar\u0131 Ali Ekber Y\u0131ld\u0131r\u0131m moderat\u00f6rl\u00fc\u011f\u00fcnde d\u00fczenlenen ve gen\u00e7 \u00e7ift\u00e7ilerin kat\u0131ld\u0131\u011f\u0131 \u201cS\u00f6z \u00c7ift\u00e7ide\u201d panelinde \u00e7ift\u00e7ilerin \u00fcretmek i\u00e7in yapt\u0131klar\u0131 m\u00fccadele payla\u015f\u0131ld\u0131. BATEM uzmanlar\u0131n\u0131n kat\u0131l\u0131m\u0131yla ger\u00e7ekle\u015fen Narenciye Yeti\u015ftiricili\u011fi program\u0131nda narenciyede g\u00f6r\u00fclen hastal\u0131klardan a\u015f\u0131lamaya bir\u00e7ok konu g\u00fcndeme geldi. B\u00f6lgedeki ziraat odas\u0131 ba\u015fkanlar\u0131n\u0131n kat\u0131l\u0131m\u0131yla ATB Bas\u0131n Dan\u0131\u015fman\u0131 Vahide Emel Yan\u0131k moderat\u00f6rl\u00fc\u011f\u00fcnde d\u00fczenlenen \u201cBat\u0131 Antalya Tar\u0131m\u0131\u201d ba\u015fl\u0131kl\u0131 panelde ziraat odas\u0131 ba\u015fkanlar\u0131 tar\u0131m sekt\u00f6r\u00fcnde ya\u015fanan sorunlar\u0131 ve sekt\u00f6r payda\u015flar\u0131n\u0131n beklentilerini dile getirdi. Tar\u0131m GES uygulamalar\u0131 panelinde, Antalya B\u00fcy\u00fck\u015fehir Belediyesi\u2019nden yetkililer g\u00fcne\u015f enerji sistemleri uygulamalar\u0131 ve desteklerini anlatt\u0131.<\/p>\n\n\n\n<p>\u00c7\u0130FT\u00c7\u0130 A\u0130LELER YARI\u015eTI<\/p>\n\n\n\n<p>Hasyurt Tar\u0131m Fuar\u0131\u2019nda Antalya Tar\u0131m Konseyi, Finike Belediyesi ve Antalya Tar\u0131m ve Orman M\u00fcd\u00fcrl\u00fc\u011f\u00fc i\u015f birli\u011fiyle \u2018\u2019\u00c7ift\u00e7i Aileler Yar\u0131\u015f\u0131yor\u2019\u2019 \u00f6d\u00fcll\u00fc bilgi yar\u0131\u015fmas\u0131 d\u00fczenlendi. 6 \u00e7ift\u00e7i ailenin yar\u0131\u015ft\u0131\u011f\u0131 bilgi yar\u0131\u015fmas\u0131nda, Elmal\u0131\u2019dan Alptekin ailesi birinci olurken Demre\u2019den Peker ailesi ikinci, Finike\u2019den \u00c7ilo\u011flu ailesi ise \u00fc\u00e7\u00fcnc\u00fc oldu. Yar\u0131\u015fmada birinci olan aileye 10 bin, ikinci olan aileye 7 bin 500, \u00fc\u00e7\u00fcnc\u00fc olan aileye 5 bin, kat\u0131l\u0131mc\u0131 ailelere 2 bin 500 TL para \u00f6d\u00fcl\u00fc verildi. Yar\u0131\u015fmada dereceye giren ailelere \u00f6d\u00fclleri Finike Belediye Ba\u015fkan\u0131 Mustafa Geyik\u00e7i ve Antalya Tar\u0131m ve Orman M\u00fcd\u00fcr\u00fc F\u0131rat Erkal taraf\u0131ndan takdim edildi. Yar\u0131\u015fmaya kat\u0131lan ailelere \u00e7e\u015fitli hediyeler de verildi.<\/p>\n\n\n\n<p>Finike Belediyesi \/ B\u00fclten<\/p>\n","protected":false},"excerpt":{"rendered":"<p>T\u00fcrkiye\u2019nin ilk tar\u0131m fuar\u0131 olan Hasyurt Tar\u0131m Fuar\u0131, 27\u2019nci kez 8-10 May\u0131s tarihlerinde Finike\u2019de d\u00fczenlendi. Antalya B\u00fcy\u00fck\u015fehir Belediyesi, Finike Belediyesi, Antalya Tar\u0131m Konseyi, Kumluca Ticaret <a href=\"https:\/\/akdenizhaber.com.tr\/index.php\/2024\/05\/14\/hasyurt-tarim-fuarini-3-gunde-30-bini-askin-kisi-ziyaret-etti\/\" class=\"read-more-link\">[more&#8230;]<\/a><\/p>\n","protected":false},"author":2,"featured_media":23824,"comment_status":"open","ping_status":"open","sticky":false,"template":"","format":"standard","meta":{"footnotes":""},"categories":[2],"tags":[],"class_list":["post-23823","post","type-post","status-publish","format-standard","has-post-thumbnail","hentry","category-gundem"],"_links":{"self":[{"href":"https:\/\/akdenizhaber.com.tr\/index.php\/wp-json\/wp\/v2\/posts\/23823","targetHints":{"allow":["GET"]}}],"collection":[{"href":"https:\/\/akdenizhaber.com.tr\/index.php\/wp-json\/wp\/v2\/posts"}],"about":[{"href":"https:\/\/akdenizhaber.com.tr\/index.php\/wp-json\/wp\/v2\/types\/post"}],"author":[{"embeddable":true,"href":"https:\/\/akdenizhaber.com.tr\/index.php\/wp-json\/wp\/v2\/users\/2"}],"replies":[{"embeddable":true,"href":"https:\/\/akdenizhaber.com.tr\/index.php\/wp-json\/wp\/v2\/comments?post=23823"}],"version-history":[{"count":1,"href":"https:\/\/akdenizhaber.com.tr\/index.php\/wp-json\/wp\/v2\/posts\/23823\/revisions"}],"predecessor-version":[{"id":23825,"href":"https:\/\/akdenizhaber.com.tr\/index.php\/wp-json\/wp\/v2\/posts\/23823\/revisions\/23825"}],"wp:featuredmedia":[{"embeddable":true,"href":"https:\/\/akdenizhaber.com.tr\/index.php\/wp-json\/wp\/v2\/media\/23824"}],"wp:attachment":[{"href":"https:\/\/akdenizhaber.com.tr\/index.php\/wp-json\/wp\/v2\/media?parent=23823"}],"wp:term":[{"taxonomy":"category","embeddable":true,"href":"https:\/\/akdenizhaber.com.tr\/index.php\/wp-json\/wp\/v2\/categories?post=23823"},{"taxonomy":"post_tag","embeddable":true,"href":"https:\/\/akdenizhaber.com.tr\/index.php\/wp-json\/wp\/v2\/tags?post=23823"}],"curies":[{"name":"wp","href":"https:\/\/api.w.org\/{rel}","templated":true}]}}