{"id":23820,"date":"2024-05-14T13:29:02","date_gmt":"2024-05-14T10:29:02","guid":{"rendered":"https:\/\/akdenizhaber.com.tr\/?p=23820"},"modified":"2024-05-14T13:29:03","modified_gmt":"2024-05-14T10:29:03","slug":"baskan-kotan-engelsiz-bir-konyaalti-icin-calisiyoruz","status":"publish","type":"post","link":"https:\/\/akdenizhaber.com.tr\/index.php\/2024\/05\/14\/baskan-kotan-engelsiz-bir-konyaalti-icin-calisiyoruz\/","title":{"rendered":"Ba\u015fkan Kotan &#8220;engelsiz bir Konyaalt\u0131 i\u00e7in \u00e7al\u0131\u015f\u0131yoruz&#8221;"},"content":{"rendered":"\n<p>Konyaalt\u0131 Belediye Ba\u015fkan\u0131 Cem Kotan g\u00f6rme engelli vatanda\u015f Sinan Yolcu\u2019yu makam\u0131nda a\u011f\u0131rlad\u0131. Yolcu, \u201cEn kolay ula\u015fabildi\u011fim Belediye Ba\u015fkan\u0131 sizsiniz, sizinle bir araya geldi\u011fim i\u00e7in mutluyum\u201d dedi<\/p>\n\n\n\n<p>6 \u015eubat depreminin ard\u0131ndan Malatya\u2019dan Antalya\u2019ya gelen ve kente yerle\u015fen g\u00f6rme engelli vatanda\u015f Sinan Yolcu, Konyaalt\u0131 Belediye Ba\u015fkan\u0131 Cem Kotan\u2019\u0131 ziyaret etti. Kotan\u2019a engellilerin ya\u015fad\u0131\u011f\u0131 s\u0131k\u0131nt\u0131lardan bahseden Yolcu, \u201cBen 32 ya\u015f\u0131nda Malatya do\u011fumlu depremzede bir vatanda\u015f\u0131m. \u00d6ncelikle hassasiyetiniz i\u00e7in size minnettar\u0131m Konyaalt\u0131 belediyesi bamba\u015fka bir belediye ger\u00e7ekten Antalya da bamba\u015fka bir belediye. Konyaalt\u0131n\u0131n bu konuda fark\u0131 var.&nbsp; Hassasiyetinizi hissedebiliyoruz. \u201d diye kaydetti.&nbsp;<\/p>\n\n\n\n<p>ENGELLER KALDIRILACAK<\/p>\n\n\n\n<p>Daha rahat bir Konyaalt\u0131 i\u00e7in \u00e7al\u0131\u015ft\u0131klar\u0131n\u0131 kaydeden Konyaalt\u0131 Belediye Ba\u015fkan\u0131 Cem Kotan ise, \u201cHem T\u00fcrkiye hem de d\u00fcnya i\u00e7in k\u0131ymetli bir hafta. Sadece bir hafta olarak hat\u0131rlamayaca\u011f\u0131z, bir y\u0131l boyunca her zaman belediye olarak engelli dostlar\u0131m\u0131z\u0131n fark\u0131nda olaca\u011f\u0131z. Sizlere engel te\u015fkil edecek her \u015feyi ortadan kald\u0131rmak istiyoruz. Zab\u0131ta m\u00fcd\u00fcrl\u00fcklerimizle il\u00e7emizi kar\u0131\u015f kar\u0131\u015f geziyoruz. Hayat\u0131n\u0131z\u0131 daha kolay devam ettirmeniz noktas\u0131nda \u00e7al\u0131\u015fmalar\u0131m\u0131z\u0131 s\u00fcrd\u00fcr\u00fcyoruz. Amac\u0131m\u0131z engelsiz Konyaalt\u0131. Size engel te\u015fkil eden her \u015feyi kald\u0131rmak istiyoruz. Bizler her zaman yan\u0131nda olaca\u011f\u0131z. Senin g\u00f6zlerin biz olaca\u011f\u0131z. Ayd\u0131nl\u0131klar\u0131 biz g\u00f6rece\u011fiz. Seninle birlikte o ayd\u0131nl\u0131klar\u0131 y\u00fcr\u00fcyece\u011fiz \u201d diye konu\u015ftu.<\/p>\n\n\n\n<p>Konyaalt\u0131 Belediyesi \/ B\u00fclten<\/p>\n","protected":false},"excerpt":{"rendered":"<p>Konyaalt\u0131 Belediye Ba\u015fkan\u0131 Cem Kotan g\u00f6rme engelli vatanda\u015f Sinan Yolcu\u2019yu makam\u0131nda a\u011f\u0131rlad\u0131. Yolcu, \u201cEn kolay ula\u015fabildi\u011fim Belediye Ba\u015fkan\u0131 sizsiniz, sizinle bir araya geldi\u011fim i\u00e7in mutluyum\u201d <a href=\"https:\/\/akdenizhaber.com.tr\/index.php\/2024\/05\/14\/baskan-kotan-engelsiz-bir-konyaalti-icin-calisiyoruz\/\" class=\"read-more-link\">[more&#8230;]<\/a><\/p>\n","protected":false},"author":2,"featured_media":23821,"comment_status":"open","ping_status":"open","sticky":false,"template":"","format":"standard","meta":{"footnotes":""},"categories":[2],"tags":[],"class_list":["post-23820","post","type-post","status-publish","format-standard","has-post-thumbnail","hentry","category-gundem"],"_links":{"self":[{"href":"https:\/\/akdenizhaber.com.tr\/index.php\/wp-json\/wp\/v2\/posts\/23820","targetHints":{"allow":["GET"]}}],"collection":[{"href":"https:\/\/akdenizhaber.com.tr\/index.php\/wp-json\/wp\/v2\/posts"}],"about":[{"href":"https:\/\/akdenizhaber.com.tr\/index.php\/wp-json\/wp\/v2\/types\/post"}],"author":[{"embeddable":true,"href":"https:\/\/akdenizhaber.com.tr\/index.php\/wp-json\/wp\/v2\/users\/2"}],"replies":[{"embeddable":true,"href":"https:\/\/akdenizhaber.com.tr\/index.php\/wp-json\/wp\/v2\/comments?post=23820"}],"version-history":[{"count":1,"href":"https:\/\/akdenizhaber.com.tr\/index.php\/wp-json\/wp\/v2\/posts\/23820\/revisions"}],"predecessor-version":[{"id":23822,"href":"https:\/\/akdenizhaber.com.tr\/index.php\/wp-json\/wp\/v2\/posts\/23820\/revisions\/23822"}],"wp:featuredmedia":[{"embeddable":true,"href":"https:\/\/akdenizhaber.com.tr\/index.php\/wp-json\/wp\/v2\/media\/23821"}],"wp:attachment":[{"href":"https:\/\/akdenizhaber.com.tr\/index.php\/wp-json\/wp\/v2\/media?parent=23820"}],"wp:term":[{"taxonomy":"category","embeddable":true,"href":"https:\/\/akdenizhaber.com.tr\/index.php\/wp-json\/wp\/v2\/categories?post=23820"},{"taxonomy":"post_tag","embeddable":true,"href":"https:\/\/akdenizhaber.com.tr\/index.php\/wp-json\/wp\/v2\/tags?post=23820"}],"curies":[{"name":"wp","href":"https:\/\/api.w.org\/{rel}","templated":true}]}}