{"id":23811,"date":"2024-05-14T13:25:54","date_gmt":"2024-05-14T10:25:54","guid":{"rendered":"https:\/\/akdenizhaber.com.tr\/?p=23811"},"modified":"2024-05-14T13:25:55","modified_gmt":"2024-05-14T10:25:55","slug":"unsala-yesil-bahce","status":"publish","type":"post","link":"https:\/\/akdenizhaber.com.tr\/index.php\/2024\/05\/14\/unsala-yesil-bahce\/","title":{"rendered":"\u00dcnsal\u2019a ye\u015fil bah\u00e7e"},"content":{"rendered":"\n<p>Kepez Belediyesi, \u00dcnsal Mahallesi\u2019nde yap\u0131m\u0131 tamamlanan \u00e7ok ama\u00e7l\u0131 butik spor salonunun \u00e7evresinde a\u011fa\u00e7land\u0131rma ve \u00e7imlendirme \u00e7al\u0131\u015fmas\u0131yla 1500 metrekare (m2) b\u00fcy\u00fckl\u00fc\u011f\u00fcnde ye\u015fil alan olu\u015fturdu.<\/p>\n\n\n\n<p>Kepez Belediyesi, Ba\u015fkan Mesut Kocag\u00f6z\u2019\u00fcn \u2018ye\u015fil alan vizyonu\u2019 kapsam\u0131nda il\u00e7enin d\u00f6rt bir yan\u0131nda \u00e7i\u00e7eklendirme ve a\u011fa\u00e7land\u0131rma \u00e7al\u0131\u015fmalar\u0131n\u0131 s\u00fcrd\u00fcr\u00fcrken, yeni ye\u015fil alanlar da \u00fcretiyor.&nbsp;<br>Kepez Belediyesi Park ve Bah\u00e7eler M\u00fcd\u00fcrl\u00fc\u011f\u00fc, imara uygun \u015fehirle\u015fme s\u00fcreci tamamlanan \u00dcnsal Mahallesi\u2019nde yeni ye\u015fil alan d\u00fczenlemesi yapt\u0131.&nbsp; Ye\u015fil alan \u00e7al\u0131\u015fmas\u0131, Gen\u00e7lik ve Spor Bakanl\u0131\u011f\u0131n\u0131n, belediyenin deste\u011fiyle \u00e7ocuklara kazand\u0131rd\u0131\u011f\u0131 \u00e7ok ama\u00e7l\u0131 spor salonunun yan\u0131nda ger\u00e7ekle\u015ftirildi.<\/p>\n\n\n\n<p>\u00dcNSAL\u2019A 1500 M2 YE\u015e\u0130L ALAN<\/p>\n\n\n\n<p>Ye\u015fillendirme \u00e7al\u0131\u015fmas\u0131yla \u00dcnsal Mahallesi\u2019ne 1500 m2\u2019lik ye\u015fil alan kazand\u0131r\u0131ld\u0131. &nbsp;<br>&nbsp;Park ve Bah\u00e7eler M\u00fcd\u00fcrl\u00fc\u011f\u00fc ekipleri, ye\u015fillendirme \u00e7al\u0131\u015fmas\u0131 kapsam\u0131nda ilk olarak \u00e7evresine bord\u00fcr ta\u015f\u0131 \u00f6rd\u00fc\u011f\u00fc alan\u0131n toprak tesviyesini yapt\u0131. Daha sora ye\u015fil alan\u0131n sulama ve ayd\u0131nlatma tesisat\u0131 tamamland\u0131.<br><br>YE\u015e\u0130L ALAN \u00c7ALI\u015eMALARI ARTARAK S\u00dcRECEK<\/p>\n\n\n\n<p>Ard\u0131ndan ye\u015fil alan d\u00fczenlemesi yap\u0131lan 1500 m2 b\u00fcy\u00fckl\u00fc\u011f\u00fcndeki alana yirmiye yak\u0131n Benjamin a\u011fac\u0131 fidan\u0131 dikildi ve \u00e7im tohumu ekildi. \u00d6n\u00fcm\u00fczdeki g\u00fcnlerde \u00e7imlerin b\u00fcy\u00fcmesiyle spor salonunun yan\u0131nda yemye\u015fil bir bah\u00e7e ortaya \u00e7\u0131kacak. A\u011fa\u00e7lar\u0131n b\u00fcy\u00fcmesiyle de bu bah\u00e7e, \u00dcnsal Mahallesi sakinlerinin nefes alaca\u011f\u0131 bir nokta olacak.<br>Kepez Belediye Ba\u015fkan Vekili Refik Emre Altekin de, planlad\u0131klar\u0131 ye\u015fil alan projeleri \u00e7er\u00e7evesinde il\u00e7enin d\u00f6rt yan\u0131nda peyzaj ve park \u00e7al\u0131\u015fmalar\u0131n\u0131n artarak devam edece\u011fini a\u00e7\u0131klad\u0131.<\/p>\n\n\n\n<p>Kepez Belediyesi \/ B\u00fclten<\/p>\n","protected":false},"excerpt":{"rendered":"<p>Kepez Belediyesi, \u00dcnsal Mahallesi\u2019nde yap\u0131m\u0131 tamamlanan \u00e7ok ama\u00e7l\u0131 butik spor salonunun \u00e7evresinde a\u011fa\u00e7land\u0131rma ve \u00e7imlendirme \u00e7al\u0131\u015fmas\u0131yla 1500 metrekare (m2) b\u00fcy\u00fckl\u00fc\u011f\u00fcnde ye\u015fil alan olu\u015fturdu. Kepez Belediyesi, <a href=\"https:\/\/akdenizhaber.com.tr\/index.php\/2024\/05\/14\/unsala-yesil-bahce\/\" class=\"read-more-link\">[more&#8230;]<\/a><\/p>\n","protected":false},"author":2,"featured_media":23812,"comment_status":"open","ping_status":"open","sticky":false,"template":"","format":"standard","meta":{"footnotes":""},"categories":[2],"tags":[],"class_list":["post-23811","post","type-post","status-publish","format-standard","has-post-thumbnail","hentry","category-gundem"],"_links":{"self":[{"href":"https:\/\/akdenizhaber.com.tr\/index.php\/wp-json\/wp\/v2\/posts\/23811","targetHints":{"allow":["GET"]}}],"collection":[{"href":"https:\/\/akdenizhaber.com.tr\/index.php\/wp-json\/wp\/v2\/posts"}],"about":[{"href":"https:\/\/akdenizhaber.com.tr\/index.php\/wp-json\/wp\/v2\/types\/post"}],"author":[{"embeddable":true,"href":"https:\/\/akdenizhaber.com.tr\/index.php\/wp-json\/wp\/v2\/users\/2"}],"replies":[{"embeddable":true,"href":"https:\/\/akdenizhaber.com.tr\/index.php\/wp-json\/wp\/v2\/comments?post=23811"}],"version-history":[{"count":1,"href":"https:\/\/akdenizhaber.com.tr\/index.php\/wp-json\/wp\/v2\/posts\/23811\/revisions"}],"predecessor-version":[{"id":23813,"href":"https:\/\/akdenizhaber.com.tr\/index.php\/wp-json\/wp\/v2\/posts\/23811\/revisions\/23813"}],"wp:featuredmedia":[{"embeddable":true,"href":"https:\/\/akdenizhaber.com.tr\/index.php\/wp-json\/wp\/v2\/media\/23812"}],"wp:attachment":[{"href":"https:\/\/akdenizhaber.com.tr\/index.php\/wp-json\/wp\/v2\/media?parent=23811"}],"wp:term":[{"taxonomy":"category","embeddable":true,"href":"https:\/\/akdenizhaber.com.tr\/index.php\/wp-json\/wp\/v2\/categories?post=23811"},{"taxonomy":"post_tag","embeddable":true,"href":"https:\/\/akdenizhaber.com.tr\/index.php\/wp-json\/wp\/v2\/tags?post=23811"}],"curies":[{"name":"wp","href":"https:\/\/api.w.org\/{rel}","templated":true}]}}