{"id":23798,"date":"2024-05-13T14:12:38","date_gmt":"2024-05-13T11:12:38","guid":{"rendered":"https:\/\/akdenizhaber.com.tr\/?p=23798"},"modified":"2024-05-13T14:12:38","modified_gmt":"2024-05-13T11:12:38","slug":"kirkpinarin-efsane-bas-cazgiri-sukru-kayabas-cazgirligi-birakti","status":"publish","type":"post","link":"https:\/\/akdenizhaber.com.tr\/index.php\/2024\/05\/13\/kirkpinarin-efsane-bas-cazgiri-sukru-kayabas-cazgirligi-birakti\/","title":{"rendered":"K\u0131rkp\u0131nar&#8217;\u0131n efsane Ba\u015f cazg\u0131r\u0131 \u015e\u00fckr\u00fc Kayaba\u015f cazg\u0131rl\u0131\u011f\u0131 b\u0131rakt\u0131"},"content":{"rendered":"\n<p>81 ya\u015f\u0131nda olan ve bunun 42 y\u0131l\u0131n\u0131 ba\u015fcazg\u0131r olarak yapt\u0131\u011f\u0131 61 y\u0131l cazg\u0131rl\u0131k yapan ya\u011fl\u0131 g\u00fcre\u015flerin efsane ismi Ba\u015f cazg\u0131r \u015e\u00fckr\u00fc Kayaba\u015f cazg\u0131rl\u0131\u011f\u0131 b\u0131rakt\u0131\u011f\u0131n\u0131 a\u00e7\u0131klad\u0131. Ba\u015fcazg\u0131r \u015e\u00fckr\u00fc Kayaba\u015f bundan sonra ya\u011fl\u0131 g\u00fcre\u015flere kat\u0131larak yeni ku\u015fak cazg\u0131rlar\u0131n g\u00fcre\u015f\u00e7i takdimini er meydanlar\u0131nda dinleyece\u011fini bildirdi. Ba\u015fcazg\u0131r \u015e\u00fckr\u00fc Kayaba\u015f 2020 y\u0131l\u0131nda Corona salg\u0131n\u0131 Covid 19&#8217;a yenik d\u00fc\u015fen&nbsp; K\u0131rkp\u0131nar Ba\u015f Cazg\u0131r\u0131 Mehmet Tura(Pele Mehmet&#8217;ten&nbsp; \u00f6nce bilinen&nbsp; 81 ya\u015f\u0131ndaki ye\u015fil \u00e7ay\u0131rlar\u0131n efsane Ba\u015f Cazg\u0131r\u0131 \u015e\u00fckr\u00fc Kayaba\u015f ta ba\u015fcazg\u0131r\u0131l\u0131\u011f\u0131 b\u0131rakt\u0131\u011f\u0131n\u0131 bildirdi. 60 y\u0131ld\u0131r ata sporu ya\u011fl\u0131 g\u00fcre\u015flerin&nbsp; dual\u0131 ye\u015fil \u00e7ay\u0131rlarda cazg\u0131rl\u0131\u011f\u0131n\u0131 yapan 81 ya\u015f\u0131ndaki \u015e\u00fckr\u00fc Kayaba\u015f, 60 y\u0131l i\u00e7inde K\u0131rkp\u0131nar&#8217;da alt\u0131n kemerin ebedi sahibi olan ba\u015f pehlivanlar\u0131 takdim eden cazg\u0131r olarak biliniyor.<\/p>\n\n\n\n<p>Ba\u015fcazg\u0131r \u015e\u00fckr\u00fc Kayaba\u015f,&nbsp; ba\u015fpehlivanlardan alt\u0131n kemerin ebedi sahipleri&nbsp; olan 1966, 1967, 1968 y\u0131llar\u0131nda rahmetli Ordulu Mustafa&#8217;y\u0131; yine rahmetli olan 1976, 1977, 1978 y\u0131llar\u0131nda Karam\u00fcrselli Ayd\u0131n Demir\u2019i; 1982, 1983, 1984 y\u0131llar\u0131nda Denizlili H\u00fcseyin \u00c7okal&#8217;\u0131 ve 1990 y\u0131l\u0131ndan ba\u015flayarak 1999 y\u0131l\u0131na kadar aral\u0131ks\u0131z Ahmet Ta\u015f\u00e7\u0131&#8217;y\u0131 (iki defa alt\u0131n kemerin ebedi sahibi ) kendisinin K\u0131rkp\u0131nar&#8217;da ba\u015fcazg\u0131r olarak takdim etti\u011fini s\u00f6yl\u00fcyor ve bu benim 60 y\u0131ll\u0131k cazg\u0131rl\u0131k hayat\u0131n\u0131n en b\u00fcy\u00fck onur ve gururu oldu\u011funu ifade etti.<\/p>\n\n\n\n<p>SON 24 YILDIR H\u0130\u00c7 B\u0130R BA\u015ePEHL\u0130VAN KIRKPINAR&#8217;DA ALTIN KEMER\u0130N EBED\u0130 SAH\u0130B\u0130 OLAMADI<\/p>\n\n\n\n<p>K\u0131rkp\u0131nar&#8217;da&nbsp; lk alt\u0131n kemer verme gelene\u011finin resmi olarak 1960 y\u0131l\u0131nda&nbsp; ba\u015flad\u0131\u011f\u0131n\u0131n alt\u0131n\u0131 \u00e7izen Ba\u015fcazg\u0131r \u015e\u00fckr\u00fc Kayaba\u015f,&#8221; K\u0131rkp\u0131nar Da ilk alt\u0131n kemeri alan ba\u015fpehlivan 1960 y\u0131l\u0131nda Re\u015fit Karabacak oldu.Ordulu Mustafa, Karam\u00fcrselli Ayd\u0131n Demir, Denizlili H\u00fcseyin \u00c7okal ve en son Karam\u00fcrselli Ahmet Ta\u015f\u00e7\u0131 &#8216;dan&nbsp; sonra&nbsp; alt\u0131n kemeri ebedi sahibi \u00e7\u0131kmad\u0131 K\u0131rkp\u0131nar&#8217;da alt\u0131n kemerin. 2000 y\u0131l\u0131ndan yani 24 y\u0131ld\u0131r K\u0131rkp\u0131nar alt\u0131n kemerin ebedi sahibi olacak olan ba\u015fpehlivan\u0131 ar\u0131yor. Benim i\u00e7in 60 y\u0131ll\u0131k cazg\u0131rlar\u0131n 42 y\u0131l\u0131n\u0131 ba\u015fcazg\u0131r olarak er meydan\u0131 dual\u0131 \u00e7ay\u0131rlada olmam &#8216;dedi.<\/p>\n\n\n\n<p>Bundan sonra g\u00fcre\u015flerde ba\u015fcazg\u0131r olarak de\u011fil de yeni ku\u015fak cazg\u0131rlar\u0131n sesini duyarak ge\u00e7irece\u011fini ifade eden \u015e\u00fckr\u00fc Kayaba\u015f, 4 y\u0131l \u00f6nce kaybettikleri ba\u015f cazg\u0131r arkada\u015f\u0131 Pele Mehmet lakapl\u0131 Mehmet Tura&#8217;ya Allah&#8217;tan rahmet dileyerek rahmetle and\u0131\u011f\u0131n\u0131 s\u00f6zlerine ekledi.<\/p>\n\n\n\n<p>Abdurrahman B\u00fcy\u00fckkeskin \/ Haber<\/p>\n","protected":false},"excerpt":{"rendered":"<p>81 ya\u015f\u0131nda olan ve bunun 42 y\u0131l\u0131n\u0131 ba\u015fcazg\u0131r olarak yapt\u0131\u011f\u0131 61 y\u0131l cazg\u0131rl\u0131k yapan ya\u011fl\u0131 g\u00fcre\u015flerin efsane ismi Ba\u015f cazg\u0131r \u015e\u00fckr\u00fc Kayaba\u015f cazg\u0131rl\u0131\u011f\u0131 b\u0131rakt\u0131\u011f\u0131n\u0131 a\u00e7\u0131klad\u0131. <a href=\"https:\/\/akdenizhaber.com.tr\/index.php\/2024\/05\/13\/kirkpinarin-efsane-bas-cazgiri-sukru-kayabas-cazgirligi-birakti\/\" class=\"read-more-link\">[more&#8230;]<\/a><\/p>\n","protected":false},"author":2,"featured_media":23795,"comment_status":"open","ping_status":"open","sticky":false,"template":"","format":"standard","meta":{"footnotes":""},"categories":[2],"tags":[],"class_list":["post-23798","post","type-post","status-publish","format-standard","has-post-thumbnail","hentry","category-gundem"],"_links":{"self":[{"href":"https:\/\/akdenizhaber.com.tr\/index.php\/wp-json\/wp\/v2\/posts\/23798","targetHints":{"allow":["GET"]}}],"collection":[{"href":"https:\/\/akdenizhaber.com.tr\/index.php\/wp-json\/wp\/v2\/posts"}],"about":[{"href":"https:\/\/akdenizhaber.com.tr\/index.php\/wp-json\/wp\/v2\/types\/post"}],"author":[{"embeddable":true,"href":"https:\/\/akdenizhaber.com.tr\/index.php\/wp-json\/wp\/v2\/users\/2"}],"replies":[{"embeddable":true,"href":"https:\/\/akdenizhaber.com.tr\/index.php\/wp-json\/wp\/v2\/comments?post=23798"}],"version-history":[{"count":1,"href":"https:\/\/akdenizhaber.com.tr\/index.php\/wp-json\/wp\/v2\/posts\/23798\/revisions"}],"predecessor-version":[{"id":23799,"href":"https:\/\/akdenizhaber.com.tr\/index.php\/wp-json\/wp\/v2\/posts\/23798\/revisions\/23799"}],"wp:featuredmedia":[{"embeddable":true,"href":"https:\/\/akdenizhaber.com.tr\/index.php\/wp-json\/wp\/v2\/media\/23795"}],"wp:attachment":[{"href":"https:\/\/akdenizhaber.com.tr\/index.php\/wp-json\/wp\/v2\/media?parent=23798"}],"wp:term":[{"taxonomy":"category","embeddable":true,"href":"https:\/\/akdenizhaber.com.tr\/index.php\/wp-json\/wp\/v2\/categories?post=23798"},{"taxonomy":"post_tag","embeddable":true,"href":"https:\/\/akdenizhaber.com.tr\/index.php\/wp-json\/wp\/v2\/tags?post=23798"}],"curies":[{"name":"wp","href":"https:\/\/api.w.org\/{rel}","templated":true}]}}