{"id":23770,"date":"2024-05-13T13:54:10","date_gmt":"2024-05-13T10:54:10","guid":{"rendered":"https:\/\/akdenizhaber.com.tr\/?p=23770"},"modified":"2024-05-13T13:56:22","modified_gmt":"2024-05-13T10:56:22","slug":"antalya-protokolune-anneler-gunu-icin-menemen-yarismasi-duzenlendi","status":"publish","type":"post","link":"https:\/\/akdenizhaber.com.tr\/index.php\/2024\/05\/13\/antalya-protokolune-anneler-gunu-icin-menemen-yarismasi-duzenlendi\/","title":{"rendered":"Antalya Protokol\u00fc\u2019ne Anneler G\u00fcn\u00fc i\u00e7in Menemen Yar\u0131\u015fmas\u0131 d\u00fczenlendi"},"content":{"rendered":"\n<p>Akdeniz \u00dcniversitesi Gastronomi Toplulu\u011fu Anneler g\u00fcn\u00fc dolay\u0131s\u0131yla \u2018Annelerin ve Anneli\u011fin De\u011ferini Bilmek\u2019 temal\u0131 mini bir yemek yar\u0131\u015fmas\u0131 d\u00fczenledi. Antalya Valisi Hulusi \u015eahin\u2019in yar\u0131\u015fmac\u0131, E\u015fi Ebru \u015eahin\u2019in de j\u00fcri olarak kat\u0131ld\u0131\u011f\u0131 yar\u0131\u015fmada renkli g\u00f6r\u00fcnt\u00fcler ortaya \u00e7\u0131kt\u0131.<\/p>\n\n\n\n<p>Akdeniz \u00dcniversitesi Gastronomi Toplulu\u011fu\u2019nun anneler g\u00fcn\u00fcne \u00f6zel ger\u00e7ekle\u015ftirdi\u011fi etkinlikte Gastronomi Toplulu\u011fu yemekhanesinde ger\u00e7ekle\u015ftirilen menemen yapma yar\u0131\u015fmas\u0131na, Antalya Valisi Hulusi \u015eahin, Vali Yard\u0131mc\u0131s\u0131 Yal\u00e7\u0131n Sezgin, Antalya Gen\u00e7lik ve Spor \u0130l M\u00fcd\u00fcr\u00fc Yavuz G\u00fcrhan, Aile ve Sosyal Hizmetler \u0130l M\u00fcd\u00fcr\u00fc Galip S\u00f6kmen, Antalya \u0130l Milli E\u011fitim M\u00fcd\u00fcr\u00fc Salih Kaygusuz, Akdeniz \u00dcniversitesi Rekt\u00f6r Yard\u0131mc\u0131s\u0131 Prof. Dr. \u015e\u00fckr\u00fc \u00d6zen yar\u0131\u015fmac\u0131 olarak kat\u0131l\u0131rken yar\u0131\u015fmac\u0131lar\u0131n e\u015fleri de j\u00fcri heyetinde yer ald\u0131. Yar\u0131\u015fmaya Akdeniz \u00dcniversitesi Rekt\u00f6r Yard\u0131mc\u0131s\u0131 Prof. Dr. Ay\u015fe G\u00fclbin Ar\u0131c\u0131, Antalya Jandarma Komutan\u0131 Tu\u011fgeneral Tar\u0131k Hekimo\u011flu ve Antalya \u0130l Emniyet M\u00fcd\u00fcr\u00fc Orhan \u00c7evik de izleyici olarak kat\u0131ld\u0131.<\/p>\n\n\n\n<p>Gastronomi Toplulu\u011fu yemekhanesinde ger\u00e7ekle\u015ftirilen etkinlikte \u00f6ncelikle yar\u0131\u015fmac\u0131lara e\u015fit \u015fekilde menemen yapma malzemeleri da\u011f\u0131t\u0131ld\u0131. Akdeniz \u00dcniversitesi Turizm Fak\u00fcltesi Gastronomi ve Mutfak Sanatlar\u0131 B\u00f6l\u00fcm Ba\u015fkan\u0131 Do\u00e7. Dr. Adem Arman\u2019\u0131n Hakemli\u011finde yar\u0131\u015fmac\u0131lar kendi tarz ve usullerine g\u00f6re menemenlerini yapt\u0131lar. Sonras\u0131nda yar\u0131\u015fmac\u0131lar\u0131n e\u015flerinden olu\u015fan j\u00fcri heyeti her sahandaki menemene ayr\u0131 ayr\u0131 puan vererek yar\u0131\u015fman\u0131n birincisini belirledi.<\/p>\n\n\n\n<p><strong>YARI\u015eMACILARA KULLANDIKLARI BI\u00c7AKLAR J\u00dcR\u0130YE G\u00dcL TAKD\u0130M ED\u0130LD\u0130<\/strong><\/p>\n\n\n\n<p>J\u00fcri heyetinin puan verirken olduk\u00e7a zorland\u0131\u011f\u0131 menemen yapma yar\u0131\u015fmas\u0131n\u0131n birincisi Aile ve Sosyal Hizmetler \u0130l M\u00fcd\u00fcr\u00fc Galip S\u00f6kmen olurken Antalya Valisi Hulusi \u015eahin ikinci, Antalya Gen\u00e7lik ve Spor \u0130l M\u00fcd\u00fcr\u00fc Yavuz G\u00fcrhan ise \u00fc\u00e7\u00fcnc\u00fc oldu.Yar\u0131\u015fma sonunda Akdeniz \u00dcniversitesi Rekt\u00f6r Yard\u0131mc\u0131s\u0131 Prof. Dr. \u015e\u00fckr\u00fc \u00d6zentaraf\u0131ndan yar\u0131\u015fmac\u0131lar\u0131n yemek yaparken sebzeleri do\u011frad\u0131klar\u0131 b\u0131\u00e7aklar yar\u0131\u015fmac\u0131lara hediye edilirken Gastronomi Toplulu\u011fu \u00d6\u011frencileri taraf\u0131ndan da j\u00fcri heyetine g\u00fcl takdim edildi.<\/p>\n\n\n\n<p><strong>ANNELER G\u00dcN\u00dc\u2019N\u00dc KUTLUYORUM<\/strong><\/p>\n\n\n\n<p>Etkinlikte konu\u015fan Antalya Valisi Hulusi \u015eahin, \u201cBug\u00fcn \u00e7o\u011fu zaman basit olarak g\u00f6rd\u00fc\u011f\u00fcm\u00fcz i\u015flerin bile arkas\u0131nda nas\u0131l bir eme\u011fin oldu\u011funu g\u00f6rme f\u0131rsat\u0131 yakalad\u0131k. Bize bu g\u00fczel ve keyifli g\u00fcn\u00fc ya\u015fatan Akdeniz \u00fcniversitesine y\u00fcrekten te\u015fekk\u00fcr ediyorum. T\u00fcm annelerin ve anne adaylar\u0131n\u0131n Anneler G\u00fcn\u00fc\u2019n\u00fc kutluyorum.\u201d diye konu\u015ftu.<\/p>\n\n\n\n<p><strong>FARKINDALIK OLU\u015eTURAN B\u0130R ETK\u0130NL\u0130K OLDU<\/strong><\/p>\n\n\n\n<p>Akdeniz \u00dcniversitesi Rekt\u00f6r Yard\u0131mc\u0131s\u0131 Prof. Dr. \u015e\u00fckr\u00fc \u00d6zen, \u201c\u00c7ok g\u00fczel, fark\u0131ndal\u0131k olu\u015fturan bir etkinlik oldu. G\u00fclerek s\u00f6ylemeliyim ki, yemek yapmak yemekten daha zormu\u015f. Ama en zorunun da yapt\u0131\u011f\u0131n\u0131z yemekleri birilerinin be\u011fenisine sunmak oldu\u011funu anlad\u0131k bu vesileyle. Annelerimiz, e\u015flerimiz bunu her g\u00fcn yap\u0131yor ve ya\u015f\u0131yorlar. Onun i\u00e7in bizim i\u00e7in haz\u0131rlanan yeme\u011fin ve o yeme\u011fe verilen eme\u011fin k\u0131ymetini iyi bilelim. Yemekten sonra onu haz\u0131rlayan g\u00fczel insanlara ellerine sa\u011fl\u0131k demeyi ihmal etmeyelim.&nbsp; Gastronomi Toplulu\u011fu\u2019muza bizlere bu g\u00fczel g\u00fcn\u00fc ve fark\u0131ndal\u0131\u011f\u0131 ya\u015fatt\u0131\u011f\u0131 i\u00e7in \u00e7ok te\u015fekk\u00fcr ederiz.\u201d&nbsp; ifadelerini kulland\u0131.<\/p>\n\n\n\n<p><strong>NE MUTLU B\u0130ZE<\/strong><\/p>\n\n\n\n<p>Etkinlikte sonunda Akdeniz \u00dcniversitesi Turizm Fak\u00fcltesi Gastronomi ve Mutfak Sanatlar\u0131 B\u00f6l\u00fcm Ba\u015fkan\u0131 Do\u00e7. Dr. Adem Arman&nbsp; \u201cElinin de\u011fdi\u011fi her \u015feyde s\u0131n\u0131rs\u0131z sevgisi, ho\u015fg\u00f6r\u00fcs\u00fc, fedakarl\u0131\u011f\u0131, \u00fcretkenli\u011fi ve yeti\u015ftirdi\u011fi evlatlar\u0131yla gelece\u011fimizi \u015fekillendiren annelerimizin k\u0131ymetini bir kez daha&nbsp;hat\u0131rlatabildiysek ne mutlu bize. Bizleri k\u0131rmay\u0131p davetimize icabet eden ba\u015fta Antalya Valimiz Say\u0131n Hulusi \u015eahin ve K\u0131ymetli E\u015fleri Ebru \u015eahin Han\u0131mefendi olmak \u00fczere t\u00fcm protokole, misafir ve davetlilerimize \u015f\u00fckranlar\u0131m\u0131z\u0131 sunuyorum.\u201d diye konu\u015ftu.<\/p>\n\n\n\n<p>Akdeniz \u00dcniversitesi Rekt\u00f6rl\u00fc\u011f\u00fc \/ B\u00fclten<\/p>\n","protected":false},"excerpt":{"rendered":"<p>Akdeniz \u00dcniversitesi Gastronomi Toplulu\u011fu Anneler g\u00fcn\u00fc dolay\u0131s\u0131yla \u2018Annelerin ve Anneli\u011fin De\u011ferini Bilmek\u2019 temal\u0131 mini bir yemek yar\u0131\u015fmas\u0131 d\u00fczenledi. Antalya Valisi Hulusi \u015eahin\u2019in yar\u0131\u015fmac\u0131, E\u015fi Ebru <a href=\"https:\/\/akdenizhaber.com.tr\/index.php\/2024\/05\/13\/antalya-protokolune-anneler-gunu-icin-menemen-yarismasi-duzenlendi\/\" class=\"read-more-link\">[more&#8230;]<\/a><\/p>\n","protected":false},"author":2,"featured_media":23771,"comment_status":"open","ping_status":"open","sticky":false,"template":"","format":"standard","meta":{"footnotes":""},"categories":[2],"tags":[],"class_list":["post-23770","post","type-post","status-publish","format-standard","has-post-thumbnail","hentry","category-gundem"],"_links":{"self":[{"href":"https:\/\/akdenizhaber.com.tr\/index.php\/wp-json\/wp\/v2\/posts\/23770","targetHints":{"allow":["GET"]}}],"collection":[{"href":"https:\/\/akdenizhaber.com.tr\/index.php\/wp-json\/wp\/v2\/posts"}],"about":[{"href":"https:\/\/akdenizhaber.com.tr\/index.php\/wp-json\/wp\/v2\/types\/post"}],"author":[{"embeddable":true,"href":"https:\/\/akdenizhaber.com.tr\/index.php\/wp-json\/wp\/v2\/users\/2"}],"replies":[{"embeddable":true,"href":"https:\/\/akdenizhaber.com.tr\/index.php\/wp-json\/wp\/v2\/comments?post=23770"}],"version-history":[{"count":1,"href":"https:\/\/akdenizhaber.com.tr\/index.php\/wp-json\/wp\/v2\/posts\/23770\/revisions"}],"predecessor-version":[{"id":23772,"href":"https:\/\/akdenizhaber.com.tr\/index.php\/wp-json\/wp\/v2\/posts\/23770\/revisions\/23772"}],"wp:featuredmedia":[{"embeddable":true,"href":"https:\/\/akdenizhaber.com.tr\/index.php\/wp-json\/wp\/v2\/media\/23771"}],"wp:attachment":[{"href":"https:\/\/akdenizhaber.com.tr\/index.php\/wp-json\/wp\/v2\/media?parent=23770"}],"wp:term":[{"taxonomy":"category","embeddable":true,"href":"https:\/\/akdenizhaber.com.tr\/index.php\/wp-json\/wp\/v2\/categories?post=23770"},{"taxonomy":"post_tag","embeddable":true,"href":"https:\/\/akdenizhaber.com.tr\/index.php\/wp-json\/wp\/v2\/tags?post=23770"}],"curies":[{"name":"wp","href":"https:\/\/api.w.org\/{rel}","templated":true}]}}