{"id":23767,"date":"2024-05-11T13:47:13","date_gmt":"2024-05-11T10:47:13","guid":{"rendered":"https:\/\/akdenizhaber.com.tr\/?p=23767"},"modified":"2024-05-11T13:47:14","modified_gmt":"2024-05-11T10:47:14","slug":"devlet-hastanesibebek-dostuunvanini-korudu","status":"publish","type":"post","link":"https:\/\/akdenizhaber.com.tr\/index.php\/2024\/05\/11\/devlet-hastanesibebek-dostuunvanini-korudu\/","title":{"rendered":"Devlet Hastanesi\u201cBebek Dostu\u201dUnvan\u0131n\u0131 Korudu"},"content":{"rendered":"\n<p>Manavgat Devlet Hastanesi, 2018 y\u0131l\u0131nda unvan almaya hak kazand\u0131\u011f\u0131 Sa\u011fl\u0131k Bakanl\u0131\u011f\u0131 ve UNICEF i\u015fbirli\u011fi ile y\u00fcr\u00fct\u00fclen \u201cAnne S\u00fct\u00fcn\u00fcn Te\u015fviki ve Bebek Dostu Sa\u011fl\u0131k Kurulu\u015flar\u0131\u201d \u201cBebek Dostu Hastane\u201d unvan\u0131n\u0131 2024 y\u0131l\u0131nda da korudu.<\/p>\n\n\n\n<p>Proje kapsam\u0131nda Manavgat Devlet Hastanesi taraf\u0131ndan haz\u0131rlanan emzirme politikas\u0131yla, hastaneye ba\u015fvuran gebe ve annelere politika do\u011frultusunda bilin\u00e7li bir emzirme d\u00f6nemi ge\u00e7irmeleri sa\u011flan\u0131yor. Hastaneye ba\u015fvuran gebe ve annelere t\u0131bbi bir zorunluluk olmad\u0131\u011f\u0131 s\u00fcrece bebeklerine ilk 6 ay sadece anne s\u00fct\u00fc, devam\u0131nda uygun tamamlay\u0131c\u0131larla 2 ya\u015f \u00f6tesine kadar emzirmenin \u00f6nemi vurgulan\u0131yor.<\/p>\n\n\n\n<p>2024 y\u0131l\u0131 May\u0131s ay\u0131 i\u00e7erisinde Sa\u011fl\u0131k Bakanl\u0131\u011f\u0131 taraf\u0131ndan ger\u00e7ekle\u015ftirilen \u2018\u2018Bebek Dostu Hastane\u2019\u2019 denetimleri sonucunda Manavgat Devlet Hastanesi 2018\u2019de ald\u0131\u011f\u0131 unvan\u0131n\u0131 korudu.<\/p>\n\n\n\n<p>Hastane Ba\u015fhekimi Opr. Dr. Mehmet DEN\u0130Z, \u201cBebek Dostu Hastane unvan\u0131n\u0131 ald\u0131\u011f\u0131m\u0131z ilk g\u00fcnden itibaren kurum olarak annelerimizin ve bebeklerimizin, fiziksel ve ruhsal sa\u011fl\u0131klar\u0131n\u0131 g\u00fc\u00e7l\u00fc temeller \u00fczerine in\u015fa etmek ad\u0131na sorumluluklar\u0131m\u0131z\u0131n bilincinde olarak gereken hizmetleri s\u00fcrd\u00fcrmeye devam ediyoruz\u201d dedi.<\/p>\n\n\n\n<p>B\u00fc\u015fra Deveci \/ Haber<\/p>\n","protected":false},"excerpt":{"rendered":"<p>Manavgat Devlet Hastanesi, 2018 y\u0131l\u0131nda unvan almaya hak kazand\u0131\u011f\u0131 Sa\u011fl\u0131k Bakanl\u0131\u011f\u0131 ve UNICEF i\u015fbirli\u011fi ile y\u00fcr\u00fct\u00fclen \u201cAnne S\u00fct\u00fcn\u00fcn Te\u015fviki ve Bebek Dostu Sa\u011fl\u0131k Kurulu\u015flar\u0131\u201d \u201cBebek <a href=\"https:\/\/akdenizhaber.com.tr\/index.php\/2024\/05\/11\/devlet-hastanesibebek-dostuunvanini-korudu\/\" class=\"read-more-link\">[more&#8230;]<\/a><\/p>\n","protected":false},"author":2,"featured_media":23768,"comment_status":"open","ping_status":"open","sticky":false,"template":"","format":"standard","meta":{"footnotes":""},"categories":[2],"tags":[],"class_list":["post-23767","post","type-post","status-publish","format-standard","has-post-thumbnail","hentry","category-gundem"],"_links":{"self":[{"href":"https:\/\/akdenizhaber.com.tr\/index.php\/wp-json\/wp\/v2\/posts\/23767","targetHints":{"allow":["GET"]}}],"collection":[{"href":"https:\/\/akdenizhaber.com.tr\/index.php\/wp-json\/wp\/v2\/posts"}],"about":[{"href":"https:\/\/akdenizhaber.com.tr\/index.php\/wp-json\/wp\/v2\/types\/post"}],"author":[{"embeddable":true,"href":"https:\/\/akdenizhaber.com.tr\/index.php\/wp-json\/wp\/v2\/users\/2"}],"replies":[{"embeddable":true,"href":"https:\/\/akdenizhaber.com.tr\/index.php\/wp-json\/wp\/v2\/comments?post=23767"}],"version-history":[{"count":1,"href":"https:\/\/akdenizhaber.com.tr\/index.php\/wp-json\/wp\/v2\/posts\/23767\/revisions"}],"predecessor-version":[{"id":23769,"href":"https:\/\/akdenizhaber.com.tr\/index.php\/wp-json\/wp\/v2\/posts\/23767\/revisions\/23769"}],"wp:featuredmedia":[{"embeddable":true,"href":"https:\/\/akdenizhaber.com.tr\/index.php\/wp-json\/wp\/v2\/media\/23768"}],"wp:attachment":[{"href":"https:\/\/akdenizhaber.com.tr\/index.php\/wp-json\/wp\/v2\/media?parent=23767"}],"wp:term":[{"taxonomy":"category","embeddable":true,"href":"https:\/\/akdenizhaber.com.tr\/index.php\/wp-json\/wp\/v2\/categories?post=23767"},{"taxonomy":"post_tag","embeddable":true,"href":"https:\/\/akdenizhaber.com.tr\/index.php\/wp-json\/wp\/v2\/tags?post=23767"}],"curies":[{"name":"wp","href":"https:\/\/api.w.org\/{rel}","templated":true}]}}