{"id":23765,"date":"2024-05-11T13:46:40","date_gmt":"2024-05-11T10:46:40","guid":{"rendered":"https:\/\/akdenizhaber.com.tr\/?p=23765"},"modified":"2024-05-11T13:46:41","modified_gmt":"2024-05-11T10:46:41","slug":"renkler","status":"publish","type":"post","link":"https:\/\/akdenizhaber.com.tr\/index.php\/2024\/05\/11\/renkler\/","title":{"rendered":"RENKLER"},"content":{"rendered":"\n<p>G\u00fcnayd\u0131n g\u00fczel insanlar\u2026<br>Renkler, ya\u015fam\u0131m\u0131z\u0131n her alan\u0131nda bize e\u015flik eden g\u00fc\u00e7l\u00fc bir ifade arac\u0131d\u0131r. G\u00fcn\u00fcn her an\u0131nda herhangi bir mekanda veya herhangi bir k\u0131yafette renklerin se\u00e7imi duygular\u0131m\u0131z\u0131 etkiler, alg\u0131lar\u0131m\u0131z\u0131 y\u00f6nlendirir ve hatta davran\u0131\u015flar\u0131m\u0131z\u0131 belirler. Renklerin bu g\u00fc\u00e7l\u00fc etkisi \u00fczerinde y\u00fczy\u0131llard\u0131r sanat, tasar\u0131m, ileti\u015fim ve psikoloji alanlar\u0131nda incelemeler yap\u0131lm\u0131\u015ft\u0131r. \u00d6rne\u011fin k\u0131rm\u0131z\u0131 rengi tutku, enerji ve hareketlilik ile ili\u015fkilendirilir. Ayn\u0131 zamanda dikkat \u00e7ekici ve g\u00fc\u00e7l\u00fc bir etkiye sahiptir.Mavi ise huzur, sakinlik ve g\u00fcven duygular\u0131n\u0131 \u00e7a\u011fr\u0131\u015ft\u0131r\u0131r. Dinginlik ve sadelik hissi verir. Ye\u015fil, do\u011fa ile ili\u015fkilendirilir ve tazelenme, b\u00fcy\u00fcme ve denge duygular\u0131n\u0131 yans\u0131t\u0131r. Sar\u0131 ne\u015fe, enerji ve iyimserlik ile ba\u011fda\u015ft\u0131r\u0131l\u0131rken beyaz ise safl\u0131\u011f\u0131 simgeler. Siyah gizem, g\u00fc\u00e7 ile ili\u015fkilendirilir. Zerafet ve g\u00fc\u00e7l\u00fc bir ifade arac\u0131d\u0131r. Renklerin kullan\u0131m\u0131, tasar\u0131m, pazarlama, ileti\u015fim ve psikoloji gibi \u00e7e\u015fitli alanlarda b\u00fcy\u00fck bir rol oynar. \u00d6rne\u011fin, bir \u015firketin logosundaki renk se\u00e7imi, markan\u0131n kimli\u011fini ve m\u00fc\u015fterilere iletmek istedi\u011fi mesaj\u0131 belirler. Ayn\u0131 \u015fekilde ev dekorasyonunda kullan\u0131lan renkler, bir odan\u0131n atmosferini ve hissini de\u011fi\u015ftirebilir. Renklerin etkili kullan\u0131m\u0131, ileti\u015fimde g\u00fc\u00e7l\u00fc bir ara\u00e7 olu\u015fturur. Renklerin anlamlar\u0131 k\u00fclt\u00fcrel ve ki\u015fisel olarak de\u011fi\u015febilir. \u00d6rne\u011fin bat\u0131 k\u00fclt\u00fcr\u00fcnde beyaz d\u00fc\u011f\u00fcnlerde safl\u0131k ve masumiyeti simgelerken, do\u011fu k\u00fclt\u00fcr\u00fcnde yas ve yoksunlu\u011fu ifade edebilir. Ayr\u0131ca ki\u015fisel tercihler ve deneyimler renklerin alg\u0131lanmas\u0131n\u0131 etkiler. Renkler, ya\u015fam\u0131m\u0131z\u0131n renklendiren ve zenginle\u015ftiren \u00f6nemli bir par\u00e7as\u0131d\u0131r. Duygular\u0131m\u0131z\u0131 etkiler, alg\u0131lar\u0131m\u0131z\u0131 \u015fekillendirir ve ileti\u015fimde g\u00fc\u00e7l\u00fc bir ara\u00e7 olarak kullan\u0131l\u0131r.<\/p>\n\n\n\n<p>ESRA \u0130\u00c7G\u00d6Z<\/p>\n","protected":false},"excerpt":{"rendered":"<p>G\u00fcnayd\u0131n g\u00fczel insanlar\u2026Renkler, ya\u015fam\u0131m\u0131z\u0131n her alan\u0131nda bize e\u015flik eden g\u00fc\u00e7l\u00fc bir ifade arac\u0131d\u0131r. G\u00fcn\u00fcn her an\u0131nda herhangi bir mekanda veya herhangi bir k\u0131yafette renklerin se\u00e7imi <a href=\"https:\/\/akdenizhaber.com.tr\/index.php\/2024\/05\/11\/renkler\/\" class=\"read-more-link\">[more&#8230;]<\/a><\/p>\n","protected":false},"author":2,"featured_media":23397,"comment_status":"open","ping_status":"open","sticky":false,"template":"","format":"standard","meta":{"footnotes":""},"categories":[2],"tags":[],"class_list":["post-23765","post","type-post","status-publish","format-standard","has-post-thumbnail","hentry","category-gundem"],"_links":{"self":[{"href":"https:\/\/akdenizhaber.com.tr\/index.php\/wp-json\/wp\/v2\/posts\/23765","targetHints":{"allow":["GET"]}}],"collection":[{"href":"https:\/\/akdenizhaber.com.tr\/index.php\/wp-json\/wp\/v2\/posts"}],"about":[{"href":"https:\/\/akdenizhaber.com.tr\/index.php\/wp-json\/wp\/v2\/types\/post"}],"author":[{"embeddable":true,"href":"https:\/\/akdenizhaber.com.tr\/index.php\/wp-json\/wp\/v2\/users\/2"}],"replies":[{"embeddable":true,"href":"https:\/\/akdenizhaber.com.tr\/index.php\/wp-json\/wp\/v2\/comments?post=23765"}],"version-history":[{"count":1,"href":"https:\/\/akdenizhaber.com.tr\/index.php\/wp-json\/wp\/v2\/posts\/23765\/revisions"}],"predecessor-version":[{"id":23766,"href":"https:\/\/akdenizhaber.com.tr\/index.php\/wp-json\/wp\/v2\/posts\/23765\/revisions\/23766"}],"wp:featuredmedia":[{"embeddable":true,"href":"https:\/\/akdenizhaber.com.tr\/index.php\/wp-json\/wp\/v2\/media\/23397"}],"wp:attachment":[{"href":"https:\/\/akdenizhaber.com.tr\/index.php\/wp-json\/wp\/v2\/media?parent=23765"}],"wp:term":[{"taxonomy":"category","embeddable":true,"href":"https:\/\/akdenizhaber.com.tr\/index.php\/wp-json\/wp\/v2\/categories?post=23765"},{"taxonomy":"post_tag","embeddable":true,"href":"https:\/\/akdenizhaber.com.tr\/index.php\/wp-json\/wp\/v2\/tags?post=23765"}],"curies":[{"name":"wp","href":"https:\/\/api.w.org\/{rel}","templated":true}]}}