{"id":23709,"date":"2024-05-10T14:50:03","date_gmt":"2024-05-10T11:50:03","guid":{"rendered":"https:\/\/akdenizhaber.com.tr\/?p=23709"},"modified":"2024-05-10T14:50:04","modified_gmt":"2024-05-10T11:50:04","slug":"orman-yanginlariyla-mucadele-hazirlik-toplantisi-duzenlendi","status":"publish","type":"post","link":"https:\/\/akdenizhaber.com.tr\/index.php\/2024\/05\/10\/orman-yanginlariyla-mucadele-hazirlik-toplantisi-duzenlendi\/","title":{"rendered":"Orman Yang\u0131nlar\u0131yla M\u00fccadele Haz\u0131rl\u0131k Toplant\u0131s\u0131 D\u00fczenlendi"},"content":{"rendered":"\n<p><br>\u0130\u00e7i\u015fleri Bakan\u0131 Ali Yerlikaya ile Tar\u0131m ve Orman Bakan\u0131 \u0130brahim Yumakl\u0131&#8217;n\u0131n himayelerinde Tar\u0131m ve Orman Bakanl\u0131\u011f\u0131 ev sahipli\u011finde Antalya Valisi Hulusi \u015eahin ile birlikte 23 \u0130l Valisinin kat\u0131l\u0131m\u0131yla 2024 Orman Yang\u0131nlar\u0131yla M\u00fccadele Haz\u0131rl\u0131k Toplant\u0131s\u0131 ger\u00e7ekle\u015ftirildi.<\/p>\n\n\n\n<p><br>Orman yang\u0131n\u0131 olu\u015fmas\u0131 y\u00f6n\u00fcnden riskli 23 il valisinin kat\u0131l\u0131m\u0131 ile ger\u00e7ekle\u015ftirilen 2024 Orman Yang\u0131nlar\u0131yla M\u00fccadele Haz\u0131rl\u0131k Toplant\u0131s\u0131nda \u0130\u00e7i\u015fleri Bakan\u0131 Ali Yerlikaya ve Tar\u0131m ve Orman Bakan\u0131 \u0130brahim Yumakl\u0131 ortak bas\u0131n a\u00e7\u0131klamas\u0131 yapt\u0131.<\/p>\n\n\n\n<p><br>Azim, Gayret ve Seferberlik Halindeyiz<br>\u0130\u00e7i\u015fleri Bakan\u0131 Ali Yerlikaya, orman yang\u0131nlar\u0131 b\u00fcy\u00fckl\u00fcklerine g\u00f6re; \u2018\u00c7ok K\u00fc\u00e7\u00fck Yang\u0131n\u2019, \u2018K\u00fc\u00e7\u00fck Yang\u0131n\u2019, \u2018Orta B\u00fcy\u00fckl\u00fckte Yang\u0131n\u2019, \u2018B\u00fcy\u00fck ve \u00c7ok B\u00fcy\u00fck Yang\u0131n\u2019 olarak 4 seviyeye ayr\u0131ld\u0131. Belirlenen gruplara g\u00f6re de m\u00fcdahale organizasyonu tan\u0131mland\u0131, bu noktada orman yang\u0131n\u0131 hangi seviyede \u00e7\u0131karsa \u00e7\u0131ks\u0131n Tar\u0131m ve Orman Bakan\u0131m\u0131z\u0131n \u015fahs\u0131nda, onun liderli\u011finde, ayn\u0131 zamanda \u0130\u00e7i\u015fleri Bakanl\u0131\u011f\u0131, Savunma Bakanl\u0131\u011f\u0131 ve di\u011fer t\u00fcm bakanl\u0131klar, t\u00fcm kamu kurum ve kurulu\u015flar\u0131 bir seferberlik ruhuyla hareket ediyoruz. \u201d ifadelerini kulland\u0131.<\/p>\n\n\n\n<p><br>Ye\u015file Ye\u015fil Katmak \u0130\u00e7in \u00c7al\u0131\u015f\u0131yoruz<br>Tar\u0131m ve Orman Bakan\u0131 \u0130brahim Yumakl\u0131 ise konu\u015fmas\u0131nda; &nbsp;T\u00fcrkiye\u2019nin orman varl\u0131\u011f\u0131n\u0131 art\u0131rmak ve ye\u015fil vatan\u0131m\u0131z\u0131n ye\u015filine ye\u015fil katmak i\u00e7in son 22 y\u0131lda b\u00fcy\u00fck bir gayretle \u00e7al\u0131\u015fmalar\u0131m\u0131z\u0131 s\u00fcrd\u00fcr\u00fcyoruz. Bu \u00e7al\u0131\u015fmalar kapsam\u0131nda 7 milyardan fazla fidan\u0131 ve tohumu toprakla bulu\u015fturduk. Bu sayede orman alanlar\u0131m\u0131z bug\u00fcn itibariyle 23,4 milyon hektara \u00e7\u0131km\u0131\u015f durumda. Bu da \u00fclkemizin y\u00fcz\u00f6l\u00e7\u00fcm\u00fcn\u00fcn y\u00fczde 30\u2019una tekab\u00fcl ediyor.\u201d dedi.<\/p>\n\n\n\n<p><br>D\u00f6\u015femealt\u0131\u2019 nda Ba\u015far\u0131l\u0131 Tatbikat<br>Sunum esnas\u0131nda, Antalya\u2019n\u0131n D\u00f6\u015femealt\u0131 il\u00e7esinde tatbikat ama\u00e7l\u0131 kontroll\u00fc yang\u0131n \u00e7\u0131kart\u0131ld\u0131. Yang\u0131na m\u00fcdahale i\u00e7in yap\u0131lacak planlama, \u201cYang\u0131n Y\u00f6netim Merkezinden\u201d y\u00f6netildi. Yap\u0131lan planlaman\u0131n ard\u0131ndan, hava ve kara ara\u00e7lar\u0131yla yang\u0131na m\u00fcdahale edildi ve yang\u0131n ba\u015far\u0131 ile kontrol alt\u0131na al\u0131nd\u0131.<\/p>\n\n\n\n<p>Antalya Valili\u011fi\/B\u00fclten<\/p>\n","protected":false},"excerpt":{"rendered":"<p>\u0130\u00e7i\u015fleri Bakan\u0131 Ali Yerlikaya ile Tar\u0131m ve Orman Bakan\u0131 \u0130brahim Yumakl\u0131&#8217;n\u0131n himayelerinde Tar\u0131m ve Orman Bakanl\u0131\u011f\u0131 ev sahipli\u011finde Antalya Valisi Hulusi \u015eahin ile birlikte 23 <a href=\"https:\/\/akdenizhaber.com.tr\/index.php\/2024\/05\/10\/orman-yanginlariyla-mucadele-hazirlik-toplantisi-duzenlendi\/\" class=\"read-more-link\">[more&#8230;]<\/a><\/p>\n","protected":false},"author":2,"featured_media":23710,"comment_status":"open","ping_status":"open","sticky":false,"template":"","format":"standard","meta":{"footnotes":""},"categories":[2],"tags":[],"class_list":["post-23709","post","type-post","status-publish","format-standard","has-post-thumbnail","hentry","category-gundem"],"_links":{"self":[{"href":"https:\/\/akdenizhaber.com.tr\/index.php\/wp-json\/wp\/v2\/posts\/23709","targetHints":{"allow":["GET"]}}],"collection":[{"href":"https:\/\/akdenizhaber.com.tr\/index.php\/wp-json\/wp\/v2\/posts"}],"about":[{"href":"https:\/\/akdenizhaber.com.tr\/index.php\/wp-json\/wp\/v2\/types\/post"}],"author":[{"embeddable":true,"href":"https:\/\/akdenizhaber.com.tr\/index.php\/wp-json\/wp\/v2\/users\/2"}],"replies":[{"embeddable":true,"href":"https:\/\/akdenizhaber.com.tr\/index.php\/wp-json\/wp\/v2\/comments?post=23709"}],"version-history":[{"count":1,"href":"https:\/\/akdenizhaber.com.tr\/index.php\/wp-json\/wp\/v2\/posts\/23709\/revisions"}],"predecessor-version":[{"id":23711,"href":"https:\/\/akdenizhaber.com.tr\/index.php\/wp-json\/wp\/v2\/posts\/23709\/revisions\/23711"}],"wp:featuredmedia":[{"embeddable":true,"href":"https:\/\/akdenizhaber.com.tr\/index.php\/wp-json\/wp\/v2\/media\/23710"}],"wp:attachment":[{"href":"https:\/\/akdenizhaber.com.tr\/index.php\/wp-json\/wp\/v2\/media?parent=23709"}],"wp:term":[{"taxonomy":"category","embeddable":true,"href":"https:\/\/akdenizhaber.com.tr\/index.php\/wp-json\/wp\/v2\/categories?post=23709"},{"taxonomy":"post_tag","embeddable":true,"href":"https:\/\/akdenizhaber.com.tr\/index.php\/wp-json\/wp\/v2\/tags?post=23709"}],"curies":[{"name":"wp","href":"https:\/\/api.w.org\/{rel}","templated":true}]}}