{"id":23707,"date":"2024-05-10T14:49:28","date_gmt":"2024-05-10T11:49:28","guid":{"rendered":"https:\/\/akdenizhaber.com.tr\/?p=23707"},"modified":"2024-05-10T14:49:28","modified_gmt":"2024-05-10T11:49:28","slug":"cocukluk","status":"publish","type":"post","link":"https:\/\/akdenizhaber.com.tr\/index.php\/2024\/05\/10\/cocukluk\/","title":{"rendered":"\u00c7ocukluk"},"content":{"rendered":"\n<p>G\u00fcnayd\u0131n g\u00fczel insanlar\u2026<br>\u00c7ocukluk, hayat\u0131m\u0131z\u0131n temelini olu\u015fturan en kritik d\u00f6nemlerden biridir. Bu d\u00f6nemde ya\u015fad\u0131\u011f\u0131m\u0131z deneyimler ki\u015fili\u011fimizi \u015fekillendirir, ili\u015fkilerimizi belirler ve gelecekteki ba\u015far\u0131lar\u0131m\u0131z\u0131 etkiler. Ancak baz\u0131 \u00e7ocuklar, \u00e7e\u015fitli travmatik olaylarla kar\u015f\u0131la\u015fabilirler. Bu travmalar, \u00e7ocuklar\u0131n ruhsal ve duygusal sa\u011fl\u0131\u011f\u0131n\u0131 derinden etkileyebilir ve hayatlar\u0131 boyunca s\u00fcr\u00fckleyici sonu\u00e7lar do\u011furabilir. \u00c7ocukluk travmalar\u0131, \u00e7ocuklar\u0131n ya\u015famlar\u0131n\u0131n erken d\u00f6nemlerinde maruz kald\u0131klar\u0131 stresli veya zararl\u0131 olaylar\u0131 tan\u0131mlar. Bu olaylar genellikle ihmal, aile i\u00e7i \u015fiddet, ayr\u0131l\u0131k, do\u011fal afetler veya ciddi hastal\u0131klar gibi durumlar\u0131 i\u00e7erebilir. Bu travmatik deneyimler, \u00e7ocu\u011fun ya\u015f\u0131na, ki\u015fili\u011fine ve destek sistemine ba\u011fl\u0131 olarak farkl\u0131 \u015fekillerde etki g\u00f6sterebilir. \u00c7ocukluk travmalar\u0131n\u0131n etkileri, \u00e7ocu\u011fun ya\u015fad\u0131\u011f\u0131 travman\u0131n t\u00fcr\u00fcne ve yo\u011funlu\u011funa ba\u011fl\u0131 olarak de\u011fi\u015fiklik g\u00f6sterebilir. Travmatize olmu\u015f \u00e7ocuklar s\u0131k s\u0131k anksiyete, depresyon ve travma sonras\u0131 stres bozuklu\u011fu gibi duygusal sorunlar ya\u015farlar. \u00c7ocukluk travmalar\u0131 sonras\u0131nda \u00f6fke patlamalar\u0131, agresiflik, d\u00fc\u015f\u00fck \u00f6zsayg\u0131, dikkat eksikli\u011fi ve hiperaktivite gibi davran\u0131\u015fsal sorunlar ortaya \u00e7\u0131kabilir. G\u00fcven eksikli\u011fi ve ba\u011flanma sorunlar\u0131, travma sonras\u0131 ili\u015fkilerde zorluklara neden olabilir ve sa\u011fl\u0131kl\u0131 ili\u015fki kurma becerisini etkileyebilir. \u00c7ocukluk travmalar\u0131n\u0131n etkilerini azaltmak ve iyile\u015fmeyi te\u015fvik etmek i\u00e7in erken m\u00fcdahale \u00f6nemlidir. Profesyonel terapi, destek gruplar\u0131 ve aile terapisi gibi \u00e7e\u015fitli tedavi se\u00e7enekleri, travmatize olmu\u015f \u00e7ocuklar\u0131n duygusal iyiliklerini desteklemeye yard\u0131mc\u0131 olabilir. Ayr\u0131ca, sa\u011flam bir destek a\u011f\u0131na sahip olmak da iyile\u015fme s\u00fcrecinde kritik bir rol oynar.<\/p>\n\n\n\n<p>ESRA \u0130\u00c7G\u00d6Z<\/p>\n","protected":false},"excerpt":{"rendered":"<p>G\u00fcnayd\u0131n g\u00fczel insanlar\u2026\u00c7ocukluk, hayat\u0131m\u0131z\u0131n temelini olu\u015fturan en kritik d\u00f6nemlerden biridir. Bu d\u00f6nemde ya\u015fad\u0131\u011f\u0131m\u0131z deneyimler ki\u015fili\u011fimizi \u015fekillendirir, ili\u015fkilerimizi belirler ve gelecekteki ba\u015far\u0131lar\u0131m\u0131z\u0131 etkiler. Ancak baz\u0131 \u00e7ocuklar, <a href=\"https:\/\/akdenizhaber.com.tr\/index.php\/2024\/05\/10\/cocukluk\/\" class=\"read-more-link\">[more&#8230;]<\/a><\/p>\n","protected":false},"author":2,"featured_media":23397,"comment_status":"open","ping_status":"open","sticky":false,"template":"","format":"standard","meta":{"footnotes":""},"categories":[2],"tags":[],"class_list":["post-23707","post","type-post","status-publish","format-standard","has-post-thumbnail","hentry","category-gundem"],"_links":{"self":[{"href":"https:\/\/akdenizhaber.com.tr\/index.php\/wp-json\/wp\/v2\/posts\/23707","targetHints":{"allow":["GET"]}}],"collection":[{"href":"https:\/\/akdenizhaber.com.tr\/index.php\/wp-json\/wp\/v2\/posts"}],"about":[{"href":"https:\/\/akdenizhaber.com.tr\/index.php\/wp-json\/wp\/v2\/types\/post"}],"author":[{"embeddable":true,"href":"https:\/\/akdenizhaber.com.tr\/index.php\/wp-json\/wp\/v2\/users\/2"}],"replies":[{"embeddable":true,"href":"https:\/\/akdenizhaber.com.tr\/index.php\/wp-json\/wp\/v2\/comments?post=23707"}],"version-history":[{"count":1,"href":"https:\/\/akdenizhaber.com.tr\/index.php\/wp-json\/wp\/v2\/posts\/23707\/revisions"}],"predecessor-version":[{"id":23708,"href":"https:\/\/akdenizhaber.com.tr\/index.php\/wp-json\/wp\/v2\/posts\/23707\/revisions\/23708"}],"wp:featuredmedia":[{"embeddable":true,"href":"https:\/\/akdenizhaber.com.tr\/index.php\/wp-json\/wp\/v2\/media\/23397"}],"wp:attachment":[{"href":"https:\/\/akdenizhaber.com.tr\/index.php\/wp-json\/wp\/v2\/media?parent=23707"}],"wp:term":[{"taxonomy":"category","embeddable":true,"href":"https:\/\/akdenizhaber.com.tr\/index.php\/wp-json\/wp\/v2\/categories?post=23707"},{"taxonomy":"post_tag","embeddable":true,"href":"https:\/\/akdenizhaber.com.tr\/index.php\/wp-json\/wp\/v2\/tags?post=23707"}],"curies":[{"name":"wp","href":"https:\/\/api.w.org\/{rel}","templated":true}]}}