{"id":23704,"date":"2024-05-10T14:48:35","date_gmt":"2024-05-10T11:48:35","guid":{"rendered":"https:\/\/akdenizhaber.com.tr\/?p=23704"},"modified":"2024-05-10T14:48:35","modified_gmt":"2024-05-10T11:48:35","slug":"trafik-haftasina-vatandaslardan-buyuk-ilgi","status":"publish","type":"post","link":"https:\/\/akdenizhaber.com.tr\/index.php\/2024\/05\/10\/trafik-haftasina-vatandaslardan-buyuk-ilgi\/","title":{"rendered":"Trafik Haftas\u0131na Vatanda\u015flardan B\u00fcy\u00fck \u0130lgi"},"content":{"rendered":"\n<p>D\u00fcn il\u00e7emiz Cumhuriyet meydan\u0131nda Trafik Haftas\u0131 dolay\u0131s\u0131yla trafik ekipleri taraf\u0131ndan s\u00fcr\u00fcc\u00fclere kurallar hat\u0131rlat\u0131ld\u0131.<\/p>\n\n\n\n<p>\u0130l\u00e7e Emniyet M\u00fcd\u00fcrl\u00fc\u011f\u00fc ve \u0130l\u00e7e Jandarma Komutanl\u0131\u011f\u0131 ekipleri taraf\u0131ndan ger\u00e7ekle\u015ftirilen etkinliklerde vatanda\u015flara bro\u015f\u00fcrler ve \u00e7e\u015fitli hediyeler takdim edilirken, s\u00fcr\u00fcc\u00fclere trafik kurallar\u0131 ile ilgili bilgiler verildi.<\/p>\n\n\n\n<p>Trafik Haftas\u0131 dolay\u0131s\u0131yla il\u00e7e jandarma ve emniyet trafik ekipleri ise kontrollerde s\u00fcr\u00fcc\u00fclere kurallar hat\u0131rlat\u0131ld\u0131.<\/p>\n\n\n\n<p>\u0130l\u00e7e Emniyet M\u00fcd\u00fcrl\u00fc\u011f\u00fc ve \u0130l\u00e7e Jandarma Komutanl\u0131\u011f\u0131 ekipleri, fark\u0131ndal\u0131k i\u00e7in d\u00fczenlenen etkinlik il\u00e7emiz Cumhuriyet meydan\u0131nda sabahtan ak\u015fama kadar devam etti, etkinlik s\u00fcrecinde vatanda\u015flar ve \u00f6\u011frenciler b\u00fcy\u00fck ilgi g\u00f6stererek trafik kurallar\u0131 ile ilgili \u00e7e\u015fitli bilgi alma olana\u011f\u0131na sahip oldular.<\/p>\n\n\n\n<p>Manavgat \u015eof\u00f6rler Odas\u0131 Ba\u015fkan yard\u0131mc\u0131s\u0131 Galip \u00d6zden, Cumhuriyet meydan\u0131ndaki etkinliklere kat\u0131larak il\u00e7e jandarma ve emniyet te\u015fkilat\u0131 trafik birimlerini trafik haftas\u0131 nedeniyle kutlad\u0131.<\/p>\n\n\n\n<p>Manavgat \u015eof\u00f6rler Odas\u0131 Ba\u015fkan yard\u0131mc\u0131s\u0131 Galip \u00d6zden \u201cBiz \u015fof\u00f6rler odas\u0131 olarak hem il\u00e7e jandarma, hem de emniyet te\u015fkilat\u0131m\u0131z\u0131n trafik birimleri ile s\u00fcrekli irtibat halinde olmakla birlikte birbirimize s\u00fcrekli destek olmaktay\u0131z. Trafik haftas\u0131n\u0131n camialar\u0131na hay\u0131rl\u0131 olmas\u0131n\u0131 diliyorum\u201d dedi.<\/p>\n\n\n\n<p>B\u00fc\u015fra Deveci \/ Haber<\/p>\n","protected":false},"excerpt":{"rendered":"<p>D\u00fcn il\u00e7emiz Cumhuriyet meydan\u0131nda Trafik Haftas\u0131 dolay\u0131s\u0131yla trafik ekipleri taraf\u0131ndan s\u00fcr\u00fcc\u00fclere kurallar hat\u0131rlat\u0131ld\u0131. \u0130l\u00e7e Emniyet M\u00fcd\u00fcrl\u00fc\u011f\u00fc ve \u0130l\u00e7e Jandarma Komutanl\u0131\u011f\u0131 ekipleri taraf\u0131ndan ger\u00e7ekle\u015ftirilen etkinliklerde vatanda\u015flara <a href=\"https:\/\/akdenizhaber.com.tr\/index.php\/2024\/05\/10\/trafik-haftasina-vatandaslardan-buyuk-ilgi\/\" class=\"read-more-link\">[more&#8230;]<\/a><\/p>\n","protected":false},"author":2,"featured_media":23705,"comment_status":"open","ping_status":"open","sticky":false,"template":"","format":"standard","meta":{"footnotes":""},"categories":[2],"tags":[],"class_list":["post-23704","post","type-post","status-publish","format-standard","has-post-thumbnail","hentry","category-gundem"],"_links":{"self":[{"href":"https:\/\/akdenizhaber.com.tr\/index.php\/wp-json\/wp\/v2\/posts\/23704","targetHints":{"allow":["GET"]}}],"collection":[{"href":"https:\/\/akdenizhaber.com.tr\/index.php\/wp-json\/wp\/v2\/posts"}],"about":[{"href":"https:\/\/akdenizhaber.com.tr\/index.php\/wp-json\/wp\/v2\/types\/post"}],"author":[{"embeddable":true,"href":"https:\/\/akdenizhaber.com.tr\/index.php\/wp-json\/wp\/v2\/users\/2"}],"replies":[{"embeddable":true,"href":"https:\/\/akdenizhaber.com.tr\/index.php\/wp-json\/wp\/v2\/comments?post=23704"}],"version-history":[{"count":1,"href":"https:\/\/akdenizhaber.com.tr\/index.php\/wp-json\/wp\/v2\/posts\/23704\/revisions"}],"predecessor-version":[{"id":23706,"href":"https:\/\/akdenizhaber.com.tr\/index.php\/wp-json\/wp\/v2\/posts\/23704\/revisions\/23706"}],"wp:featuredmedia":[{"embeddable":true,"href":"https:\/\/akdenizhaber.com.tr\/index.php\/wp-json\/wp\/v2\/media\/23705"}],"wp:attachment":[{"href":"https:\/\/akdenizhaber.com.tr\/index.php\/wp-json\/wp\/v2\/media?parent=23704"}],"wp:term":[{"taxonomy":"category","embeddable":true,"href":"https:\/\/akdenizhaber.com.tr\/index.php\/wp-json\/wp\/v2\/categories?post=23704"},{"taxonomy":"post_tag","embeddable":true,"href":"https:\/\/akdenizhaber.com.tr\/index.php\/wp-json\/wp\/v2\/tags?post=23704"}],"curies":[{"name":"wp","href":"https:\/\/api.w.org\/{rel}","templated":true}]}}