{"id":23701,"date":"2024-05-10T14:47:53","date_gmt":"2024-05-10T11:47:53","guid":{"rendered":"https:\/\/akdenizhaber.com.tr\/?p=23701"},"modified":"2024-05-10T14:47:53","modified_gmt":"2024-05-10T11:47:53","slug":"manavgat-dans-ve-muzik-festivalinden-renkli-kapanis","status":"publish","type":"post","link":"https:\/\/akdenizhaber.com.tr\/index.php\/2024\/05\/10\/manavgat-dans-ve-muzik-festivalinden-renkli-kapanis\/","title":{"rendered":"Manavgat dans ve M\u00fczik Festivalinden Renkli Kapan\u0131\u015f"},"content":{"rendered":"\n<p>Manavgat Belediyesi\u2019nin Tarihi Side Liman\u0131\u2019nda d\u00fczenledi\u011fi Dans ve M\u00fczik Festivali g\u00f6z kama\u015ft\u0131r\u0131c\u0131 g\u00f6sterilerle sona erdi.<\/p>\n\n\n\n<p>Manavgat Belediyesi\u2019nin 7-8 May\u0131s 2024 tarihlerinde tarihi Side Liman\u0131\u2019nda ger\u00e7ekle\u015ftirdi\u011fi Dans ve M\u00fczik Festivali sona erdi. 8 May\u0131s \u00c7ar\u015famba g\u00fcn\u00fc a\u00e7\u0131l\u0131\u015f kortejiyle ba\u015flayan festivalde, iki g\u00fcn boyunca T\u00fcrkiye, Kuzey K\u0131br\u0131s T\u00fcrk Cumhuriyeti, Kazakistan, Ukrayna, G\u00fcrcistan, \u00d6zbekistan, Azerbaycan ve Da\u011f\u0131stan\u2019dan toplam 19 farkl\u0131 grup ve 780 dans\u00e7\u0131 sahne ald\u0131. \u0130ki g\u00fcn boyunca bayram havas\u0131nda ge\u00e7en festival, yerli ve yabanc\u0131 turistlerden b\u00fcy\u00fck ilgi g\u00f6rd\u00fc. Geleneksel k\u0131yafetleriyle sahne alan dans gruplar\u0131, renkli g\u00f6r\u00fcnt\u00fcler olu\u015fturdu. Festivalle birlikte Side\u2019de iki g\u00fcn boyunca dans ve m\u00fczik r\u00fczgar\u0131 esti. Kat\u0131l\u0131m sa\u011flayan gruplara Manavgat Belediyesi K\u00fclt\u00fcr ve Sosyal \u0130\u015fler M\u00fcd\u00fcr\u00fc G\u00fclcan Bulut taraf\u0131ndan kat\u0131l\u0131m belgesi ve plaket takdim edildi.<\/p>\n\n\n\n<p>\u201cManavgat\u2019\u0131n K\u00fclt\u00fcrel Kimli\u011fine katk\u0131 sa\u011fl\u0131yoruz\u201d<\/p>\n\n\n\n<p>G\u00f6sterilerin ard\u0131ndan Manavgat Belediyesi K\u00fclt\u00fcr ve Sosyal \u0130\u015fler M\u00fcd\u00fcr\u00fc G\u00fclcan Bulut, festivali de\u011ferlendirdi. Bulut, \u201cFarkl\u0131 k\u00fclt\u00fcrlerden insanlar\u0131n bir arada oldu\u011fu, kozmopolit bir b\u00f6lgede ya\u015f\u0131yoruz. Bu organizasyonlarla hem b\u00f6lgemizi d\u00fcnyaya a\u00e7mak hem de zengin k\u00fclt\u00fcrel miras\u0131m\u0131z\u0131 tan\u0131tmak istiyoruz. Antik Side, do\u011fal g\u00fczellikleri ve k\u00fclt\u00fcrel birikimiyle d\u00fcnya \u00e7ap\u0131nda bir b\u00f6lgemiz. Dans ve m\u00fczik de \u015fehrimizin bir par\u00e7as\u0131. Bu festivallerle Side \u00f6zelinde Manavgat\u2019\u0131n k\u00fclt\u00fcrel kimli\u011fine katk\u0131 sa\u011fl\u0131yoruz.\u201d dedi.<\/p>\n\n\n\n<p>Manavgat Belediyesi \/ B\u00fclten<\/p>\n","protected":false},"excerpt":{"rendered":"<p>Manavgat Belediyesi\u2019nin Tarihi Side Liman\u0131\u2019nda d\u00fczenledi\u011fi Dans ve M\u00fczik Festivali g\u00f6z kama\u015ft\u0131r\u0131c\u0131 g\u00f6sterilerle sona erdi. Manavgat Belediyesi\u2019nin 7-8 May\u0131s 2024 tarihlerinde tarihi Side Liman\u0131\u2019nda ger\u00e7ekle\u015ftirdi\u011fi <a href=\"https:\/\/akdenizhaber.com.tr\/index.php\/2024\/05\/10\/manavgat-dans-ve-muzik-festivalinden-renkli-kapanis\/\" class=\"read-more-link\">[more&#8230;]<\/a><\/p>\n","protected":false},"author":2,"featured_media":23702,"comment_status":"open","ping_status":"open","sticky":false,"template":"","format":"standard","meta":{"footnotes":""},"categories":[2],"tags":[],"class_list":["post-23701","post","type-post","status-publish","format-standard","has-post-thumbnail","hentry","category-gundem"],"_links":{"self":[{"href":"https:\/\/akdenizhaber.com.tr\/index.php\/wp-json\/wp\/v2\/posts\/23701","targetHints":{"allow":["GET"]}}],"collection":[{"href":"https:\/\/akdenizhaber.com.tr\/index.php\/wp-json\/wp\/v2\/posts"}],"about":[{"href":"https:\/\/akdenizhaber.com.tr\/index.php\/wp-json\/wp\/v2\/types\/post"}],"author":[{"embeddable":true,"href":"https:\/\/akdenizhaber.com.tr\/index.php\/wp-json\/wp\/v2\/users\/2"}],"replies":[{"embeddable":true,"href":"https:\/\/akdenizhaber.com.tr\/index.php\/wp-json\/wp\/v2\/comments?post=23701"}],"version-history":[{"count":1,"href":"https:\/\/akdenizhaber.com.tr\/index.php\/wp-json\/wp\/v2\/posts\/23701\/revisions"}],"predecessor-version":[{"id":23703,"href":"https:\/\/akdenizhaber.com.tr\/index.php\/wp-json\/wp\/v2\/posts\/23701\/revisions\/23703"}],"wp:featuredmedia":[{"embeddable":true,"href":"https:\/\/akdenizhaber.com.tr\/index.php\/wp-json\/wp\/v2\/media\/23702"}],"wp:attachment":[{"href":"https:\/\/akdenizhaber.com.tr\/index.php\/wp-json\/wp\/v2\/media?parent=23701"}],"wp:term":[{"taxonomy":"category","embeddable":true,"href":"https:\/\/akdenizhaber.com.tr\/index.php\/wp-json\/wp\/v2\/categories?post=23701"},{"taxonomy":"post_tag","embeddable":true,"href":"https:\/\/akdenizhaber.com.tr\/index.php\/wp-json\/wp\/v2\/tags?post=23701"}],"curies":[{"name":"wp","href":"https:\/\/api.w.org\/{rel}","templated":true}]}}