{"id":23642,"date":"2024-05-09T14:15:39","date_gmt":"2024-05-09T11:15:39","guid":{"rendered":"https:\/\/akdenizhaber.com.tr\/?p=23642"},"modified":"2024-05-09T14:15:40","modified_gmt":"2024-05-09T11:15:40","slug":"akdeniz-universitesi-hastanesi-otoparki-acilis-icin-gun-sayiyor","status":"publish","type":"post","link":"https:\/\/akdenizhaber.com.tr\/index.php\/2024\/05\/09\/akdeniz-universitesi-hastanesi-otoparki-acilis-icin-gun-sayiyor\/","title":{"rendered":"Akdeniz \u00dcniversitesi Hastanesi Otopark\u0131 a\u00e7\u0131l\u0131\u015f i\u00e7in g\u00fcn say\u0131yor"},"content":{"rendered":"\n<p>Akdeniz \u00dcniversitesi ve Antalya B\u00fcy\u00fck\u015fehir Belediyesi aras\u0131nda imzalanan i\u015f birli\u011fi protokol\u00fcyle yap\u0131m\u0131na ba\u015flanan Akdeniz \u00dcniversitesi Katl\u0131 Otopark Projesi\u2019nde sona gelindi.<\/p>\n\n\n\n<p>\u00dcN\u0130VERS\u0130TE \u015eEH\u0130R \u0130\u015e B\u0130RL\u0130\u011e\u0130 \u0130LE<\/p>\n\n\n\n<p>Akdeniz \u00dcniversitesi Hastanesi\u2019nin uzun s\u00fcreden beri devam eden otopark sorununun \u00e7\u00f6z\u00fcm\u00fc i\u00e7in Haziran 2021 tarihinde Akdeniz \u00dcniversitesi Rekt\u00f6r\u00fc Prof. Dr. \u00d6zlenen \u00d6zkan ve Antalya B\u00fcy\u00fck\u015fehir Belediye Ba\u015fkan\u0131 Muhittin B\u00f6cek aras\u0131nda protokol imzalanm\u0131\u015ft\u0131. Ayn\u0131 zamanda acil afet toplanma alan\u0131 olarak da kullan\u0131lacak olan 1797 ara\u00e7 kapasiteli 4 katl\u0131 otopark\u0131n temeli ise Mart 2022 tarihinde t\u00f6renle at\u0131lm\u0131\u015ft\u0131. Protokole g\u00f6re, projenin betonarme karkas in\u015faat\u0131 B\u00fcy\u00fck\u015fehir Belediyesi taraf\u0131ndan in\u015fa edilirken, di\u011fer mimari uygulama, mekanik ve elektrik grubu imalatlar\u0131 ise Akdeniz \u00dcniversitesi taraf\u0131ndan ger\u00e7ekle\u015ftirildi. Katl\u0131 otopark\u0131n May\u0131s ay\u0131 sonunda a\u00e7\u0131lmas\u0131 planlan\u0131yor.<\/p>\n\n\n\n<p>B\u00d6LGEN\u0130N EN B\u00dcY\u00dcK SA\u011eLIK KURULU\u015eU<\/p>\n\n\n\n<p>Akdeniz \u00dcniversitesi Rekt\u00f6r\u00fc Prof. Dr. \u00d6zlenen \u00d6zkan, katl\u0131 otopark alan\u0131n\u0131 gezerek \u00e7al\u0131\u015fmalarla ilgili bilgi ald\u0131. Ziyarete Rekt\u00f6r Yard\u0131mc\u0131s\u0131 Prof. Dr. Ay\u015fe G\u00fclbin Ar\u0131c\u0131, Hastane Ba\u015fhekimi Prof. Dr. Y\u0131ld\u0131ray \u00c7ete, Genel Sekreter Dr. Ali Evren \u0130mre de kat\u0131ld\u0131. \u0130nceleme ziyareti sonras\u0131 proje hakk\u0131nda bilgi veren Rekt\u00f6r Prof. Dr. \u00d6zkan, otopark projesinin uzun s\u00fcredir en \u00f6nemli sorunlardan biri oldu\u011funu hat\u0131rlatarak, \u201cAkdeniz \u00dcniversitesi Hastanesi olarak b\u00f6lgenin en \u00f6nemli sa\u011fl\u0131k kurulu\u015fuyuz. 2023 y\u0131l\u0131nda hastanemize ba\u015fvuran hasta say\u0131s\u0131 1 milyon 400 bin seviyesindeydi. Bir y\u0131lda yap\u0131lan ameliyat say\u0131s\u0131 ise 70 bine yakla\u015ft\u0131. Sadece bu rakamlar bile \u00dcniversite hastanemizin yapt\u0131\u011f\u0131 hizmetin b\u00fcy\u00fckl\u00fc\u011f\u00fcn\u00fc g\u00f6steriyor. Bu yo\u011fun ve artan talep ciddi bir otopark sorununa neden oluyordu. Hastalar\u0131m\u0131z otopark sorunu nedeniyle muayene saatlerini bile ka\u00e7\u0131racak duruma gelmi\u015fti. \u0130lk g\u00f6reve geldi\u011fimizde bu sorunu \u00e7\u00f6zmeyi hedeflemi\u015ftik. Bu kapsamda B\u00fcy\u00fck\u015fehir Belediyemiz ile bir protokol imzalad\u0131k. Toplam b\u00fct\u00e7esinin yakla\u015f\u0131k y\u00fczde ellisini B\u00fcy\u00fck\u015fehir, y\u00fczde ellisini Akdeniz \u00dcniversitesi kar\u015f\u0131layarak bu projeyi hayata ge\u00e7irdik.\u201d ifadelerini kulland\u0131.<\/p>\n\n\n\n<p>AFET VE AC\u0130L TOPLANMA ALANI<\/p>\n\n\n\n<p>Katl\u0131 otopark\u0131n ayn\u0131 zamanda acil toplanma alan\u0131 olarak da hizmet verece\u011fini hat\u0131rlatan Rekt\u00f6r \u00d6zkan, \u201cBu alan\u0131n ayn\u0131 zamanda acil d\u00f6nemler i\u00e7in toplanma alan\u0131 olarak hizmet verecek olmas\u0131 hakikaten \u00e7ok k\u0131ymetli. \u00c7ok g\u00fczel, derli toplu ve kapal\u0131 bir mek\u00e2n. Bu anlamda insanlar\u0131n i\u015fini g\u00f6rece\u011fini, mutlu edece\u011fini d\u00fc\u015f\u00fcn\u00fcyorum.\u201d \u015feklinde konu\u015ftu.<\/p>\n\n\n\n<p>G\u00dcNE\u015e ENERJ\u0130S\u0130YLE DESTEKLEYECE\u011e\u0130Z<\/p>\n\n\n\n<p>Otopark\u0131n ileri a\u015famada g\u00fcne\u015f enerji sistemiyle de desteklenece\u011fini a\u00e7\u0131klayan Rekt\u00f6r \u00d6zkan, \u201cAkdeniz \u00dcniversitesi olarak s\u00fcrd\u00fcr\u00fclebilirlik konusunda da \u00f6rnek olmak istiyoruz. Otopark\u0131m\u0131z da bu anlamda \u015fehrimiz i\u00e7in g\u00fczel bir \u00f6rnek te\u015fkil edecek.\u201d dedi. Adopen taraf\u0131ndan yap\u0131lan d\u0131\u015f kaplama ile otopark\u0131n g\u00fczel bir g\u00f6r\u00fcn\u00fcme kavu\u015ftu\u011funu da anlatan Rekt\u00f6r \u00d6zkan, \u201cAntalya d\u00fcnyan\u0131n en g\u00fczel \u015fehirlerinden biri. Yap\u0131lan in\u015faatlar\u0131n da g\u00f6ze g\u00fczel g\u00f6r\u00fcnmesi \u00f6nemli. Otoparklar\u0131n genel olarak b\u00f6yle bir s\u0131k\u0131nt\u0131s\u0131 oluyor. \u00c7o\u011fu zaman \u00e7ok \u015f\u0131k g\u00f6r\u00fcnm\u00fcyorlar, g\u00f6ze \u00e7ok hitap etmiyorlar. Ancak katl\u0131 otopark\u0131m\u0131z estetik g\u00f6r\u00fcn\u00fcm\u00fcyle de bu anlamda \u00f6rnek olacak.\u201d ifadelerini kulland\u0131.<\/p>\n\n\n\n<p>YARI YARIYA YAPILDI<\/p>\n\n\n\n<p>Akdeniz \u00dcniversitesi Hastanesine in\u015fa edilen 1797 ara\u00e7 kapasitesiyle otopark sorununu \u00e7\u00f6zecek projede betonarme in\u015faat\u0131n\u0131 ger\u00e7ekle\u015ftiren B\u00fcy\u00fck\u015fehir Belediyesi, 116 milyon TL harcarken Akdeniz \u00dcniversitesi de otopark i\u00e7i teknik ve mekanik sistemin in\u015fas\u0131n\u0131n ise yakla\u015f\u0131k 110 milyon TL\u2019ye tamamlanmas\u0131 \u00f6ng\u00f6r\u00fclmektedir. Katl\u0131 otopark projesi 4 kattan olu\u015fuyor ve toplam 54 bin 400 metrekare in\u015faat alan\u0131na sahip. Ayn\u0131 zamanda afet acil toplanma alan\u0131 olarak da kullan\u0131lacak proje kentin \u00f6nemli bir ihtiyac\u0131na da cevap verecek.<\/p>\n\n\n\n<p>Akdeniz \u00dcniversitesi Rekt\u00f6rl\u00fc\u011f\u00fc \/ B\u00fclten<\/p>\n","protected":false},"excerpt":{"rendered":"<p>Akdeniz \u00dcniversitesi ve Antalya B\u00fcy\u00fck\u015fehir Belediyesi aras\u0131nda imzalanan i\u015f birli\u011fi protokol\u00fcyle yap\u0131m\u0131na ba\u015flanan Akdeniz \u00dcniversitesi Katl\u0131 Otopark Projesi\u2019nde sona gelindi. \u00dcN\u0130VERS\u0130TE \u015eEH\u0130R \u0130\u015e B\u0130RL\u0130\u011e\u0130 \u0130LE <a href=\"https:\/\/akdenizhaber.com.tr\/index.php\/2024\/05\/09\/akdeniz-universitesi-hastanesi-otoparki-acilis-icin-gun-sayiyor\/\" class=\"read-more-link\">[more&#8230;]<\/a><\/p>\n","protected":false},"author":2,"featured_media":23643,"comment_status":"open","ping_status":"open","sticky":false,"template":"","format":"standard","meta":{"footnotes":""},"categories":[2],"tags":[],"class_list":["post-23642","post","type-post","status-publish","format-standard","has-post-thumbnail","hentry","category-gundem"],"_links":{"self":[{"href":"https:\/\/akdenizhaber.com.tr\/index.php\/wp-json\/wp\/v2\/posts\/23642","targetHints":{"allow":["GET"]}}],"collection":[{"href":"https:\/\/akdenizhaber.com.tr\/index.php\/wp-json\/wp\/v2\/posts"}],"about":[{"href":"https:\/\/akdenizhaber.com.tr\/index.php\/wp-json\/wp\/v2\/types\/post"}],"author":[{"embeddable":true,"href":"https:\/\/akdenizhaber.com.tr\/index.php\/wp-json\/wp\/v2\/users\/2"}],"replies":[{"embeddable":true,"href":"https:\/\/akdenizhaber.com.tr\/index.php\/wp-json\/wp\/v2\/comments?post=23642"}],"version-history":[{"count":1,"href":"https:\/\/akdenizhaber.com.tr\/index.php\/wp-json\/wp\/v2\/posts\/23642\/revisions"}],"predecessor-version":[{"id":23644,"href":"https:\/\/akdenizhaber.com.tr\/index.php\/wp-json\/wp\/v2\/posts\/23642\/revisions\/23644"}],"wp:featuredmedia":[{"embeddable":true,"href":"https:\/\/akdenizhaber.com.tr\/index.php\/wp-json\/wp\/v2\/media\/23643"}],"wp:attachment":[{"href":"https:\/\/akdenizhaber.com.tr\/index.php\/wp-json\/wp\/v2\/media?parent=23642"}],"wp:term":[{"taxonomy":"category","embeddable":true,"href":"https:\/\/akdenizhaber.com.tr\/index.php\/wp-json\/wp\/v2\/categories?post=23642"},{"taxonomy":"post_tag","embeddable":true,"href":"https:\/\/akdenizhaber.com.tr\/index.php\/wp-json\/wp\/v2\/tags?post=23642"}],"curies":[{"name":"wp","href":"https:\/\/api.w.org\/{rel}","templated":true}]}}