{"id":23639,"date":"2024-05-09T14:15:03","date_gmt":"2024-05-09T11:15:03","guid":{"rendered":"https:\/\/akdenizhaber.com.tr\/?p=23639"},"modified":"2024-05-09T14:15:03","modified_gmt":"2024-05-09T11:15:03","slug":"harmani-olmayanin-dermani-olmaz","status":"publish","type":"post","link":"https:\/\/akdenizhaber.com.tr\/index.php\/2024\/05\/09\/harmani-olmayanin-dermani-olmaz\/","title":{"rendered":"Harman\u0131 Olmayan\u0131n Derman\u0131 Olmaz"},"content":{"rendered":"\n<p>Vali Hulusi \u015eahin, tar\u0131m sekt\u00f6r\u00fcn\u00fc 27\u2019inci defa bir araya getirecek olan Hasyurt Tar\u0131m Fuar\u0131\u2019n\u0131n a\u00e7\u0131l\u0131\u015f t\u00f6renine kat\u0131ld\u0131. Bat\u0131 Akdeniz ku\u015fa\u011f\u0131nda bulunan ve 28.000\u2018den fazla \u00e7ift\u00e7iye eri\u015fmesi planlanan fuar\u0131n a\u00e7\u0131l\u0131\u015f\u0131 co\u015fkuyla ger\u00e7ekle\u015ftirildi<br>T\u00fcrkiye\u2019nin ilk tar\u0131m fuar\u0131 olma \u00f6zelli\u011fi ta\u015f\u0131yan ve bu sene 27\u2019ncisi ger\u00e7ekle\u015ftirilen \u201cHasyurt Tar\u0131m Fuar\u0131\u201d ba\u015flad\u0131. Finike il\u00e7esi Hasyurt Fuar alan\u0131nda d\u00fczenlenen fuara Vali Hulusi \u015eahin\u2019in yan\u0131 s\u0131ra, Antalya B\u00fcy\u00fck\u015fehir Belediye Ba\u015fkan\u0131 Muhittin B\u00f6cek, Antalya Milletvekili Aykut Kaya, Kumluca Kaymakam\u0131 Tekin Erdemir, Antalya Ticaret Borsas\u0131 Ba\u015fkan\u0131 Ali \u00c7and\u0131r, \u0130l\u00e7e Belediye Ba\u015fkanlar\u0131, Oda ve Kooperatif Ba\u015fkanlar\u0131, Tar\u0131m sekt\u00f6r\u00fc temsilcileri ve vatanda\u015flar kat\u0131ld\u0131.<br>T\u00fcrkiye Tar\u0131m\u0131n\u0131n Amiral Gemisi Antalyad\u0131r<br>Fuarlar ve Festivallerin y\u0131llar i\u00e7inde kurumsalla\u015farak geli\u015fip k\u00f6k sald\u0131\u011f\u0131n\u0131 s\u00f6yleyen Vali Hulusi \u015eahin; Hasyurt Fuar\u0131n\u0131n yedi y\u0131ld\u0131r d\u00fczenlenmemesinin olu\u015fturdu\u011fu zarar\u0131n el birli\u011fi ile d\u00fczeltilerek fuar\u0131n yeniden hayat buldu\u011funu ve bundan sonra 27\u2019ncisi, 37\u2019ncisi, 57\u2019ncisi olmak \u00fczere bu fuar\u0131n uzun y\u0131llar boyunca devam etmesini diledi\u011fini ifade etti.<br>T\u00fcrkiye tar\u0131m\u0131n\u0131n amiral gemisinin Antalya oldu\u011funu s\u00f6yleyen Vali Hulusi \u015eahin; \u201cT\u00fcrkiye tar\u0131m\u0131n\u0131n doksan milyon ki\u015fiden fazla n\u00fcfusu besleyerek \u00fczerine ihracat yapma ba\u015far\u0131s\u0131n\u0131 g\u00f6steren g\u00fc\u00e7l\u00fc bir sekt\u00f6r oldu\u011funu ve bu ba\u015far\u0131da Antalya\u2019n\u0131n b\u00fcy\u00fck bir pay\u0131 oldu\u011funu vurgulad\u0131.<br>\u00c7ift\u00e7imizi Konjonkt\u00fcrel Dalgalanmaya Kurban Etmeyece\u011fiz<br>Tar\u0131m sekt\u00f6r\u00fcn\u00fcn en \u00f6nemli sorunlar\u0131ndan olan konjonkt\u00fcrel dalgalanma sorununun Tar\u0131m ve Orman Bakanl\u0131\u011f\u0131n\u0131n yapt\u0131\u011f\u0131 \u201cMerkezi Planlama \u00c7al\u0131\u015fmas\u0131\u201d ile \u00e7\u00f6z\u00fclece\u011fini belirten Vali \u015eahin, \u201cKonjonkt\u00fcrel dalgalanmaya \u00e7ift\u00e7imizi kurban etmeyece\u011fiz.\u201d dedi.<br>Konu\u015fmas\u0131n\u0131n ard\u0131ndan Vali Hulusi \u015eahin, fuar\u0131n d\u00fczenlenmesindeki emeklerinden \u00f6t\u00fcr\u00fc Antalya B\u00fcy\u00fck\u015fehir Belediye Ba\u015fkan\u0131 Muhittin B\u00f6cek\u2019e, Finike Belediye Ba\u015fkan\u0131 Mustafa Geyik\u00e7i\u2019ye ve Antalya Ticaret Borsas\u0131 Ba\u015fkan\u0131 Ali \u00c7and\u0131r\u2019a plaket taktim etti.<br>Fuar\u0131n a\u00e7\u0131l\u0131\u015f kurdelesini kesen Vali \u015eahin, beraberindeki heyet ile fuar alan\u0131ndaki tohum, fide, bitki koruma, sera malzemeleri, sulama sistemleri standlar\u0131n\u0131 inceledi.<\/p>\n\n\n\n<p>Antalya Valili\u011fi \/ B\u00fclten<\/p>\n","protected":false},"excerpt":{"rendered":"<p>Vali Hulusi \u015eahin, tar\u0131m sekt\u00f6r\u00fcn\u00fc 27\u2019inci defa bir araya getirecek olan Hasyurt Tar\u0131m Fuar\u0131\u2019n\u0131n a\u00e7\u0131l\u0131\u015f t\u00f6renine kat\u0131ld\u0131. Bat\u0131 Akdeniz ku\u015fa\u011f\u0131nda bulunan ve 28.000\u2018den fazla \u00e7ift\u00e7iye <a href=\"https:\/\/akdenizhaber.com.tr\/index.php\/2024\/05\/09\/harmani-olmayanin-dermani-olmaz\/\" class=\"read-more-link\">[more&#8230;]<\/a><\/p>\n","protected":false},"author":2,"featured_media":23640,"comment_status":"open","ping_status":"open","sticky":false,"template":"","format":"standard","meta":{"footnotes":""},"categories":[2],"tags":[],"class_list":["post-23639","post","type-post","status-publish","format-standard","has-post-thumbnail","hentry","category-gundem"],"_links":{"self":[{"href":"https:\/\/akdenizhaber.com.tr\/index.php\/wp-json\/wp\/v2\/posts\/23639","targetHints":{"allow":["GET"]}}],"collection":[{"href":"https:\/\/akdenizhaber.com.tr\/index.php\/wp-json\/wp\/v2\/posts"}],"about":[{"href":"https:\/\/akdenizhaber.com.tr\/index.php\/wp-json\/wp\/v2\/types\/post"}],"author":[{"embeddable":true,"href":"https:\/\/akdenizhaber.com.tr\/index.php\/wp-json\/wp\/v2\/users\/2"}],"replies":[{"embeddable":true,"href":"https:\/\/akdenizhaber.com.tr\/index.php\/wp-json\/wp\/v2\/comments?post=23639"}],"version-history":[{"count":1,"href":"https:\/\/akdenizhaber.com.tr\/index.php\/wp-json\/wp\/v2\/posts\/23639\/revisions"}],"predecessor-version":[{"id":23641,"href":"https:\/\/akdenizhaber.com.tr\/index.php\/wp-json\/wp\/v2\/posts\/23639\/revisions\/23641"}],"wp:featuredmedia":[{"embeddable":true,"href":"https:\/\/akdenizhaber.com.tr\/index.php\/wp-json\/wp\/v2\/media\/23640"}],"wp:attachment":[{"href":"https:\/\/akdenizhaber.com.tr\/index.php\/wp-json\/wp\/v2\/media?parent=23639"}],"wp:term":[{"taxonomy":"category","embeddable":true,"href":"https:\/\/akdenizhaber.com.tr\/index.php\/wp-json\/wp\/v2\/categories?post=23639"},{"taxonomy":"post_tag","embeddable":true,"href":"https:\/\/akdenizhaber.com.tr\/index.php\/wp-json\/wp\/v2\/tags?post=23639"}],"curies":[{"name":"wp","href":"https:\/\/api.w.org\/{rel}","templated":true}]}}