{"id":23636,"date":"2024-05-09T14:13:54","date_gmt":"2024-05-09T11:13:54","guid":{"rendered":"https:\/\/akdenizhaber.com.tr\/?p=23636"},"modified":"2024-05-09T14:13:54","modified_gmt":"2024-05-09T11:13:54","slug":"baskan-bocek-tarimin-gelismesi-icin-cok-daha-buyuk-isler-basaracagiz","status":"publish","type":"post","link":"https:\/\/akdenizhaber.com.tr\/index.php\/2024\/05\/09\/baskan-bocek-tarimin-gelismesi-icin-cok-daha-buyuk-isler-basaracagiz\/","title":{"rendered":"Ba\u015fkan B\u00f6cek, \u2018Tar\u0131m\u0131n geli\u015fmesi i\u00e7in \u00e7ok daha b\u00fcy\u00fck i\u015fler ba\u015faraca\u011f\u0131z\u201d"},"content":{"rendered":"\n<p>T\u00fcrkiye&#8217;nin ilk tar\u0131m fuar\u0131 olma \u00f6zelli\u011fini ta\u015f\u0131yan Finike Hasyurt Tar\u0131m Fuar\u0131, Antalya B\u00fcy\u00fck\u015fehir Belediyesi\u2019nin himayesinde 27\u2019nci kez kap\u0131lar\u0131n\u0131 a\u00e7t\u0131. Antalya B\u00fcy\u00fck\u015fehir Belediye Ba\u015fkan\u0131 Muhittin B\u00f6cek tar\u0131m\u0131n ba\u015fkenti Antalya\u2019da tar\u0131m\u0131n daha da geli\u015fmesi i\u00e7in \u00e7al\u0131\u015ft\u0131klar\u0131n\u0131 belirtti. Ba\u015fkan B\u00f6cek,\u201c5 y\u0131ll\u0131k yeni d\u00f6nemimizde Ka\u015f G\u0131da \u0130htisas Organize Sanayi, tar\u0131m\u0131n g\u00fcne\u015f enerji sistemleri ile desteklenmesi, organik fermente g\u00fcbre deste\u011fi, so\u011fuk hava depolar\u0131, Biyo\u00e7e\u015fitlilik G\u00f6zlem Evi, tar\u0131m dan\u0131\u015fmanl\u0131\u011f\u0131 hizmeti gibi yeni projelerimizle b\u00f6lge tar\u0131m\u0131n\u0131n geli\u015fmesi, \u00e7ift\u00e7imizin, \u00fcreticimizin kalk\u0131nmas\u0131 i\u00e7in \u00e7ok daha b\u00fcy\u00fck i\u015fler ba\u015faraca\u011f\u0131z\u201d dedi.<\/p>\n\n\n\n<p>Antalya B\u00fcy\u00fck\u015fehir Belediyesi himayesinde 8-10 May\u0131s tarihleri aras\u0131nda d\u00fczenlenen 27\u2019nciHasyurt Tar\u0131m Fuar\u0131 t\u00f6renle ba\u015flad\u0131. Finike Hasyurt Fuar Alan\u0131 i\u00e7erisinde d\u00fczenlenen a\u00e7\u0131l\u0131\u015f t\u00f6renine Antalya Valisi Hulusi \u015eahin, Antalya B\u00fcy\u00fck\u015fehir Belediye Ba\u015fkan\u0131 Muhittin B\u00f6cek, Finike Belediye Ba\u015fkan\u0131 Mustafa Geyik\u00e7i, ATB Ba\u015fkan\u0131 Ali \u00c7and\u0131r, siyasi partilerin temsilcileri, il\u00e7e belediye ba\u015fkanlar\u0131, meclis \u00fcyeleri, muhtarlar, oda ba\u015fkanlar\u0131, STK temsilcileri, tar\u0131m sekt\u00f6r\u00fc temsilcileri, \u00e7ift\u00e7iler, \u00fcreticiler ve vatanda\u015flar kat\u0131ld\u0131.<\/p>\n\n\n\n<p>TARIM \u0130\u00c7\u0130N T\u00dcM \u0130MKANLARIMIZI SUNUYORUZ<\/p>\n\n\n\n<p>Sayg\u0131 duru\u015fu ve \u0130stiklal Mar\u015f\u0131\u2019n\u0131n okunmas\u0131 ile ba\u015flayan t\u00f6rende a\u00e7\u0131l\u0131\u015f konu\u015fmas\u0131n\u0131 yapan&nbsp; Antalya B\u00fcy\u00fck\u015fehir Belediye Ba\u015fkan\u0131 Muhittin B\u00f6cek, yerelden kalk\u0131nma hedefi ile planl\u0131 ve s\u00fcrd\u00fcr\u00fclebilir bir tar\u0131m i\u00e7in b\u0131kmadan, yorulmadan Antalya\u2019n\u0131n 19 il\u00e7esinde \u00e7ift\u00e7ilerle, tar\u0131m sekt\u00f6r\u00fcn\u00fcn emek\u00e7ileriyle i\u015fbirli\u011fi i\u00e7erisinde \u00e7al\u0131\u015fmaya devam ettiklerini s\u00f6yledi. Tar\u0131m\u0131n Antalya, hatta T\u00fcrkiye i\u00e7in en \u00f6nemli sekt\u00f6rlerden biri oldu\u011fu bilinciyle hareket ettiklerini belirten Ba\u015fkan B\u00f6cek, \u201cTar\u0131m\u0131n her a\u015famas\u0131nda t\u00fcm imkanlar\u0131m\u0131z\u0131 sunuyoruz. Ak\u0131ll\u0131 tar\u0131m uygulamalar\u0131, kapal\u0131 devre sulama sistemleri, sulamada enerji deste\u011fi, ekipman ve alternatif \u00fcr\u00fcn destekleriyle hem \u00fcretimde verimin artmas\u0131n\u0131 hem de \u00fcreticilerimizin gelirinin artmas\u0131n\u0131 sa\u011flad\u0131k. T\u00fcm bu desteklere \u00e7o\u011faltarak devam edece\u011fiz. Kumluca Beykent Hali\u2019nde ya\u015f sebze meyve paketleme tesisi ve ayr\u0131ca kurutma tesisini hayata ge\u00e7iriyoruz. \u00c7evre Dostu \u00c7ift\u00e7i Kart projemizle zirai ila\u00e7 ambalaj at\u0131klar\u0131 sorununa \u00e7\u00f6z\u00fcm bulduk. Sera at\u0131klar\u0131n\u0131 toplayarak \u00e7evre kirlili\u011finin \u00f6n\u00fcne ge\u00e7iyoruz\u201d diye konu\u015ftu.<\/p>\n\n\n\n<p>DAHA B\u00dcY\u00dcK \u0130\u015eLER BA\u015eARACA\u011eIZ<\/p>\n\n\n\n<p>5 y\u0131ll\u0131k yeni g\u00f6rev s\u00fcresi boyunca da tar\u0131m\u0131n \u00f6ncelikli olaca\u011f\u0131n\u0131 s\u00f6yleyen Ba\u015fkan B\u00f6cek, yap\u0131lacak \u00e7al\u0131\u015fmalar\u0131 \u015f\u00f6yle anlatt\u0131: \u201cBat\u0131 Antalya B\u00f6lgesinde hayata ge\u00e7irece\u011fimiz Ka\u015f G\u0131da \u0130htisas Organize Sanayi, tar\u0131m\u0131n g\u00fcne\u015f enerji sistemleri ile desteklenmesi, organik fermente g\u00fcbre deste\u011fi, so\u011fuk hava depolar\u0131, Biyo\u00e7e\u015fitlilik G\u00f6zlem Evi, tar\u0131m dan\u0131\u015fmanl\u0131\u011f\u0131 hizmeti gibi yeni projelerimizle de b\u00f6lge tar\u0131m\u0131n geli\u015fmesi, \u00e7ift\u00e7imizin, \u00fcreticimizin kalk\u0131nmas\u0131 i\u00e7in \u00e7ok daha b\u00fcy\u00fck i\u015fler ba\u015faraca\u011f\u0131z.\u201d<\/p>\n\n\n\n<p>ANTALYA\u2019DA TARIM HEP DEVAM EDECEK<\/p>\n\n\n\n<p>Antalya Valisi Hulusi \u015eahin de 7 y\u0131l ara verilen fuar\u0131n yeniden d\u00fczenlenmesinin son derece \u00f6nemli oldu\u011funu belirtti. Vali \u015eahin, \u201cB\u00fcy\u00fck\u015fehir Belediye Ba\u015fkan\u0131m\u0131z, Finike Belediye Ba\u015fkan\u0131m\u0131z ve Ticaret Borsa Ba\u015fkan\u0131m\u0131za bu fuara sahip \u00e7\u0131kt\u0131klar\u0131 i\u00e7in te\u015fekk\u00fcr ederim. \u00c7ift\u00e7ilerimiz oldu\u011fu m\u00fcddet\u00e7e, bu co\u011frafya oldu\u011fu m\u00fcddet\u00e7e T\u00fcrkiye\u2019de tar\u0131m Antalya\u2019da tar\u0131m devam etti\u011fi m\u00fcddet\u00e7e bu fuar devam edecektir\u201d dedi.<\/p>\n\n\n\n<p>BA\u015eKAN GEY\u0130K\u00c7\u0130\u2019DEN BA\u015eKAN B\u00d6CEK\u2019E TE\u015eEKK\u00dcR<\/p>\n\n\n\n<p>Finike Belediye Ba\u015fkan\u0131 Mustafa Geyik\u00e7i, tar\u0131msal \u00fcretimin ve \u00fcreticinin artan girdi maliyetleri kar\u015f\u0131s\u0131nda zor g\u00fcnler ge\u00e7irdi\u011fi bir d\u00f6nemde d\u00fczenlenen Hasyurt Tar\u0131m Fuar\u0131\u2019n\u0131n \u00f6nemine dikkat \u00e7ekti. Ba\u015fkan Geyik\u00e7i, 7 y\u0131l aradan sonra fuar\u0131n yeniden d\u00fczenlenmesi konusunda \u00f6nc\u00fcl\u00fck eden Antalya B\u00fcy\u00fck\u015fehir Belediye Ba\u015fkan\u0131 Muhittin B\u00f6cek\u2019e te\u015fekk\u00fcr ederek, \u201cBa\u015fkan\u0131m\u0131z Muhittin B\u00f6cek \u00fcreticimize, hal esnaf\u0131m\u0131za sa\u011folsun deste\u011fini hi\u00e7bir zaman eksik etmiyor. Her zaman g\u00fc\u00e7lerini yan\u0131m\u0131zda hissediyor, her ihtiyac\u0131m\u0131za da cevap al\u0131yoruz\u201d diye konu\u015ftu.<\/p>\n\n\n\n<p>ATB BA\u015eKANI \u00c7ANDIR\u2019DAN KAPSAMLI FUAR TALEB\u0130<\/p>\n\n\n\n<p>Antalya Ticaret Borsas\u0131 Ba\u015fkan\u0131 Ali \u00e7and\u0131r da sekt\u00f6rdeki yenilikleri, teknolojik geli\u015fmeleri ve en son tar\u0131m uygulamalar\u0131n tan\u0131t\u0131lmas\u0131n\u0131n ama\u00e7land\u0131\u011f\u0131 Hasyurt Tar\u0131m Fuar\u0131\u2019n\u0131n tar\u0131m sekt\u00f6r\u00fcnde her alandan kat\u0131l\u0131mc\u0131ya geni\u015f bir yelpazede \u00fcr\u00fcn ve hizmetleri sergileme imk\u00e2n\u0131 sundu\u011funu belirterek, fuar\u0131n Bat\u0131 Antalya\u2019y\u0131 kapsayacak \u015fekilde d\u00fczenlenmesi talebini iletti.<\/p>\n\n\n\n<p>FUARI GEZD\u0130<\/p>\n\n\n\n<p>Konu\u015fmalar\u0131n ard\u0131ndan Finike Belediye Ba\u015fkan\u0131 Mustafa Geyik\u00e7i Ba\u015fkan B\u00f6cek\u2019e te\u015fekk\u00fcr plaketi verdi. Ba\u015fkan B\u00f6cek de fuar\u0131n d\u00fczenlenmesinde eme\u011fi ge\u00e7en payda\u015flara plaket sundu. Daha sonra Hasyurt Tar\u0131m Fuar\u0131\u2019n\u0131n a\u00e7\u0131l\u0131\u015f kurdelesi kesildi. Ba\u015fkan B\u00f6cek ve kat\u0131l\u0131mc\u0131lar fuar\u0131 gezdi.Hasyurt Tar\u0131m Fuar\u0131\u2019nda tohum, fide, g\u00fcbre ve serac\u0131l\u0131k alan\u0131nda de\u011fer \u00fcreten yakla\u015f\u0131k 100 firma 3 g\u00fcn boyunca tek \u00e7at\u0131 alt\u0131nda ziyaret\u00e7ilerle birlikte olacak. Konusundaki uzmanlar, akademisyenler ve t\u00fcm payda\u015flarla bilgi ve deneyimleri payla\u015facak. \u00c7ift\u00e7iler yeni hizmet ve \u00fcr\u00fcnleri tan\u0131yacak, tar\u0131msal teknolojilerle tan\u0131\u015fma ve kulland\u0131klar\u0131 ekipmanlar\u0131 k\u0131yaslama f\u0131rsat\u0131 bulacak. Ayr\u0131ca yeni i\u015f ve ticari birliktelikler kuracaklar.<\/p>\n\n\n\n<p>Antalya B\u00fcy\u00fck\u015fehir Belediyesi \/ B\u00fclten<\/p>\n","protected":false},"excerpt":{"rendered":"<p>T\u00fcrkiye&#8217;nin ilk tar\u0131m fuar\u0131 olma \u00f6zelli\u011fini ta\u015f\u0131yan Finike Hasyurt Tar\u0131m Fuar\u0131, Antalya B\u00fcy\u00fck\u015fehir Belediyesi\u2019nin himayesinde 27\u2019nci kez kap\u0131lar\u0131n\u0131 a\u00e7t\u0131. Antalya B\u00fcy\u00fck\u015fehir Belediye Ba\u015fkan\u0131 Muhittin B\u00f6cek <a href=\"https:\/\/akdenizhaber.com.tr\/index.php\/2024\/05\/09\/baskan-bocek-tarimin-gelismesi-icin-cok-daha-buyuk-isler-basaracagiz\/\" class=\"read-more-link\">[more&#8230;]<\/a><\/p>\n","protected":false},"author":2,"featured_media":23637,"comment_status":"open","ping_status":"open","sticky":false,"template":"","format":"standard","meta":{"footnotes":""},"categories":[2],"tags":[],"class_list":["post-23636","post","type-post","status-publish","format-standard","has-post-thumbnail","hentry","category-gundem"],"_links":{"self":[{"href":"https:\/\/akdenizhaber.com.tr\/index.php\/wp-json\/wp\/v2\/posts\/23636","targetHints":{"allow":["GET"]}}],"collection":[{"href":"https:\/\/akdenizhaber.com.tr\/index.php\/wp-json\/wp\/v2\/posts"}],"about":[{"href":"https:\/\/akdenizhaber.com.tr\/index.php\/wp-json\/wp\/v2\/types\/post"}],"author":[{"embeddable":true,"href":"https:\/\/akdenizhaber.com.tr\/index.php\/wp-json\/wp\/v2\/users\/2"}],"replies":[{"embeddable":true,"href":"https:\/\/akdenizhaber.com.tr\/index.php\/wp-json\/wp\/v2\/comments?post=23636"}],"version-history":[{"count":1,"href":"https:\/\/akdenizhaber.com.tr\/index.php\/wp-json\/wp\/v2\/posts\/23636\/revisions"}],"predecessor-version":[{"id":23638,"href":"https:\/\/akdenizhaber.com.tr\/index.php\/wp-json\/wp\/v2\/posts\/23636\/revisions\/23638"}],"wp:featuredmedia":[{"embeddable":true,"href":"https:\/\/akdenizhaber.com.tr\/index.php\/wp-json\/wp\/v2\/media\/23637"}],"wp:attachment":[{"href":"https:\/\/akdenizhaber.com.tr\/index.php\/wp-json\/wp\/v2\/media?parent=23636"}],"wp:term":[{"taxonomy":"category","embeddable":true,"href":"https:\/\/akdenizhaber.com.tr\/index.php\/wp-json\/wp\/v2\/categories?post=23636"},{"taxonomy":"post_tag","embeddable":true,"href":"https:\/\/akdenizhaber.com.tr\/index.php\/wp-json\/wp\/v2\/tags?post=23636"}],"curies":[{"name":"wp","href":"https:\/\/api.w.org\/{rel}","templated":true}]}}