{"id":23628,"date":"2024-05-09T14:04:09","date_gmt":"2024-05-09T11:04:09","guid":{"rendered":"https:\/\/akdenizhaber.com.tr\/?p=23628"},"modified":"2024-05-09T14:04:10","modified_gmt":"2024-05-09T11:04:10","slug":"ismail-baha-surelsan-sarkilariyla-anildi","status":"publish","type":"post","link":"https:\/\/akdenizhaber.com.tr\/index.php\/2024\/05\/09\/ismail-baha-surelsan-sarkilariyla-anildi\/","title":{"rendered":"\u0130smail Baha S\u00fcrelsan \u015fark\u0131lar\u0131yla an\u0131ld\u0131"},"content":{"rendered":"\n<p>Antalya B\u00fcy\u00fck\u015fehir Belediyesi Konservatuar\u0131&#8217;n\u0131n kurucusu Devlet Sanat\u00e7\u0131s\u0131 \u0130smail Baha S\u00fcrelsan, \u00f6l\u00fcm\u00fcn\u00fcn 26\u2019nc\u0131 y\u0131l\u0131nda ad\u0131na d\u00fczenlenen anlaml\u0131 konserle an\u0131ld\u0131. \u0130smail Baha S\u00fcrelsan Konservatuvar\u0131 TSM \u0130cra Heyeti, S\u00fcrelsan\u2019\u0131n bestelerini seslendirdi.<\/p>\n\n\n\n<p>Antalya B\u00fcy\u00fck\u015fehir Belediyesi \u0130smail Baha S\u00fcrelsan Konservatuar\u0131&#8217;n\u0131n kurucusu Devlet Sanat\u00e7\u0131s\u0131 \u0130smail Baha S\u00fcrelsan, \u00f6l\u00fcm\u00fcn\u00fcn 26\u2019nc\u0131 y\u0131l\u0131nda, K\u00fclt\u00fcr ve Sosyal \u0130\u015fler Dairesi Ba\u015fkanl\u0131\u011f\u0131 taraf\u0131ndan d\u00fczenlenen etkinlikle an\u0131ld\u0131. &#8220;Sandal&#8221;, &#8220;G\u00fcle Sor B\u00fclb\u00fcle Sor&#8221; gibi eserleri T\u00fcrk musikisine kazand\u0131ran Devlet Sanat\u00e7\u0131s\u0131 \u0130smail Baha S\u00fcrelsan i\u00e7in \u0130smail Baha S\u00fcrelsan Konservatuvar\u0131 T\u00fcrk Sanat M\u00fczi\u011fi \u0130cra Heyeti anlaml\u0131 bir konser verdi.<\/p>\n\n\n\n<p>YE\u011eEN\u0130 KATILDI<\/p>\n\n\n\n<p>Konsere onur konu\u011fu \u0130smail Baha S\u00fcrelsan\u2019\u0131n ye\u011feni \u0130stanbul Belediye Konservatuvar\u0131 \u0130cra Heyeti ses sanatkar\u0131 ve \u0130T\u00dc Devlet Konservatuvar\u0131 Emekli \u00d6\u011fretim G\u00f6revlisi Nurten Erpek ile \u00f6\u011frencileri Av. Alper \u00d6nder,Av. Deniz Filiz,Dr. Mehmet Emin Kakan, Emekli TRT Spikeri Aynur Arslangiray da kat\u0131ld\u0131.<\/p>\n\n\n\n<p>BESTELER\u0130 SESLEND\u0130R\u0130LD\u0130<\/p>\n\n\n\n<p>\u015eef Aydemir Tuncer y\u00f6netimindeki TSM \u0130cr\u00e2 heyeti taraf\u0131ndan verilen konserin ilk b\u00f6l\u00fcm\u00fcnde, m\u00fczikolog, bestek\u00e2r, hoca, koro \u015fefi ve Devlet Sanat\u00e7\u0131s\u0131 \u0130smail Baha S\u00fcrelsan\u2019\u0131n bestelerine ikinci b\u00f6l\u00fcm\u00fcnde ise \u00f6\u011frencilerinin besteleri seslendirildi.<\/p>\n\n\n\n<p>\u00c7\u0130\u00c7EK TAKD\u0130M ED\u0130LD\u0130<\/p>\n\n\n\n<p>Konserde S\u00fcrelsan\u2019\u0131n salonda bulunan \u00f6\u011frencilerinin de koristlerin aras\u0131na kat\u0131larak e\u015flik etti\u011fi bestekar\u0131n acema\u015firan makam\u0131ndaki \u00e7ok sevilen iki \u015fark\u0131s\u0131 olan,\u2018O tebess\u00fcm, o tav\u0131rlar, olevend\u00e2neh\u0131r\u00e2m\u2019 ve \u2018Sandal\u2019eserleri icra edildi. Konserin sonunda sanat\u00e7\u0131n\u0131n ye\u011feni Nurten Erpek, saz sanat\u00e7\u0131s\u0131 Haydar Akdemir ve \u015eef Aydemir Tuncer\u2019e gecenin an\u0131s\u0131na \u00e7i\u00e7ek takdim edildi.<\/p>\n\n\n\n<p>Antalya B\u00fcy\u00fck\u015fehir Belediyesi \/ B\u00fclten<\/p>\n","protected":false},"excerpt":{"rendered":"<p>Antalya B\u00fcy\u00fck\u015fehir Belediyesi Konservatuar\u0131&#8217;n\u0131n kurucusu Devlet Sanat\u00e7\u0131s\u0131 \u0130smail Baha S\u00fcrelsan, \u00f6l\u00fcm\u00fcn\u00fcn 26\u2019nc\u0131 y\u0131l\u0131nda ad\u0131na d\u00fczenlenen anlaml\u0131 konserle an\u0131ld\u0131. \u0130smail Baha S\u00fcrelsan Konservatuvar\u0131 TSM \u0130cra Heyeti, <a href=\"https:\/\/akdenizhaber.com.tr\/index.php\/2024\/05\/09\/ismail-baha-surelsan-sarkilariyla-anildi\/\" class=\"read-more-link\">[more&#8230;]<\/a><\/p>\n","protected":false},"author":2,"featured_media":23629,"comment_status":"open","ping_status":"open","sticky":false,"template":"","format":"standard","meta":{"footnotes":""},"categories":[2],"tags":[],"class_list":["post-23628","post","type-post","status-publish","format-standard","has-post-thumbnail","hentry","category-gundem"],"_links":{"self":[{"href":"https:\/\/akdenizhaber.com.tr\/index.php\/wp-json\/wp\/v2\/posts\/23628","targetHints":{"allow":["GET"]}}],"collection":[{"href":"https:\/\/akdenizhaber.com.tr\/index.php\/wp-json\/wp\/v2\/posts"}],"about":[{"href":"https:\/\/akdenizhaber.com.tr\/index.php\/wp-json\/wp\/v2\/types\/post"}],"author":[{"embeddable":true,"href":"https:\/\/akdenizhaber.com.tr\/index.php\/wp-json\/wp\/v2\/users\/2"}],"replies":[{"embeddable":true,"href":"https:\/\/akdenizhaber.com.tr\/index.php\/wp-json\/wp\/v2\/comments?post=23628"}],"version-history":[{"count":1,"href":"https:\/\/akdenizhaber.com.tr\/index.php\/wp-json\/wp\/v2\/posts\/23628\/revisions"}],"predecessor-version":[{"id":23630,"href":"https:\/\/akdenizhaber.com.tr\/index.php\/wp-json\/wp\/v2\/posts\/23628\/revisions\/23630"}],"wp:featuredmedia":[{"embeddable":true,"href":"https:\/\/akdenizhaber.com.tr\/index.php\/wp-json\/wp\/v2\/media\/23629"}],"wp:attachment":[{"href":"https:\/\/akdenizhaber.com.tr\/index.php\/wp-json\/wp\/v2\/media?parent=23628"}],"wp:term":[{"taxonomy":"category","embeddable":true,"href":"https:\/\/akdenizhaber.com.tr\/index.php\/wp-json\/wp\/v2\/categories?post=23628"},{"taxonomy":"post_tag","embeddable":true,"href":"https:\/\/akdenizhaber.com.tr\/index.php\/wp-json\/wp\/v2\/tags?post=23628"}],"curies":[{"name":"wp","href":"https:\/\/api.w.org\/{rel}","templated":true}]}}