{"id":23606,"date":"2024-05-09T13:17:30","date_gmt":"2024-05-09T10:17:30","guid":{"rendered":"https:\/\/akdenizhaber.com.tr\/?p=23606"},"modified":"2024-05-09T13:17:32","modified_gmt":"2024-05-09T10:17:32","slug":"antalyada-2-milyon-yazlik-cicek-toprakla-bulusuyor","status":"publish","type":"post","link":"https:\/\/akdenizhaber.com.tr\/index.php\/2024\/05\/09\/antalyada-2-milyon-yazlik-cicek-toprakla-bulusuyor\/","title":{"rendered":"Antalya\u2019da 2 milyon yazl\u0131k \u00e7i\u00e7ek toprakla bulu\u015fuyor"},"content":{"rendered":"\n<p><\/p>\n\n\n\n<p>Antalya B\u00fcy\u00fck\u015fehir Belediyesi Hurma Bitki \u00dcretim Tesisi\u2019nde \u00fcretilen 2 milyon yazl\u0131k \u00e7i\u00e7ek kenti g\u00fczelle\u015ftirme \u00e7al\u0131\u015fmalar\u0131 kapsam\u0131nda toprakla bulu\u015fturuluyor.<\/p>\n\n\n\n<p>Antalya B\u00fcy\u00fck\u015fehir Belediye Park ve Bah\u00e7eler Dairesi Ba\u015fkanl\u0131\u011f\u0131 ekipleri, kent merkezi ve il\u00e7elerin rengarenk ve g\u00fczel g\u00f6r\u00fcnmesi i\u00e7in \u00e7al\u0131\u015fmalar\u0131n\u0131 s\u00fcrd\u00fcr\u00fcyor.Antalya\u2019n\u0131n cadde, sokak, ref\u00fcj ve kav\u015faklar\u0131n\u0131 s\u00fcsleyen milyonlarca yazl\u0131k \u00e7i\u00e7ek, belediyenin Hurma Bitki \u00dcretim Tesislerinde \u00f6zen ve titizlikle yeti\u015ftiriliyor.&nbsp; \u00dcretimi tamamlanan \u00e7i\u00e7ekler kent esteti\u011fi ve g\u00fczelle\u015ftirme \u00e7al\u0131\u015fmalar\u0131 kapsam\u0131nda ref\u00fcj ve parklar\u0131 s\u00fcsl\u00fcyor.<\/p>\n\n\n\n<p>MEVS\u0130ML\u0130K B\u0130TK\u0130LER TOPRAKLA BULU\u015eUYOR<\/p>\n\n\n\n<p>B\u00fcy\u00fck\u015fehir Belediyesi Park ve Bah\u00e7eler Dairesi Ba\u015fkanl\u0131\u011f\u0131 taraf\u0131ndan \u00fcretimi yap\u0131lan yakla\u015f\u0131k 2 milyon yazl\u0131k \u00e7i\u00e7ek kent merkezi ve il\u00e7elerde de toprakla bulu\u015fturulmaya ba\u015fland\u0131. B\u00fcy\u00fck\u015fehir Belediyesi sorumlulu\u011fundaki ref\u00fcj ve kav\u015faklar\u0131 s\u00fcsleyecek olan vapur duman\u0131, salvia vinca, tagates, kedi t\u0131rna\u011f\u0131, zinniat\u00fcr\u00fc \u00e7i\u00e7ekler, kent esteti\u011fine g\u00f6rsel g\u00fczellik kat\u0131yor.<\/p>\n\n\n\n<p>Antalya B\u00fcy\u00fck\u015fehir Belediyesi \/ B\u00fclten<\/p>\n","protected":false},"excerpt":{"rendered":"<p>Antalya B\u00fcy\u00fck\u015fehir Belediyesi Hurma Bitki \u00dcretim Tesisi\u2019nde \u00fcretilen 2 milyon yazl\u0131k \u00e7i\u00e7ek kenti g\u00fczelle\u015ftirme \u00e7al\u0131\u015fmalar\u0131 kapsam\u0131nda toprakla bulu\u015fturuluyor. Antalya B\u00fcy\u00fck\u015fehir Belediye Park ve Bah\u00e7eler Dairesi <a href=\"https:\/\/akdenizhaber.com.tr\/index.php\/2024\/05\/09\/antalyada-2-milyon-yazlik-cicek-toprakla-bulusuyor\/\" class=\"read-more-link\">[more&#8230;]<\/a><\/p>\n","protected":false},"author":2,"featured_media":23607,"comment_status":"open","ping_status":"open","sticky":false,"template":"","format":"standard","meta":{"footnotes":""},"categories":[2],"tags":[],"class_list":["post-23606","post","type-post","status-publish","format-standard","has-post-thumbnail","hentry","category-gundem"],"_links":{"self":[{"href":"https:\/\/akdenizhaber.com.tr\/index.php\/wp-json\/wp\/v2\/posts\/23606","targetHints":{"allow":["GET"]}}],"collection":[{"href":"https:\/\/akdenizhaber.com.tr\/index.php\/wp-json\/wp\/v2\/posts"}],"about":[{"href":"https:\/\/akdenizhaber.com.tr\/index.php\/wp-json\/wp\/v2\/types\/post"}],"author":[{"embeddable":true,"href":"https:\/\/akdenizhaber.com.tr\/index.php\/wp-json\/wp\/v2\/users\/2"}],"replies":[{"embeddable":true,"href":"https:\/\/akdenizhaber.com.tr\/index.php\/wp-json\/wp\/v2\/comments?post=23606"}],"version-history":[{"count":1,"href":"https:\/\/akdenizhaber.com.tr\/index.php\/wp-json\/wp\/v2\/posts\/23606\/revisions"}],"predecessor-version":[{"id":23608,"href":"https:\/\/akdenizhaber.com.tr\/index.php\/wp-json\/wp\/v2\/posts\/23606\/revisions\/23608"}],"wp:featuredmedia":[{"embeddable":true,"href":"https:\/\/akdenizhaber.com.tr\/index.php\/wp-json\/wp\/v2\/media\/23607"}],"wp:attachment":[{"href":"https:\/\/akdenizhaber.com.tr\/index.php\/wp-json\/wp\/v2\/media?parent=23606"}],"wp:term":[{"taxonomy":"category","embeddable":true,"href":"https:\/\/akdenizhaber.com.tr\/index.php\/wp-json\/wp\/v2\/categories?post=23606"},{"taxonomy":"post_tag","embeddable":true,"href":"https:\/\/akdenizhaber.com.tr\/index.php\/wp-json\/wp\/v2\/tags?post=23606"}],"curies":[{"name":"wp","href":"https:\/\/api.w.org\/{rel}","templated":true}]}}