{"id":23602,"date":"2024-05-08T12:04:41","date_gmt":"2024-05-08T09:04:41","guid":{"rendered":"https:\/\/akdenizhaber.com.tr\/?p=23602"},"modified":"2024-05-08T12:04:42","modified_gmt":"2024-05-08T09:04:42","slug":"baskan-kara-gures-hazirliklarini-yerinde-inceledi","status":"publish","type":"post","link":"https:\/\/akdenizhaber.com.tr\/index.php\/2024\/05\/08\/baskan-kara-gures-hazirliklarini-yerinde-inceledi\/","title":{"rendered":"Ba\u015fkan Kara G\u00fcre\u015f Haz\u0131rl\u0131klar\u0131n\u0131 Yerinde \u0130nceledi"},"content":{"rendered":"\n<p>Manavgat Belediye Ba\u015fkan\u0131 Niyazi Nefi Kara, 10-11-12 May\u0131s 2024 tarihleri aras\u0131nda Il\u0131ca Stadyumu\u2019nda yap\u0131lacak olan CW Enerji T\u00fcrkiye Ya\u011fl\u0131 G\u00fcre\u015f Ligi\u2019nin haz\u0131rl\u0131k \u00e7al\u0131\u015fmalar\u0131n\u0131 yerinde inceleyerek bilgi ald\u0131.<\/p>\n\n\n\n<p>Ba\u015fkan Kara\u2019ya belediye ba\u015fkan yard\u0131mc\u0131lar\u0131, meclis \u00fcyeleri, birim m\u00fcd\u00fcrleri ve Manavgat Belediyesi G\u00fcre\u015f Koordinat\u00f6r\u00fc Abdullah Se\u00e7im e\u015flik etti. Ba\u015fkan Kara, bu y\u0131l 11\u2019incisi d\u00fczenlenecek olan Akdeniz\u2019in K\u0131rkp\u0131nar\u2019\u0131 olarak adland\u0131r\u0131lan Manavgat G\u00fcre\u015fleri\u2019nin eksiksiz bir \u015fekilde yap\u0131lmas\u0131 i\u00e7in haz\u0131rl\u0131klar\u0131 yerinde inceledi.&nbsp; Ba\u015fkan Kara, son haz\u0131rl\u0131klar noktas\u0131nda bilgi alarak, eksikliklerin giderilmesi noktas\u0131nda talimat verdi.<\/p>\n\n\n\n<p>Bu y\u0131l Manavgat Belediyesi G\u00fcre\u015f Kul\u00fcb\u00fc b\u00fcnyesine kat\u0131lan Megastar Ali G\u00fcrb\u00fcz, ge\u00e7ti\u011fimiz y\u0131l Manavgat Ya\u011fl\u0131 Pehlivan G\u00fcre\u015fleri\u2019nde zafere ula\u015fm\u0131\u015ft\u0131.<\/p>\n\n\n\n<p>Ba\u015fkan Kara\u2019dan Manavgat\u2019a Davet<\/p>\n\n\n\n<p>Manavgat Belediye Ba\u015fkan\u0131 Niyazi Nefi Kara, \u00fc\u00e7 g\u00fcn boyunca \u015f\u00f6len havas\u0131nda ge\u00e7ecek Manavgat Ya\u011fl\u0131 Pehlivan G\u00fcre\u015fleri\u2019ne t\u00fcm Antalyal\u0131lar\u0131 ve g\u00fcre\u015f severleri davet etti. Ba\u015fkan Kara, \u201cBug\u00fcn Il\u0131ca\u2019dayd\u0131k. Devam eden haz\u0131rl\u0131klar\u0131m\u0131z\u0131 yerinde inceledik. Ekiplerimiz, vatanda\u015flar\u0131m\u0131z\u0131n en iyi \u015fekilde a\u011f\u0131rlanmas\u0131 i\u00e7in her \u015feyi en ince ayr\u0131nt\u0131s\u0131na kadar d\u00fc\u015f\u00fcnd\u00fcler. Manavgat g\u00fcre\u015flerine gelen herkes bug\u00fcne kadar memnun ayr\u0131ld\u0131. \u00d6n\u00fcm\u00fczdeki d\u00f6nemde \u00e7\u0131tay\u0131 daha da yukar\u0131ya ta\u015f\u0131yarak T\u00fcrkiye\u2019nin bir numaral\u0131 g\u00fcre\u015f organizasyonu olma hedefimiz var.\u201d ifadelerini kulland\u0131.<\/p>\n\n\n\n<p>Manavgat Belediyesi \/ B\u00fclten<\/p>\n","protected":false},"excerpt":{"rendered":"<p>Manavgat Belediye Ba\u015fkan\u0131 Niyazi Nefi Kara, 10-11-12 May\u0131s 2024 tarihleri aras\u0131nda Il\u0131ca Stadyumu\u2019nda yap\u0131lacak olan CW Enerji T\u00fcrkiye Ya\u011fl\u0131 G\u00fcre\u015f Ligi\u2019nin haz\u0131rl\u0131k \u00e7al\u0131\u015fmalar\u0131n\u0131 yerinde inceleyerek <a href=\"https:\/\/akdenizhaber.com.tr\/index.php\/2024\/05\/08\/baskan-kara-gures-hazirliklarini-yerinde-inceledi\/\" class=\"read-more-link\">[more&#8230;]<\/a><\/p>\n","protected":false},"author":2,"featured_media":23603,"comment_status":"open","ping_status":"open","sticky":false,"template":"","format":"standard","meta":{"footnotes":""},"categories":[2],"tags":[],"class_list":["post-23602","post","type-post","status-publish","format-standard","has-post-thumbnail","hentry","category-gundem"],"_links":{"self":[{"href":"https:\/\/akdenizhaber.com.tr\/index.php\/wp-json\/wp\/v2\/posts\/23602","targetHints":{"allow":["GET"]}}],"collection":[{"href":"https:\/\/akdenizhaber.com.tr\/index.php\/wp-json\/wp\/v2\/posts"}],"about":[{"href":"https:\/\/akdenizhaber.com.tr\/index.php\/wp-json\/wp\/v2\/types\/post"}],"author":[{"embeddable":true,"href":"https:\/\/akdenizhaber.com.tr\/index.php\/wp-json\/wp\/v2\/users\/2"}],"replies":[{"embeddable":true,"href":"https:\/\/akdenizhaber.com.tr\/index.php\/wp-json\/wp\/v2\/comments?post=23602"}],"version-history":[{"count":1,"href":"https:\/\/akdenizhaber.com.tr\/index.php\/wp-json\/wp\/v2\/posts\/23602\/revisions"}],"predecessor-version":[{"id":23604,"href":"https:\/\/akdenizhaber.com.tr\/index.php\/wp-json\/wp\/v2\/posts\/23602\/revisions\/23604"}],"wp:featuredmedia":[{"embeddable":true,"href":"https:\/\/akdenizhaber.com.tr\/index.php\/wp-json\/wp\/v2\/media\/23603"}],"wp:attachment":[{"href":"https:\/\/akdenizhaber.com.tr\/index.php\/wp-json\/wp\/v2\/media?parent=23602"}],"wp:term":[{"taxonomy":"category","embeddable":true,"href":"https:\/\/akdenizhaber.com.tr\/index.php\/wp-json\/wp\/v2\/categories?post=23602"},{"taxonomy":"post_tag","embeddable":true,"href":"https:\/\/akdenizhaber.com.tr\/index.php\/wp-json\/wp\/v2\/tags?post=23602"}],"curies":[{"name":"wp","href":"https:\/\/api.w.org\/{rel}","templated":true}]}}