{"id":23589,"date":"2024-05-08T12:01:40","date_gmt":"2024-05-08T09:01:40","guid":{"rendered":"https:\/\/akdenizhaber.com.tr\/?p=23589"},"modified":"2024-05-08T12:01:41","modified_gmt":"2024-05-08T09:01:41","slug":"alanyaya-yogun-bakim","status":"publish","type":"post","link":"https:\/\/akdenizhaber.com.tr\/index.php\/2024\/05\/08\/alanyaya-yogun-bakim\/","title":{"rendered":"Alanya\u2019ya Yo\u011fun Bak\u0131m"},"content":{"rendered":"\n<p><br>Antalya Valili\u011fi\u2019nde, Alanya E\u011fitim ve Ara\u015ft\u0131rma Hastanesi\u2019ne yap\u0131lacak Yo\u011fun Bak\u0131m \u00dcnitesi i\u00e7in protokol imzaland\u0131.<\/p>\n\n\n\n<p><br>Sa\u011fl\u0131k sekt\u00f6r\u00fcnde bir d\u00fcnya markas\u0131 olarak ad\u0131n\u0131 alt\u0131n harflerle yazd\u0131ran Antalya, hay\u0131rseverlerin deste\u011fiyle sa\u011fl\u0131k alan\u0131nda g\u00fcc\u00fcne g\u00fc\u00e7 katmaya devam ediyor. Antalya Valili\u011finde d\u00fczenlenen protokol t\u00f6reniyle Alanya E\u011fitim ve Ara\u015ft\u0131rma Hastanesi\u2019ne Yo\u011fun Bak\u0131m \u00dcnitesi kazand\u0131r\u0131lacak.<\/p>\n\n\n\n<p><br>30 Yatakl\u0131 \u00dcnite Kazand\u0131r\u0131lacak<br>Antalya Valisi Hulusi \u015eahin, Antalya \u0130l Sa\u011fl\u0131k M\u00fcd\u00fcr\u00fc Uzm. Dr. Evren Ekingen, Alanya Ticaret ve Sanayi Odas\u0131 Ba\u015fkan\u0131 Eray Erdem, Alanya E\u011fitim ve Ara\u015ft\u0131rma Hastanesi Ba\u015fhekimi Do\u00e7. Dr. Y\u0131lmaz G\u00fcler\u2019in imzalad\u0131\u011f\u0131 protokolle Alanya Ticaret ve Sanayi Odas\u0131\u2019n\u0131n katk\u0131lar\u0131yla Alanya E\u011fitim ve Ara\u015ft\u0131rma Hastanesi\u2019nde yer alan yemekhane yerine 30 Yatakl\u0131 3. Seviye Yo\u011fun Bak\u0131m \u00dcnitesi yap\u0131lacak.<\/p>\n\n\n\n<p><br>Alanya Ticaret ve Sanayi Odas\u0131 Ba\u015fkan\u0131 Eray Erdem\u2019e katk\u0131lar\u0131ndan dolay\u0131 te\u015fekk\u00fcr eden Vali \u015eahin, Alanya Ticaret ve Sanayi Odas\u0131n\u0131n yo\u011fun bak\u0131m \u00fcnitesi yapmas\u0131n\u0131n yan\u0131nda il\u00e7enin ihtiya\u00e7lar\u0131n\u0131 kar\u015f\u0131layacak, vatanda\u015flar\u0131n eksiklerini giderecek \u00e7al\u0131\u015fmalara imza atmas\u0131n\u0131, \u00e7ok de\u011ferli buldu\u011funu ifade ederek, yap\u0131lacak \u00fcnitenin bir an \u00f6nce tamamlanarak vatanda\u015flar\u0131n hizmetine sunulmas\u0131n\u0131 temenni etti.<\/p>\n\n\n\n<p>Antalya Valili\u011fi \/ B\u00fclten<\/p>\n","protected":false},"excerpt":{"rendered":"<p>Antalya Valili\u011fi\u2019nde, Alanya E\u011fitim ve Ara\u015ft\u0131rma Hastanesi\u2019ne yap\u0131lacak Yo\u011fun Bak\u0131m \u00dcnitesi i\u00e7in protokol imzaland\u0131. Sa\u011fl\u0131k sekt\u00f6r\u00fcnde bir d\u00fcnya markas\u0131 olarak ad\u0131n\u0131 alt\u0131n harflerle yazd\u0131ran Antalya, <a href=\"https:\/\/akdenizhaber.com.tr\/index.php\/2024\/05\/08\/alanyaya-yogun-bakim\/\" class=\"read-more-link\">[more&#8230;]<\/a><\/p>\n","protected":false},"author":2,"featured_media":23590,"comment_status":"open","ping_status":"open","sticky":false,"template":"","format":"standard","meta":{"footnotes":""},"categories":[2],"tags":[],"class_list":["post-23589","post","type-post","status-publish","format-standard","has-post-thumbnail","hentry","category-gundem"],"_links":{"self":[{"href":"https:\/\/akdenizhaber.com.tr\/index.php\/wp-json\/wp\/v2\/posts\/23589","targetHints":{"allow":["GET"]}}],"collection":[{"href":"https:\/\/akdenizhaber.com.tr\/index.php\/wp-json\/wp\/v2\/posts"}],"about":[{"href":"https:\/\/akdenizhaber.com.tr\/index.php\/wp-json\/wp\/v2\/types\/post"}],"author":[{"embeddable":true,"href":"https:\/\/akdenizhaber.com.tr\/index.php\/wp-json\/wp\/v2\/users\/2"}],"replies":[{"embeddable":true,"href":"https:\/\/akdenizhaber.com.tr\/index.php\/wp-json\/wp\/v2\/comments?post=23589"}],"version-history":[{"count":1,"href":"https:\/\/akdenizhaber.com.tr\/index.php\/wp-json\/wp\/v2\/posts\/23589\/revisions"}],"predecessor-version":[{"id":23591,"href":"https:\/\/akdenizhaber.com.tr\/index.php\/wp-json\/wp\/v2\/posts\/23589\/revisions\/23591"}],"wp:featuredmedia":[{"embeddable":true,"href":"https:\/\/akdenizhaber.com.tr\/index.php\/wp-json\/wp\/v2\/media\/23590"}],"wp:attachment":[{"href":"https:\/\/akdenizhaber.com.tr\/index.php\/wp-json\/wp\/v2\/media?parent=23589"}],"wp:term":[{"taxonomy":"category","embeddable":true,"href":"https:\/\/akdenizhaber.com.tr\/index.php\/wp-json\/wp\/v2\/categories?post=23589"},{"taxonomy":"post_tag","embeddable":true,"href":"https:\/\/akdenizhaber.com.tr\/index.php\/wp-json\/wp\/v2\/tags?post=23589"}],"curies":[{"name":"wp","href":"https:\/\/api.w.org\/{rel}","templated":true}]}}