{"id":23586,"date":"2024-05-08T12:01:04","date_gmt":"2024-05-08T09:01:04","guid":{"rendered":"https:\/\/akdenizhaber.com.tr\/?p=23586"},"modified":"2024-05-08T12:01:05","modified_gmt":"2024-05-08T09:01:05","slug":"alanya-gundogmus-ve-akseki-yollarina-yaz-bakimi","status":"publish","type":"post","link":"https:\/\/akdenizhaber.com.tr\/index.php\/2024\/05\/08\/alanya-gundogmus-ve-akseki-yollarina-yaz-bakimi\/","title":{"rendered":"Alanya, G\u00fcndo\u011fmu\u015f ve Akseki yollar\u0131na yaz bak\u0131m\u0131"},"content":{"rendered":"\n<p>Antalya B\u00fcy\u00fck\u015fehir Belediyesi Alanya, G\u00fcndo\u011fmu\u015f ve Akseki k\u0131rsal\u0131nda yaz mesaisini s\u00fcrd\u00fcr\u00fcyor. K\u0131\u015f ay\u0131nda bozulan yayla yollar\u0131nda bak\u0131m ve onar\u0131m \u00e7al\u0131\u015fmas\u0131 yap\u0131l\u0131yor.<\/p>\n\n\n\n<p>Antalya B\u00fcy\u00fck\u015fehir Belediyesi K\u0131rsal Hizmetler Dairesi Ba\u015fkanl\u0131\u011f\u0131 Alanya, G\u00fcndo\u011fmu\u015f ve Akseki ekipleri, k\u0131rsal mahallelerinin yan\u0131 s\u0131ra yayla yollar\u0131nda da yo\u011fun bir \u00e7al\u0131\u015fma yap\u0131yor. K\u0131\u015f aylar\u0131nda ya\u011f\u0131\u015f, heyelan, g\u00f6\u00e7\u00fck nedeniyle bozulan yollarda ba\u015flat\u0131lan \u00e7al\u0131\u015fmalar Alanya\u2019n\u0131n do\u011fu, bat\u0131 ve kuzeyindeki mahallelerin yan\u0131 s\u0131ra yaylalar\u0131nda da devam ediyor.<\/p>\n\n\n\n<p>Sapadere, \u00c7aml\u0131ca ve Beyreli Mahalleleri grup yolunda g\u00f6\u00e7\u00fck olan ve bozulan yolda \u00e7al\u0131\u015fmalar ba\u015flat\u0131ld\u0131.<\/p>\n\n\n\n<p>BOZULAN YOLLAR ASFALTLANIYOR<\/p>\n\n\n\n<p>Bozulan yerler kep\u00e7e yard\u0131m\u0131yla temizlenerek \u00f6nce dolgu ard\u0131ndan asfalt ile kaplan\u0131yor. Di\u011fer yandan yayla mevsiminin ba\u015flamas\u0131yla birlikte vatanda\u015flar\u0131n ula\u015f\u0131mda sorun ya\u015famamas\u0131 i\u00e7in yol bak\u0131m onar\u0131m \u00e7al\u0131\u015fmalar\u0131 s\u00fcr\u00fcyor. Antalya B\u00fcy\u00fck\u015fehir Belediyesi K\u0131rsal alan ekipleri, Karg\u0131cak, Beyreli ve Cikcilli yaylalar\u0131 ile Ta\u015ftatan b\u00f6lgesinde bulunan G\u00fcndo\u011fmu\u015f Yenik\u00f6y, \u00c7aml\u0131alan ve Kad\u0131yakas\u0131 yollar\u0131nda toprak dolgu, bak\u0131m onar\u0131m \u00e7al\u0131\u015fmalar\u0131 ger\u00e7ekle\u015ftirdi.<\/p>\n\n\n\n<p><strong>AKSEK\u0130 CECELER-KARAKI\u015eLA GRUP YOLUNDA \u00c7ALI\u015eMA<\/strong><strong><\/strong><\/p>\n\n\n\n<p><strong>Antalya B\u00fcy\u00fck\u015fehir Belediyesi, Akseki Ceceler-Karak\u0131\u015fla grup yolunda bak\u0131m onar\u0131m \u00e7al\u0131\u015fmas\u0131 ger\u00e7ekle\u015ftirdi. <\/strong>Ekipler, Antalya B\u00fcy\u00fck\u015fehir Belediyesi sorumluluk a\u011f\u0131nda bulunan Ceceler-Karak\u0131\u015fla grup yolunda bak\u0131m onar\u0131m \u00e7al\u0131\u015fmalar\u0131n\u0131 tamamlad\u0131.<\/p>\n\n\n\n<p>G\u00dcNDO\u011eMU\u015e YOLLARI&nbsp; GEN\u0130\u015eLET\u0130L\u0130YOR<\/p>\n\n\n\n<p>Antalya B\u00fcy\u00fck\u015fehir Belediyesi k\u0131rsal hizmetler ekipleri, G\u00fcndo\u011fmu\u015f\u2019un dar ve engebeli yollar\u0131nda da geni\u015fletme ve asfalt \u00e7al\u0131\u015fmas\u0131 yap\u0131yor. Ekipler, G\u00fcndo\u011fmu\u015f\u2019un Serinyaka Mahallesi\u2019nin Zeytin mevkiinde bulunan 4 kilometrelik&nbsp; yolda \u00e7al\u0131\u015fma yap\u0131yor. Ekipler, yol \u00fczerinde bir taraftan geni\u015fletme \u00e7al\u0131\u015fmas\u0131 yaparken, di\u011fer taraftan da asfalt altyap\u0131 \u00e7al\u0131\u015fmas\u0131 ger\u00e7ekle\u015ftiriyor. B\u00f6lgede yap\u0131lan \u00e7al\u0131\u015fma G\u00fcndo\u011fmu\u015f sakinleri taraf\u0131n dan da mutlulukla kar\u015f\u0131lan\u0131rken B\u00fcy\u00fck\u015fehir Belediyesi ekiplerine te\u015fekk\u00fcr etti.<\/p>\n\n\n\n<p>Antalya B\u00fcy\u00fck\u015fehir Belediyesi \/ B\u00fclten<\/p>\n","protected":false},"excerpt":{"rendered":"<p>Antalya B\u00fcy\u00fck\u015fehir Belediyesi Alanya, G\u00fcndo\u011fmu\u015f ve Akseki k\u0131rsal\u0131nda yaz mesaisini s\u00fcrd\u00fcr\u00fcyor. K\u0131\u015f ay\u0131nda bozulan yayla yollar\u0131nda bak\u0131m ve onar\u0131m \u00e7al\u0131\u015fmas\u0131 yap\u0131l\u0131yor. Antalya B\u00fcy\u00fck\u015fehir Belediyesi K\u0131rsal <a href=\"https:\/\/akdenizhaber.com.tr\/index.php\/2024\/05\/08\/alanya-gundogmus-ve-akseki-yollarina-yaz-bakimi\/\" class=\"read-more-link\">[more&#8230;]<\/a><\/p>\n","protected":false},"author":2,"featured_media":23587,"comment_status":"open","ping_status":"open","sticky":false,"template":"","format":"standard","meta":{"footnotes":""},"categories":[2],"tags":[],"class_list":["post-23586","post","type-post","status-publish","format-standard","has-post-thumbnail","hentry","category-gundem"],"_links":{"self":[{"href":"https:\/\/akdenizhaber.com.tr\/index.php\/wp-json\/wp\/v2\/posts\/23586","targetHints":{"allow":["GET"]}}],"collection":[{"href":"https:\/\/akdenizhaber.com.tr\/index.php\/wp-json\/wp\/v2\/posts"}],"about":[{"href":"https:\/\/akdenizhaber.com.tr\/index.php\/wp-json\/wp\/v2\/types\/post"}],"author":[{"embeddable":true,"href":"https:\/\/akdenizhaber.com.tr\/index.php\/wp-json\/wp\/v2\/users\/2"}],"replies":[{"embeddable":true,"href":"https:\/\/akdenizhaber.com.tr\/index.php\/wp-json\/wp\/v2\/comments?post=23586"}],"version-history":[{"count":1,"href":"https:\/\/akdenizhaber.com.tr\/index.php\/wp-json\/wp\/v2\/posts\/23586\/revisions"}],"predecessor-version":[{"id":23588,"href":"https:\/\/akdenizhaber.com.tr\/index.php\/wp-json\/wp\/v2\/posts\/23586\/revisions\/23588"}],"wp:featuredmedia":[{"embeddable":true,"href":"https:\/\/akdenizhaber.com.tr\/index.php\/wp-json\/wp\/v2\/media\/23587"}],"wp:attachment":[{"href":"https:\/\/akdenizhaber.com.tr\/index.php\/wp-json\/wp\/v2\/media?parent=23586"}],"wp:term":[{"taxonomy":"category","embeddable":true,"href":"https:\/\/akdenizhaber.com.tr\/index.php\/wp-json\/wp\/v2\/categories?post=23586"},{"taxonomy":"post_tag","embeddable":true,"href":"https:\/\/akdenizhaber.com.tr\/index.php\/wp-json\/wp\/v2\/tags?post=23586"}],"curies":[{"name":"wp","href":"https:\/\/api.w.org\/{rel}","templated":true}]}}