{"id":23574,"date":"2024-05-08T11:58:43","date_gmt":"2024-05-08T08:58:43","guid":{"rendered":"https:\/\/akdenizhaber.com.tr\/?p=23574"},"modified":"2024-05-08T11:58:43","modified_gmt":"2024-05-08T08:58:43","slug":"antalyaspor-vakfi-ve-dosiadtan-hayirli-olsun-ziyaretleri","status":"publish","type":"post","link":"https:\/\/akdenizhaber.com.tr\/index.php\/2024\/05\/08\/antalyaspor-vakfi-ve-dosiadtan-hayirli-olsun-ziyaretleri\/","title":{"rendered":"Antalyaspor Vakf\u0131 ve D\u00d6S\u0130AD\u2019tan \u2018hay\u0131rl\u0131 olsun\u2019 ziyaretleri"},"content":{"rendered":"\n<p>Antalyaspor Vakf\u0131 y\u00f6netimi ile D\u00d6S\u0130AD y\u00f6netimi, G\u00fcltekin Gencer \u00f6nderli\u011finde Muratpa\u015fa Belediye Ba\u015fkan\u0131 \u00dcmit Uysal ve D\u00f6\u015femealt\u0131 Belediye Ba\u015fkan\u0131 Menderes Dal\u2019a \u2018hay\u0131rl\u0131 olsun\u2019 ziyaretinde bulundu<\/p>\n\n\n\n<p>Antalyaspor Vak\u0131f y\u00f6netimi ile D\u00f6\u015femealt\u0131 Sanayici ve \u0130\u015f \u0130nsanlar\u0131 Derne\u011fi (D\u00d6S\u0130AD), yerel se\u00e7imlerin ard\u0131ndan Muratpa\u015fa Belediye Ba\u015fkan\u0131 \u00dcmit Uysal ve D\u00f6\u015femealt\u0131 Belediye Ba\u015fkan\u0131 Menderes Dal\u2019\u0131 ziyaret etti. Antalyaspor Vakf\u0131 Ba\u015fkan\u0131 ve D\u00d6S\u0130AD Y\u00f6netim Kurulu Ba\u015fkan\u0131 G\u00fcltekin Gencer \u00f6nderli\u011findeki heyetin ilk adresi Muratpa\u015fa Belediyesi oldu. Uysal\u2019a yeni d\u00f6neminde ba\u015far\u0131lar dileyen G\u00fcltekin Gencer, Antalyaspor Vakf\u0131 ve D\u00d6S\u0130AD olarak yapacaklar\u0131 projelerden bahsetti.<\/p>\n\n\n\n<p>GENCER, D\u00d6S\u0130AD\u2019I ANLATTI<\/p>\n\n\n\n<p>Gencer\u2019i p\u00fcrdikkat dinleyen Muratpa\u015fa Belediye Ba\u015fkan\u0131 \u00dcmit Uysal, \u201cSivil toplum \u00f6rg\u00fctlerini \u00f6nemsiyor ve destekliyoruz. Bu konuda \u00fczerimize d\u00fc\u015fen g\u00f6revi yerine getirmeye haz\u0131r\u0131z\u201d dedi. Heyetin sonraki dura\u011f\u0131 D\u00f6\u015femealt\u0131 Belediyesi oldu. Ba\u015fkan Menderes Dal\u2019a, D\u00d6S\u0130AD tarih\u00e7esi hakk\u0131nda bilgi veren Ba\u015fkan G\u00fcltekin Gencer, 15 y\u0131ll\u0131k bir dernek olduklar\u0131n\u0131 ve il\u00e7enin geli\u015fimi i\u00e7in her konuda destek verdiklerini ve vermeye devam edeceklerini s\u00f6yledi. &nbsp;Dal ise belediye olarak yapacaklar\u0131 hizmetlerden bahsetti.<\/p>\n\n\n\n<p>KATKI KOYMAYA HAZIRIZ<\/p>\n\n\n\n<p>Ziyaretleri de\u011ferlendiren D\u00d6S\u0130AD ve Antalyaspor Vakf\u0131 Ba\u015fkan\u0131 G\u00fcltekin Gencer, \u201cBa\u015fkanlar\u0131m\u0131za hay\u0131rl\u0131 olsun derken hem spor hem de i\u015f d\u00fcnyas\u0131 olarak hedeflerimizden, projelerimizden bahsettik. D\u00f6\u015femealt\u0131\u2019n\u0131n kurulan ilk STK\u2019s\u0131 olarak 15 y\u0131ld\u0131r il\u00e7emizin kalk\u0131nmas\u0131 ve tan\u0131t\u0131m\u0131 i\u00e7in \u00e7abal\u0131yoruz.&nbsp; \u0130\u015f insanlar\u0131 olarak il\u00e7emiz i\u00e7in her t\u00fcrl\u00fc ortak \u00e7al\u0131\u015fmaya katk\u0131 koymaya haz\u0131r\u0131z\u201d diye konu\u015ftu.<\/p>\n\n\n\n<p>D\u00f6\u015femealt\u0131 Sanayici ve \u0130\u015f \u0130nsanlar\u0131 Derne\u011fi \/ B\u00fclten<\/p>\n","protected":false},"excerpt":{"rendered":"<p>Antalyaspor Vakf\u0131 y\u00f6netimi ile D\u00d6S\u0130AD y\u00f6netimi, G\u00fcltekin Gencer \u00f6nderli\u011finde Muratpa\u015fa Belediye Ba\u015fkan\u0131 \u00dcmit Uysal ve D\u00f6\u015femealt\u0131 Belediye Ba\u015fkan\u0131 Menderes Dal\u2019a \u2018hay\u0131rl\u0131 olsun\u2019 ziyaretinde bulundu Antalyaspor <a href=\"https:\/\/akdenizhaber.com.tr\/index.php\/2024\/05\/08\/antalyaspor-vakfi-ve-dosiadtan-hayirli-olsun-ziyaretleri\/\" class=\"read-more-link\">[more&#8230;]<\/a><\/p>\n","protected":false},"author":2,"featured_media":23575,"comment_status":"open","ping_status":"open","sticky":false,"template":"","format":"standard","meta":{"footnotes":""},"categories":[2],"tags":[],"class_list":["post-23574","post","type-post","status-publish","format-standard","has-post-thumbnail","hentry","category-gundem"],"_links":{"self":[{"href":"https:\/\/akdenizhaber.com.tr\/index.php\/wp-json\/wp\/v2\/posts\/23574","targetHints":{"allow":["GET"]}}],"collection":[{"href":"https:\/\/akdenizhaber.com.tr\/index.php\/wp-json\/wp\/v2\/posts"}],"about":[{"href":"https:\/\/akdenizhaber.com.tr\/index.php\/wp-json\/wp\/v2\/types\/post"}],"author":[{"embeddable":true,"href":"https:\/\/akdenizhaber.com.tr\/index.php\/wp-json\/wp\/v2\/users\/2"}],"replies":[{"embeddable":true,"href":"https:\/\/akdenizhaber.com.tr\/index.php\/wp-json\/wp\/v2\/comments?post=23574"}],"version-history":[{"count":1,"href":"https:\/\/akdenizhaber.com.tr\/index.php\/wp-json\/wp\/v2\/posts\/23574\/revisions"}],"predecessor-version":[{"id":23576,"href":"https:\/\/akdenizhaber.com.tr\/index.php\/wp-json\/wp\/v2\/posts\/23574\/revisions\/23576"}],"wp:featuredmedia":[{"embeddable":true,"href":"https:\/\/akdenizhaber.com.tr\/index.php\/wp-json\/wp\/v2\/media\/23575"}],"wp:attachment":[{"href":"https:\/\/akdenizhaber.com.tr\/index.php\/wp-json\/wp\/v2\/media?parent=23574"}],"wp:term":[{"taxonomy":"category","embeddable":true,"href":"https:\/\/akdenizhaber.com.tr\/index.php\/wp-json\/wp\/v2\/categories?post=23574"},{"taxonomy":"post_tag","embeddable":true,"href":"https:\/\/akdenizhaber.com.tr\/index.php\/wp-json\/wp\/v2\/tags?post=23574"}],"curies":[{"name":"wp","href":"https:\/\/api.w.org\/{rel}","templated":true}]}}