{"id":23568,"date":"2024-05-08T11:57:00","date_gmt":"2024-05-08T08:57:00","guid":{"rendered":"https:\/\/akdenizhaber.com.tr\/?p=23568"},"modified":"2024-05-08T11:57:01","modified_gmt":"2024-05-08T08:57:01","slug":"kdv-oranlari-ve-iban-odemeleri-hakkinda-bilgilendirme-toplantisi","status":"publish","type":"post","link":"https:\/\/akdenizhaber.com.tr\/index.php\/2024\/05\/08\/kdv-oranlari-ve-iban-odemeleri-hakkinda-bilgilendirme-toplantisi\/","title":{"rendered":"Kdv Oranlar\u0131 Ve \u0130ban \u00d6demeleri Hakk\u0131nda Bilgilendirme Toplant\u0131s\u0131"},"content":{"rendered":"\n<p><\/p>\n\n\n\n<p>Antalya Esnaf ve Sanatkarlar Odalar\u0131 Birli\u011fi&#8217;nde Antalya Vergi Dairesi Ba\u015fkan\u0131 \u0130lhan Karay\u0131lan ve<br>Vergi Dairesi M\u00fcd\u00fcrlerinin kat\u0131l\u0131mlar\u0131yla AESOB Ba\u015fkan\u0131 Adl\u0131han Dere ba\u015fkanl\u0131\u011f\u0131nda Yeme &#8211; \u0130\u00e7me Sekt\u00f6r\u00fcne ili\u015fkin Vergi D\u00fczenlemeleri, KDV oranlar\u0131 ve IBAN \u00f6demeleri hususunda toplant\u0131 ger\u00e7ekle\u015ftirildi.<\/p>\n\n\n\n<p>Toplant\u0131ya Antalya Vergi Dairesi Ba\u015fkan\u0131 Sn. \u0130lhan Karay\u0131lan, AESOB Ba\u015fkan\u0131 Sn. Adl\u0131han Dere,<br>Grup M\u00fcd\u00fcr\u00fc Sn. Ali R\u0131za Durak, Vergi Dairesi M\u00fcd\u00fcr\u00fc Sn. Tuncay \u0130lhan, Denetim M\u00fcd\u00fcr\u00fc Sn. Ramazan \u00d6zen ve Vergi Dairesi \u015eefleri Mustafa \u0130pek ve Emine Aykurt ve Merkez Oda Ba\u015fkanlar\u0131 kat\u0131l\u0131m sa\u011flad\u0131.<\/p>\n\n\n\n<p>Bilindi\u011fi \u00fczere 27\/04\/2024 Tarihinde 32529 Say\u0131l\u0131 Resmi Gazete\u2019de Hazine ve Maliye Bakanl\u0131\u011f\u0131 Gelir \u0130daresi Daire Ba\u015fkanl\u0131\u011f\u0131 taraf\u0131ndan 51 Seri No\u2019lu Katma De\u011fer Vergisi Genel Uygulama Tebli\u011finde De\u011fi\u015fiklik Yap\u0131lmas\u0131na Dair Tebli\u011f&nbsp;yay\u0131nland\u0131. Katma De\u011fer Vergisi Genel Uygulama Tebli\u011finde baz\u0131 de\u011fi\u015fiklikler ve eklemeler yap\u0131ld\u0131. &nbsp;Buna istinaden Antalya Esnaf ve Sanatkarlar Odalar\u0131 Birli\u011fi\u2019nde d\u00fczenlenen toplant\u0131da yeme \u2013 i\u00e7me sekt\u00f6r\u00fcn\u00fc kapsayan vergi d\u00fczenlemeleri, KDV oranlar\u0131, IBAN \u00f6demeleri ve di\u011fer konular hakk\u0131nda kapsaml\u0131 bir \u015fekilde bilgi verildi ve konu hakk\u0131nda sunum yap\u0131ld\u0131.&nbsp;<\/p>\n\n\n\n<p>Soru &#8211; cevap \u015feklinde ilerleyen toplant\u0131da AESOB Ba\u015fkan\u0131 Adl\u0131han Dere ve merkez oda ba\u015fkanlar\u0131 esnaf ve sanatkarlar\u0131n sorun ve taleplerini Antalya Vergi Dairesi Ba\u015fkan\u0131 \u0130lhan Karay\u0131lan ve heyetine aktararak \u00e7\u00f6z\u00fcm \u00f6nerileri hakk\u0131nda de\u011ferlendirmelerde bulundular. Ba\u015fkan \u0130lhan Karay\u0131lan\u2019da sorular\u0131 dinleyip gerekli \u00e7al\u0131\u015fmalar\u0131n yap\u0131laca\u011f\u0131n\u0131 ifade etti.<\/p>\n\n\n\n<p>Vergi Dairesi Ba\u015fkan\u0131 \u0130lhan Karay\u0131lan ve vergi dairesi m\u00fcd\u00fcrleri toplant\u0131da yeme \u2013 i\u00e7me sekt\u00f6r\u00fcnde son \u00e7\u0131kan vergi d\u00fczenlemeleri, KDV oranlar\u0131 ve IBAN \u00fczerinden yap\u0131lan \u00f6demeler hakk\u0131nda kurallara de\u011finerek;<\/p>\n\n\n\n<p>-IBAN \u00fczerinden yap\u0131lan \u00f6deme i\u015flemlerinde IBAN numaras\u0131n\u0131n i\u015fletmeye ait olmas\u0131n\u0131 ve yap\u0131lan i\u015flemin faturas\u0131n\u0131n kesilmesi gerekti\u011fi vurguland\u0131. Aksi takdirde ge\u00e7mi\u015f 5 y\u0131l i\u00e7in geriye d\u00f6n\u00fck cezai i\u015flem uygulanabilece\u011fine y\u00f6nelik uyar\u0131larda bulundu. Denetimlerin bu y\u00f6nde ba\u015flad\u0131\u011f\u0131na dikkat \u00e7ekti.<\/p>\n\n\n\n<p>-Kay\u0131t d\u0131\u015f\u0131 ticari faaliyetleri \u00f6nlemek amac\u0131yla denetimlerin h\u0131zla devam etti\u011fini ve bu konuda \u00f6nlemlerin daha da artt\u0131r\u0131laca\u011f\u0131n\u0131 belirtti.<\/p>\n\n\n\n<p>Toplant\u0131da tek tek s\u00f6z al\u0131p g\u00f6r\u00fc\u015flerini bildiren oda ba\u015fkanlar\u0131; zaten ekonomik anlamda zor g\u00fcnler ya\u015fayan esnaf ve sanatkarlar\u0131n y\u00fcksek KDV oranlar\u0131 ve vergilerden olumsuz etkilendi\u011fi,&nbsp; g\u00fcnl\u00fck kiral\u0131k evlerin ve korsan ta\u015f\u0131mac\u0131l\u0131\u011f\u0131n esnaflara ma\u011fduriyet ya\u015fatt\u0131\u011f\u0131, zincir marketlerde kurban sat\u0131\u015f\u0131, etlerin i\u015flenmesi, pasta ve unlu mamul sat\u0131\u015flar\u0131 gibi hizmetlerde d\u00fc\u015f\u00fck KDV oranlar\u0131 yans\u0131t\u0131larak haks\u0131z rekabet unsuru olu\u015fturdu\u011fu, defter tutma hadleri ve bankalar\u0131n kesti\u011fi y\u00fcksek komisyon oranlar\u0131 ve benzeri gibi di\u011fer konulara da de\u011findi.<\/p>\n\n\n\n<p>AESOB Ba\u015fkan\u0131 Adl\u0131han Dere de ge\u00e7ti\u011fimiz g\u00fcnlerde Ankara\u2019da yapt\u0131\u011f\u0131 ziyaretler kapsam\u0131nda T.C. Hazine ve Maliye Bakanl\u0131\u011f\u0131 Gelir \u0130daresi Ba\u015fkan\u0131 Bekir Bayrakdar ile g\u00f6r\u00fc\u015fme ger\u00e7ekle\u015ftirdi\u011fini ve bu g\u00f6r\u00fc\u015fme esnas\u0131nda esnaf ve sanatkar\u0131n i\u00e7inde bulundu\u011fu ekonomik ko\u015fullar\u0131n g\u00f6zden ge\u00e7irilerek defter tutma hadlerinin yeniden belirlenmesini talep ettiklerini anlatt\u0131. Ba\u015fkan Adl\u0131han Dere ve Ba\u015fkan \u0130lhan Karay\u0131lan Defter Hadleri konusunun takip\u00e7ileri olacaklar\u0131n\u0131 ve detayl\u0131 bir de\u011ferlendirme raporu olu\u015fturacaklar\u0131n\u0131 bildirdiler.<\/p>\n\n\n\n<p>Toplant\u0131n\u0131n sonunda AESOB Ba\u015fkan\u0131 Adl\u0131han Dere;<\/p>\n\n\n\n<p>\u201cHer zaman esnaf ve sanatkarlar\u0131m\u0131z\u0131n yan\u0131nda olan Say\u0131n Vergi Dairesi Ba\u015fkan\u0131m\u0131z \u0130lhan Karay\u0131lan\u2019a ve de\u011ferli m\u00fcd\u00fcrlerimize esnaf ve sanatkarlar\u0131m\u0131za g\u00f6stermi\u015f olduklar\u0131 yak\u0131n ilgi ve alakalar\u0131ndan dolay\u0131 \u015f\u00fckranlar\u0131m\u0131z\u0131 sunuyor, toplant\u0131m\u0131za kat\u0131lan herkese te\u015fekk\u00fcr ediyorum.\u201d Dedi ve Vergi Dairesi Ba\u015fkan\u0131 \u0130lhan Karay\u0131lan\u2019a plaket takdim etti.&nbsp;<\/p>\n\n\n\n<p>Vergi Dairesi Ba\u015fkan\u0131 \u0130lhan Karay\u0131lan da bu toplant\u0131ya ev sahipli\u011fi yapan AESOB Ba\u015fkan\u0131 Adl\u0131han Dere\u2019ye merkez oda ba\u015fkanlar\u0131n\u0131 bir araya getirerek kar\u015f\u0131l\u0131kl\u0131 g\u00f6r\u00fc\u015f al\u0131\u015fveri\u015finde bulunulmas\u0131na olanak sa\u011flamas\u0131 nedeniyle te\u015fekk\u00fcr etti.&nbsp;<\/p>\n\n\n\n<p>Antalya Esnaf ve Sanatkarlar Odalar\u0131 Birli\u011fi \/ B\u00fclten<\/p>\n","protected":false},"excerpt":{"rendered":"<p>Antalya Esnaf ve Sanatkarlar Odalar\u0131 Birli\u011fi&#8217;nde Antalya Vergi Dairesi Ba\u015fkan\u0131 \u0130lhan Karay\u0131lan veVergi Dairesi M\u00fcd\u00fcrlerinin kat\u0131l\u0131mlar\u0131yla AESOB Ba\u015fkan\u0131 Adl\u0131han Dere ba\u015fkanl\u0131\u011f\u0131nda Yeme &#8211; \u0130\u00e7me Sekt\u00f6r\u00fcne <a href=\"https:\/\/akdenizhaber.com.tr\/index.php\/2024\/05\/08\/kdv-oranlari-ve-iban-odemeleri-hakkinda-bilgilendirme-toplantisi\/\" class=\"read-more-link\">[more&#8230;]<\/a><\/p>\n","protected":false},"author":2,"featured_media":23569,"comment_status":"open","ping_status":"open","sticky":false,"template":"","format":"standard","meta":{"footnotes":""},"categories":[2],"tags":[],"class_list":["post-23568","post","type-post","status-publish","format-standard","has-post-thumbnail","hentry","category-gundem"],"_links":{"self":[{"href":"https:\/\/akdenizhaber.com.tr\/index.php\/wp-json\/wp\/v2\/posts\/23568","targetHints":{"allow":["GET"]}}],"collection":[{"href":"https:\/\/akdenizhaber.com.tr\/index.php\/wp-json\/wp\/v2\/posts"}],"about":[{"href":"https:\/\/akdenizhaber.com.tr\/index.php\/wp-json\/wp\/v2\/types\/post"}],"author":[{"embeddable":true,"href":"https:\/\/akdenizhaber.com.tr\/index.php\/wp-json\/wp\/v2\/users\/2"}],"replies":[{"embeddable":true,"href":"https:\/\/akdenizhaber.com.tr\/index.php\/wp-json\/wp\/v2\/comments?post=23568"}],"version-history":[{"count":1,"href":"https:\/\/akdenizhaber.com.tr\/index.php\/wp-json\/wp\/v2\/posts\/23568\/revisions"}],"predecessor-version":[{"id":23570,"href":"https:\/\/akdenizhaber.com.tr\/index.php\/wp-json\/wp\/v2\/posts\/23568\/revisions\/23570"}],"wp:featuredmedia":[{"embeddable":true,"href":"https:\/\/akdenizhaber.com.tr\/index.php\/wp-json\/wp\/v2\/media\/23569"}],"wp:attachment":[{"href":"https:\/\/akdenizhaber.com.tr\/index.php\/wp-json\/wp\/v2\/media?parent=23568"}],"wp:term":[{"taxonomy":"category","embeddable":true,"href":"https:\/\/akdenizhaber.com.tr\/index.php\/wp-json\/wp\/v2\/categories?post=23568"},{"taxonomy":"post_tag","embeddable":true,"href":"https:\/\/akdenizhaber.com.tr\/index.php\/wp-json\/wp\/v2\/tags?post=23568"}],"curies":[{"name":"wp","href":"https:\/\/api.w.org\/{rel}","templated":true}]}}