{"id":23558,"date":"2024-05-07T15:58:16","date_gmt":"2024-05-07T12:58:16","guid":{"rendered":"https:\/\/akdenizhaber.com.tr\/?p=23558"},"modified":"2024-05-07T15:58:17","modified_gmt":"2024-05-07T12:58:17","slug":"sehit-ahmet-ozan-sarlaki-mezari-basinda-andilar","status":"publish","type":"post","link":"https:\/\/akdenizhaber.com.tr\/index.php\/2024\/05\/07\/sehit-ahmet-ozan-sarlaki-mezari-basinda-andilar\/","title":{"rendered":"\u015eehit Ahmet Ozan \u015earlak\u2019\u0131 Mezar\u0131 Ba\u015f\u0131nda And\u0131lar"},"content":{"rendered":"\n<p>Antalya \u015eehit ve Gaziler Derne\u011fi Ba\u015fkan\u0131 Mehmet Yurdakul, Ba\u015fkan yard\u0131mc\u0131lar\u0131 Ziya Kurt, Veli Korkut&nbsp; ve beraberindeki heyet Manavgat\u2019a gelerek bir tak\u0131m ziyaretlerde bulundu. Heyet, \u015eehit \u00dcste\u011fmen Ahmet Ozan \u015earlak\u2019\u0131 da mezar\u0131 ba\u015f\u0131nda and\u0131.<\/p>\n\n\n\n<p>Haber Merkezi<\/p>\n","protected":false},"excerpt":{"rendered":"<p>Antalya \u015eehit ve Gaziler Derne\u011fi Ba\u015fkan\u0131 Mehmet Yurdakul, Ba\u015fkan yard\u0131mc\u0131lar\u0131 Ziya Kurt, Veli Korkut&nbsp; ve beraberindeki heyet Manavgat\u2019a gelerek bir tak\u0131m ziyaretlerde bulundu. Heyet, \u015eehit <a href=\"https:\/\/akdenizhaber.com.tr\/index.php\/2024\/05\/07\/sehit-ahmet-ozan-sarlaki-mezari-basinda-andilar\/\" class=\"read-more-link\">[more&#8230;]<\/a><\/p>\n","protected":false},"author":2,"featured_media":23559,"comment_status":"open","ping_status":"open","sticky":false,"template":"","format":"standard","meta":{"footnotes":""},"categories":[2],"tags":[],"class_list":["post-23558","post","type-post","status-publish","format-standard","has-post-thumbnail","hentry","category-gundem"],"_links":{"self":[{"href":"https:\/\/akdenizhaber.com.tr\/index.php\/wp-json\/wp\/v2\/posts\/23558","targetHints":{"allow":["GET"]}}],"collection":[{"href":"https:\/\/akdenizhaber.com.tr\/index.php\/wp-json\/wp\/v2\/posts"}],"about":[{"href":"https:\/\/akdenizhaber.com.tr\/index.php\/wp-json\/wp\/v2\/types\/post"}],"author":[{"embeddable":true,"href":"https:\/\/akdenizhaber.com.tr\/index.php\/wp-json\/wp\/v2\/users\/2"}],"replies":[{"embeddable":true,"href":"https:\/\/akdenizhaber.com.tr\/index.php\/wp-json\/wp\/v2\/comments?post=23558"}],"version-history":[{"count":1,"href":"https:\/\/akdenizhaber.com.tr\/index.php\/wp-json\/wp\/v2\/posts\/23558\/revisions"}],"predecessor-version":[{"id":23560,"href":"https:\/\/akdenizhaber.com.tr\/index.php\/wp-json\/wp\/v2\/posts\/23558\/revisions\/23560"}],"wp:featuredmedia":[{"embeddable":true,"href":"https:\/\/akdenizhaber.com.tr\/index.php\/wp-json\/wp\/v2\/media\/23559"}],"wp:attachment":[{"href":"https:\/\/akdenizhaber.com.tr\/index.php\/wp-json\/wp\/v2\/media?parent=23558"}],"wp:term":[{"taxonomy":"category","embeddable":true,"href":"https:\/\/akdenizhaber.com.tr\/index.php\/wp-json\/wp\/v2\/categories?post=23558"},{"taxonomy":"post_tag","embeddable":true,"href":"https:\/\/akdenizhaber.com.tr\/index.php\/wp-json\/wp\/v2\/tags?post=23558"}],"curies":[{"name":"wp","href":"https:\/\/api.w.org\/{rel}","templated":true}]}}