{"id":23502,"date":"2024-05-06T13:33:46","date_gmt":"2024-05-06T10:33:46","guid":{"rendered":"https:\/\/akdenizhaber.com.tr\/?p=23502"},"modified":"2024-05-06T13:33:47","modified_gmt":"2024-05-06T10:33:47","slug":"manavgat-belediyesi-sehit-mustafa-sen-icin-mevlit-okuttu","status":"publish","type":"post","link":"https:\/\/akdenizhaber.com.tr\/index.php\/2024\/05\/06\/manavgat-belediyesi-sehit-mustafa-sen-icin-mevlit-okuttu\/","title":{"rendered":"Manavgat Belediyesi \u015eehit Mustafa \u015een \u0130\u00e7in Mevlit Okuttu"},"content":{"rendered":"\n<p>Manavgat Belediyesi \u015e\u0131rnak\u2019\u0131n Kayaboyun k\u00f6y\u00fcnde askeri arac\u0131n devrilmesi sonucunda \u015eehit olan Jandarma Astsubay \u00c7avu\u015f Mustafa \u015een i\u00e7in memleketi Manavgat\u2019\u0131n \u00c7ak\u0131\u015f mahallesinde mevlit-i \u015ferif okuttu.<\/p>\n\n\n\n<p>Manavgat \u00c7ak\u0131\u015f mahallesinde \u00f6\u011fle namaz\u0131 \u00f6ncesi okunan mevlide, Manavgat Belediye Ba\u015fkan\u0131 Niyazi Nefi Kara, devlet erkan\u0131, belediye ba\u015fkan yard\u0131mc\u0131lar\u0131, meclis \u00fcyeleri ve y\u00fczlerce vatanda\u015f kat\u0131ld\u0131.<\/p>\n\n\n\n<figure class=\"wp-block-image size-large\"><img loading=\"lazy\" decoding=\"async\" width=\"1024\" height=\"682\" src=\"https:\/\/akdenizhaber.com.tr\/wp-content\/uploads\/2024\/05\/DSC_7046-1024x682.jpg\" alt=\"\" class=\"wp-image-23504\" srcset=\"https:\/\/akdenizhaber.com.tr\/wp-content\/uploads\/2024\/05\/DSC_7046-1024x682.jpg 1024w, https:\/\/akdenizhaber.com.tr\/wp-content\/uploads\/2024\/05\/DSC_7046-300x200.jpg 300w, https:\/\/akdenizhaber.com.tr\/wp-content\/uploads\/2024\/05\/DSC_7046-768x512.jpg 768w, https:\/\/akdenizhaber.com.tr\/wp-content\/uploads\/2024\/05\/DSC_7046-1536x1023.jpg 1536w, https:\/\/akdenizhaber.com.tr\/wp-content\/uploads\/2024\/05\/DSC_7046.jpg 1600w\" sizes=\"auto, (max-width: 1024px) 100vw, 1024px\" \/><\/figure>\n\n\n\n<p>Mevlitte ba\u015fta Gazi Mustafa Kemal Atat\u00fcrk olmak \u00fczere \u015fehit Jandarma Astsubay \u00c7avu\u015f Mustafa \u015een ile t\u00fcm \u015fehit ve gaziler i\u00e7in dua edildi. \u0130lahiler okunan, dualar edilen program\u0131n ard\u0131ndan cemaate mevlit yeme\u011fi da\u011f\u0131t\u0131ld\u0131.<\/p>\n\n\n\n<p>Manavgat Belediye Ba\u015fkan\u0131 Niyazi Nefi Kara, vatan\u0131 i\u00e7in canlar\u0131n\u0131 feda eden \u015fehitlerin en y\u00fcksek mertebeye ula\u015ft\u0131\u011f\u0131n\u0131 s\u00f6yledi. Ba\u015fkan Kara, \u201cOkunan Kur\u2019an tilavetleri ve edilen dualar ba\u015fta Mustafa evlad\u0131m\u0131z olmak \u00fczere vatan ve millet u\u011fruna g\u00f6z\u00fcn\u00fc k\u0131rpmadan hayat\u0131n\u0131 veren t\u00fcm \u015fehit ve gazilerimizin ruhlar\u0131na gitsin. Bizler bu \u00fclkede huzurlu ya\u015fayal\u0131m diye, zaman ve mekan mefhumu g\u00f6zetmeksizin g\u00f6revini yapan, gecesini g\u00fcnd\u00fcz\u00fcne katan, binbir fedakarl\u0131kla bu milletin g\u00fcvenli\u011fini sa\u011flayan t\u00fcm \u015fehitlerimize huzurlar\u0131n\u0131zda bir kez daha Allah\u2019tan gani gani rahmet diliyorum. Onlar en y\u00fcksek mertebeye ula\u015ft\u0131lar. Bu kahraman evlatlar\u0131m\u0131za ne kadar te\u015fekk\u00fcr etsek azd\u0131r, onlar her zaman ba\u015f\u0131m\u0131z\u0131n tac\u0131d\u0131r.\u201d ifadelerini kulland\u0131.<\/p>\n\n\n\n<p>Mevlit program\u0131 sonras\u0131 Ba\u015fkan Kara, \u015fehidin ailesi ve vatanda\u015flarla bir s\u00fcre sohbet etti.<\/p>\n\n\n\n<p>Manavgat Belediyesi \/ B\u00fclten<\/p>\n","protected":false},"excerpt":{"rendered":"<p>Manavgat Belediyesi \u015e\u0131rnak\u2019\u0131n Kayaboyun k\u00f6y\u00fcnde askeri arac\u0131n devrilmesi sonucunda \u015eehit olan Jandarma Astsubay \u00c7avu\u015f Mustafa \u015een i\u00e7in memleketi Manavgat\u2019\u0131n \u00c7ak\u0131\u015f mahallesinde mevlit-i \u015ferif okuttu. Manavgat <a href=\"https:\/\/akdenizhaber.com.tr\/index.php\/2024\/05\/06\/manavgat-belediyesi-sehit-mustafa-sen-icin-mevlit-okuttu\/\" class=\"read-more-link\">[more&#8230;]<\/a><\/p>\n","protected":false},"author":2,"featured_media":23503,"comment_status":"open","ping_status":"open","sticky":false,"template":"","format":"standard","meta":{"footnotes":""},"categories":[2],"tags":[],"class_list":["post-23502","post","type-post","status-publish","format-standard","has-post-thumbnail","hentry","category-gundem"],"_links":{"self":[{"href":"https:\/\/akdenizhaber.com.tr\/index.php\/wp-json\/wp\/v2\/posts\/23502","targetHints":{"allow":["GET"]}}],"collection":[{"href":"https:\/\/akdenizhaber.com.tr\/index.php\/wp-json\/wp\/v2\/posts"}],"about":[{"href":"https:\/\/akdenizhaber.com.tr\/index.php\/wp-json\/wp\/v2\/types\/post"}],"author":[{"embeddable":true,"href":"https:\/\/akdenizhaber.com.tr\/index.php\/wp-json\/wp\/v2\/users\/2"}],"replies":[{"embeddable":true,"href":"https:\/\/akdenizhaber.com.tr\/index.php\/wp-json\/wp\/v2\/comments?post=23502"}],"version-history":[{"count":1,"href":"https:\/\/akdenizhaber.com.tr\/index.php\/wp-json\/wp\/v2\/posts\/23502\/revisions"}],"predecessor-version":[{"id":23505,"href":"https:\/\/akdenizhaber.com.tr\/index.php\/wp-json\/wp\/v2\/posts\/23502\/revisions\/23505"}],"wp:featuredmedia":[{"embeddable":true,"href":"https:\/\/akdenizhaber.com.tr\/index.php\/wp-json\/wp\/v2\/media\/23503"}],"wp:attachment":[{"href":"https:\/\/akdenizhaber.com.tr\/index.php\/wp-json\/wp\/v2\/media?parent=23502"}],"wp:term":[{"taxonomy":"category","embeddable":true,"href":"https:\/\/akdenizhaber.com.tr\/index.php\/wp-json\/wp\/v2\/categories?post=23502"},{"taxonomy":"post_tag","embeddable":true,"href":"https:\/\/akdenizhaber.com.tr\/index.php\/wp-json\/wp\/v2\/tags?post=23502"}],"curies":[{"name":"wp","href":"https:\/\/api.w.org\/{rel}","templated":true}]}}