{"id":23457,"date":"2024-05-06T12:38:17","date_gmt":"2024-05-06T09:38:17","guid":{"rendered":"https:\/\/akdenizhaber.com.tr\/?p=23457"},"modified":"2024-05-06T12:38:18","modified_gmt":"2024-05-06T09:38:18","slug":"aesob-ve-iskur-arasinda-isbirligi-protokolu","status":"publish","type":"post","link":"https:\/\/akdenizhaber.com.tr\/index.php\/2024\/05\/06\/aesob-ve-iskur-arasinda-isbirligi-protokolu\/","title":{"rendered":"AESOB ve\u00a0\u0130\u015eKUR Aras\u0131nda \u0130\u015fbirli\u011fi Protokol\u00fc"},"content":{"rendered":"\n<p>Antalya Esnaf ve Sanatkarlar Odalar\u0131 Birli\u011fi ve T\u00fcrkiye \u0130\u015f Kurumu Antalya \u0130l M\u00fcd\u00fcrl\u00fc\u011f\u00fc aras\u0131nda \u0130\u015eKUR Hizmet Noktas\u0131 hususunda i\u015f birli\u011fi protokol\u00fc yap\u0131ld\u0131.<\/p>\n\n\n\n<p>2 May\u0131s 2024 tarihinde Antalya Esnaf ve Sanatkarlar Odalar\u0131 Birli\u011fi\u2019nde bir araya gelen \u00c7al\u0131\u015fma ve Sosyal G\u00fcvenlik Bakanl\u0131\u011f\u0131 Antalya \u00c7al\u0131\u015fma ve \u0130\u015f Kurumu \u0130l M\u00fcd\u00fcr\u00fc L\u00fctfi G\u00fcle\u00e7 ve AESOB Ba\u015fkan\u0131 Adl\u0131han Dere kurumlar aras\u0131 i\u015f birli\u011fi protokol\u00fcn\u00fc imzalad\u0131.<\/p>\n\n\n\n<p>Protokol kapsam\u0131nda Antalya Esnaf ve Sanatkarlar Odalar\u0131 Birli\u011fi\u2019nde<br>E-\u0130\u015eKUR portal\u0131 \u00fczerinden;<\/p>\n\n\n\n<p>&nbsp;\u0130\u015f arayanlar\u0131n kayd\u0131 al\u0131n\u0131p g\u00fcncellenebilecek,&nbsp;&nbsp;&nbsp;&nbsp;&nbsp;&nbsp;&nbsp;&nbsp;&nbsp;&nbsp;&nbsp;&nbsp;&nbsp;&nbsp;&nbsp;&nbsp;&nbsp;&nbsp;&nbsp;<\/p>\n\n\n\n<p>&nbsp;\u0130\u015f arayan\u0131n profiline uygun a\u00e7\u0131k i\u015fler sorgulanabilecek,<\/p>\n\n\n\n<p>\u0130\u015f ba\u015fvurusu al\u0131nabilecek ve ba\u015fvurular takip edilebilecek,<\/p>\n\n\n\n<p>\u0130\u015fsizlik Sigortas\u0131 ba\u015fvurusu talep dilek\u00e7esi sisteme kaydedilip talep dilek\u00e7esi ile \u00f6deme plan\u0131n\u0131 sorgulanabilecek,<\/p>\n\n\n\n<p>&nbsp;\u0130\u015fg\u00fcc\u00fc uyum programlar\u0131na ba\u015fvuru yap\u0131l\u0131p takip edilebilecek,<\/p>\n\n\n\n<p>&nbsp;\u0130\u015fyeri kayd\u0131 yap\u0131labilecek,<\/p>\n\n\n\n<p>\u00d6zel sekt\u00f6r i\u015fvereninin i\u015fg\u00fcc\u00fc talebi al\u0131n\u0131p sonu\u00e7land\u0131r\u0131labilecektir.<\/p>\n\n\n\n<p>Bu \u00e7al\u0131\u015fmalar\u0131n yap\u0131labilmesi ad\u0131na \u00c7al\u0131\u015fma ve \u0130\u015eKUR Antalya \u0130l M\u00fcd\u00fcrl\u00fc\u011f\u00fc taraf\u0131ndan AESOB personeline \u00e7e\u015fitli e\u011fitimler,&nbsp;teknik destek ve dan\u0131\u015fmanl\u0131k hizmeti sunulacak ve yetkilendirme yap\u0131lacakt\u0131r. Bunun sonucunda Antalya Esnaf ve Sanatkarlar Odalar\u0131 Birli\u011fi\u2019nde E-\u0130\u015eKUR \u00fczerinden destek hizmeti verilecektir.<\/p>\n\n\n\n<p>Antalya \u00c7al\u0131\u015fma ve \u0130\u015f Kurumu \u0130l M\u00fcd\u00fcr\u00fc L\u00fctfi G\u00fcle\u00e7 ve AESOB Ba\u015fkan\u0131 Adl\u0131han Dere taraf\u0131ndan imzalanan bu protokol sayesinde bu tarz i\u015flemler art\u0131k Antalya Esnaf ve Sanatkarlar Odalar\u0131 Birli\u011fi\u2019nden de E-\u0130\u015eKUR sistemi \u00fczerinden y\u00fcr\u00fct\u00fclecektir. B\u00f6ylece esnaf ve sanatkara b\u00fcy\u00fck kolayl\u0131k ve avantaj sa\u011flanm\u0131\u015f olup, art\u0131k i\u015flemlerin \u0130\u015eKUR\u2019a gitmeden Antalya Esnaf ve Sanatkarlar Odalar\u0131 Birli\u011fi\u2019nde ger\u00e7ekle\u015ftirmesine f\u0131rsat tan\u0131nm\u0131\u015ft\u0131r. &nbsp;<\/p>\n\n\n\n<p>AESOB Ba\u015fkan\u0131 Adl\u0131han Dere imzalanan protokol\u00fcn t\u00fcm esnaf ve sanatkara hay\u0131rl\u0131 u\u011furlu olmas\u0131n\u0131 temenni ederek bu i\u015f birli\u011finin hayata ge\u00e7irilmesinde destek veren \u0130l M\u00fcd\u00fcr\u00fc L\u00fctfi G\u00fcle\u00e7\u2019e ve ekip arkada\u015flar\u0131na te\u015fekk\u00fcrlerini iletti. \u0130l M\u00fcd\u00fcr\u00fc L\u00fctfi G\u00fcle\u00e7 ise Ba\u015fkan Adl\u0131han Dere\u2019yi \u00e7al\u0131\u015fmalar\u0131ndan dolay\u0131 tebrik ederek ba\u015far\u0131lar\u0131n\u0131n devam\u0131n\u0131 diledi.&nbsp;<\/p>\n\n\n\n<p>Antalya Esnaf ve Sanatkarlar Odalar\u0131 Birli\u011fi \/ B\u00fclten<\/p>\n","protected":false},"excerpt":{"rendered":"<p>Antalya Esnaf ve Sanatkarlar Odalar\u0131 Birli\u011fi ve T\u00fcrkiye \u0130\u015f Kurumu Antalya \u0130l M\u00fcd\u00fcrl\u00fc\u011f\u00fc aras\u0131nda \u0130\u015eKUR Hizmet Noktas\u0131 hususunda i\u015f birli\u011fi protokol\u00fc yap\u0131ld\u0131. 2 May\u0131s 2024 <a href=\"https:\/\/akdenizhaber.com.tr\/index.php\/2024\/05\/06\/aesob-ve-iskur-arasinda-isbirligi-protokolu\/\" class=\"read-more-link\">[more&#8230;]<\/a><\/p>\n","protected":false},"author":2,"featured_media":23458,"comment_status":"open","ping_status":"open","sticky":false,"template":"","format":"standard","meta":{"footnotes":""},"categories":[1],"tags":[],"class_list":["post-23457","post","type-post","status-publish","format-standard","has-post-thumbnail","hentry","category-blog"],"_links":{"self":[{"href":"https:\/\/akdenizhaber.com.tr\/index.php\/wp-json\/wp\/v2\/posts\/23457","targetHints":{"allow":["GET"]}}],"collection":[{"href":"https:\/\/akdenizhaber.com.tr\/index.php\/wp-json\/wp\/v2\/posts"}],"about":[{"href":"https:\/\/akdenizhaber.com.tr\/index.php\/wp-json\/wp\/v2\/types\/post"}],"author":[{"embeddable":true,"href":"https:\/\/akdenizhaber.com.tr\/index.php\/wp-json\/wp\/v2\/users\/2"}],"replies":[{"embeddable":true,"href":"https:\/\/akdenizhaber.com.tr\/index.php\/wp-json\/wp\/v2\/comments?post=23457"}],"version-history":[{"count":1,"href":"https:\/\/akdenizhaber.com.tr\/index.php\/wp-json\/wp\/v2\/posts\/23457\/revisions"}],"predecessor-version":[{"id":23459,"href":"https:\/\/akdenizhaber.com.tr\/index.php\/wp-json\/wp\/v2\/posts\/23457\/revisions\/23459"}],"wp:featuredmedia":[{"embeddable":true,"href":"https:\/\/akdenizhaber.com.tr\/index.php\/wp-json\/wp\/v2\/media\/23458"}],"wp:attachment":[{"href":"https:\/\/akdenizhaber.com.tr\/index.php\/wp-json\/wp\/v2\/media?parent=23457"}],"wp:term":[{"taxonomy":"category","embeddable":true,"href":"https:\/\/akdenizhaber.com.tr\/index.php\/wp-json\/wp\/v2\/categories?post=23457"},{"taxonomy":"post_tag","embeddable":true,"href":"https:\/\/akdenizhaber.com.tr\/index.php\/wp-json\/wp\/v2\/tags?post=23457"}],"curies":[{"name":"wp","href":"https:\/\/api.w.org\/{rel}","templated":true}]}}