{"id":23393,"date":"2024-05-03T13:58:24","date_gmt":"2024-05-03T10:58:24","guid":{"rendered":"https:\/\/akdenizhaber.com.tr\/?p=23393"},"modified":"2024-05-03T13:58:26","modified_gmt":"2024-05-03T10:58:26","slug":"vali-sahin-sehit-evinde-mevlid-i-serife-katildi","status":"publish","type":"post","link":"https:\/\/akdenizhaber.com.tr\/index.php\/2024\/05\/03\/vali-sahin-sehit-evinde-mevlid-i-serife-katildi\/","title":{"rendered":"Vali \u015eahin \u015eehit Evinde Mevlid-i \u015eerife Kat\u0131ld\u0131"},"content":{"rendered":"\n<p>Antalya Valisi Hulusi \u00c7etin, beraberinde Jandarma Alay Komutan\u0131, Manavgat Kaymakam\u0131 Adil Karata\u015f, Belediye Ba\u015fkan\u0131 Niyazi Nefi Kara ve baz\u0131 sivil toplum kurulu\u015flar\u0131n\u0131n temsilcileriyle beraber bir s\u00fcre \u00f6nce elim bir trafik kazas\u0131 sonras\u0131 \u015fehit olan ve ebediyete u\u011furlanan \u015eehit Jan.Asb.\u00c7v\u015f. Mustafa \u015een\u2019in baba oca\u011f\u0131nda okutulan Mevlid-i \u015eerif\u2019e kat\u0131ld\u0131lar.<\/p>\n\n\n\n<p>\u00d6te yandan \u015eehit Mustafa \u015een\u2019in baba oca\u011f\u0131 her g\u00fcn taziyeye gelenlerle doluyor. Desteklerini ileten ziyaret\u00e7iler \u015fehidimizin ac\u0131s\u0131n\u0131 payla\u015f\u0131rken aileyi de yaln\u0131z b\u0131rakm\u0131yorlar.<\/p>\n\n\n\n<p>Haber Merkezi<\/p>\n","protected":false},"excerpt":{"rendered":"<p>Antalya Valisi Hulusi \u00c7etin, beraberinde Jandarma Alay Komutan\u0131, Manavgat Kaymakam\u0131 Adil Karata\u015f, Belediye Ba\u015fkan\u0131 Niyazi Nefi Kara ve baz\u0131 sivil toplum kurulu\u015flar\u0131n\u0131n temsilcileriyle beraber bir <a href=\"https:\/\/akdenizhaber.com.tr\/index.php\/2024\/05\/03\/vali-sahin-sehit-evinde-mevlid-i-serife-katildi\/\" class=\"read-more-link\">[more&#8230;]<\/a><\/p>\n","protected":false},"author":2,"featured_media":23394,"comment_status":"open","ping_status":"open","sticky":false,"template":"","format":"standard","meta":{"footnotes":""},"categories":[2],"tags":[],"class_list":["post-23393","post","type-post","status-publish","format-standard","has-post-thumbnail","hentry","category-gundem"],"_links":{"self":[{"href":"https:\/\/akdenizhaber.com.tr\/index.php\/wp-json\/wp\/v2\/posts\/23393","targetHints":{"allow":["GET"]}}],"collection":[{"href":"https:\/\/akdenizhaber.com.tr\/index.php\/wp-json\/wp\/v2\/posts"}],"about":[{"href":"https:\/\/akdenizhaber.com.tr\/index.php\/wp-json\/wp\/v2\/types\/post"}],"author":[{"embeddable":true,"href":"https:\/\/akdenizhaber.com.tr\/index.php\/wp-json\/wp\/v2\/users\/2"}],"replies":[{"embeddable":true,"href":"https:\/\/akdenizhaber.com.tr\/index.php\/wp-json\/wp\/v2\/comments?post=23393"}],"version-history":[{"count":1,"href":"https:\/\/akdenizhaber.com.tr\/index.php\/wp-json\/wp\/v2\/posts\/23393\/revisions"}],"predecessor-version":[{"id":23395,"href":"https:\/\/akdenizhaber.com.tr\/index.php\/wp-json\/wp\/v2\/posts\/23393\/revisions\/23395"}],"wp:featuredmedia":[{"embeddable":true,"href":"https:\/\/akdenizhaber.com.tr\/index.php\/wp-json\/wp\/v2\/media\/23394"}],"wp:attachment":[{"href":"https:\/\/akdenizhaber.com.tr\/index.php\/wp-json\/wp\/v2\/media?parent=23393"}],"wp:term":[{"taxonomy":"category","embeddable":true,"href":"https:\/\/akdenizhaber.com.tr\/index.php\/wp-json\/wp\/v2\/categories?post=23393"},{"taxonomy":"post_tag","embeddable":true,"href":"https:\/\/akdenizhaber.com.tr\/index.php\/wp-json\/wp\/v2\/tags?post=23393"}],"curies":[{"name":"wp","href":"https:\/\/api.w.org\/{rel}","templated":true}]}}