{"id":23389,"date":"2024-05-03T13:56:16","date_gmt":"2024-05-03T10:56:16","guid":{"rendered":"https:\/\/akdenizhaber.com.tr\/?p=23389"},"modified":"2024-05-03T13:56:17","modified_gmt":"2024-05-03T10:56:17","slug":"kktc-meclis-baskani-zorlu-toreden-valilik-ziyareti","status":"publish","type":"post","link":"https:\/\/akdenizhaber.com.tr\/index.php\/2024\/05\/03\/kktc-meclis-baskani-zorlu-toreden-valilik-ziyareti\/","title":{"rendered":"KKTC Meclis Ba\u015fkan\u0131 Zorlu T\u00f6re\u2019den Valilik Ziyareti"},"content":{"rendered":"\n<p><br>Kuzey K\u0131br\u0131s T\u00fcrk Cumhuriyeti Cumhuriyet Meclisi Ba\u015fkan\u0131 Zorlu T\u00f6re, Antalya Valilik makam\u0131n\u0131 ziyaret etti.<\/p>\n\n\n\n<p><br>Antalya\u2019da d\u00fczenlenen 15. Uluslararas\u0131 E\u011fitim Y\u00f6netimi Forumu\u2019na (EFYOR) kat\u0131lmak \u00fczere Antalya\u2019ya gelen K.K.T.C. Cumhuriyet Meclisi Ba\u015fkan\u0131 Zorlu T\u00f6re, Antalya valili\u011fine ziyarette bulundu. \u0130lk olarak Valilik \u015eeref Defterini imzalayan Zorlu T\u00f6re\u2019ye Vali Hulusi \u015eahin ziyaret an\u0131s\u0131na plaket takdim etti.<\/p>\n\n\n\n<p><br>Ba\u015fkan T\u00f6re\u2019yi Antalya\u2019da a\u011f\u0131rlamaktan b\u00fcy\u00fck bir mutluluk duydu\u011funu ifade eden Vali \u015eahin K.K.T.C. ile T\u00fcrkiye Cumhuriyeti aras\u0131nda g\u00f6n\u00fcl birli\u011fi ve \u00fclk\u00fc birli\u011fi oldu\u011funu vurgulayarak Cumhurba\u015fkanlar\u0131 nezdindeki ili\u015fkilerin g\u00fc\u00e7l\u00fc olmas\u0131na ve T\u00fcrkiye\u2019nin Yavru Vatan\u2019\u0131n her zaman yan\u0131nda olaca\u011f\u0131na dikkat \u00e7ekti.<\/p>\n\n\n\n<p><br>Ziyarette, Antalya\u2019n\u0131n turizmdeki ba\u015far\u0131lar\u0131n\u0131n K.K.T.C.\u2019ye de yans\u0131t\u0131lmas\u0131 ve turizm ba\u015fta olmak \u00fczere, tar\u0131m ve sanayi gibi di\u011fer i\u015f kollar\u0131nda da i\u015fbirli\u011finin daha ileri a\u015famalara ta\u015f\u0131nmas\u0131 i\u00e7in at\u0131labilecek ad\u0131mlar de\u011ferlendirildi.<\/p>\n\n\n\n<p>Antalya Valili\u011fi \/ B\u00fclten<\/p>\n","protected":false},"excerpt":{"rendered":"<p>Kuzey K\u0131br\u0131s T\u00fcrk Cumhuriyeti Cumhuriyet Meclisi Ba\u015fkan\u0131 Zorlu T\u00f6re, Antalya Valilik makam\u0131n\u0131 ziyaret etti. Antalya\u2019da d\u00fczenlenen 15. Uluslararas\u0131 E\u011fitim Y\u00f6netimi Forumu\u2019na (EFYOR) kat\u0131lmak \u00fczere Antalya\u2019ya <a href=\"https:\/\/akdenizhaber.com.tr\/index.php\/2024\/05\/03\/kktc-meclis-baskani-zorlu-toreden-valilik-ziyareti\/\" class=\"read-more-link\">[more&#8230;]<\/a><\/p>\n","protected":false},"author":2,"featured_media":23390,"comment_status":"open","ping_status":"open","sticky":false,"template":"","format":"standard","meta":{"footnotes":""},"categories":[2],"tags":[],"class_list":["post-23389","post","type-post","status-publish","format-standard","has-post-thumbnail","hentry","category-gundem"],"_links":{"self":[{"href":"https:\/\/akdenizhaber.com.tr\/index.php\/wp-json\/wp\/v2\/posts\/23389","targetHints":{"allow":["GET"]}}],"collection":[{"href":"https:\/\/akdenizhaber.com.tr\/index.php\/wp-json\/wp\/v2\/posts"}],"about":[{"href":"https:\/\/akdenizhaber.com.tr\/index.php\/wp-json\/wp\/v2\/types\/post"}],"author":[{"embeddable":true,"href":"https:\/\/akdenizhaber.com.tr\/index.php\/wp-json\/wp\/v2\/users\/2"}],"replies":[{"embeddable":true,"href":"https:\/\/akdenizhaber.com.tr\/index.php\/wp-json\/wp\/v2\/comments?post=23389"}],"version-history":[{"count":1,"href":"https:\/\/akdenizhaber.com.tr\/index.php\/wp-json\/wp\/v2\/posts\/23389\/revisions"}],"predecessor-version":[{"id":23391,"href":"https:\/\/akdenizhaber.com.tr\/index.php\/wp-json\/wp\/v2\/posts\/23389\/revisions\/23391"}],"wp:featuredmedia":[{"embeddable":true,"href":"https:\/\/akdenizhaber.com.tr\/index.php\/wp-json\/wp\/v2\/media\/23390"}],"wp:attachment":[{"href":"https:\/\/akdenizhaber.com.tr\/index.php\/wp-json\/wp\/v2\/media?parent=23389"}],"wp:term":[{"taxonomy":"category","embeddable":true,"href":"https:\/\/akdenizhaber.com.tr\/index.php\/wp-json\/wp\/v2\/categories?post=23389"},{"taxonomy":"post_tag","embeddable":true,"href":"https:\/\/akdenizhaber.com.tr\/index.php\/wp-json\/wp\/v2\/tags?post=23389"}],"curies":[{"name":"wp","href":"https:\/\/api.w.org\/{rel}","templated":true}]}}