{"id":23386,"date":"2024-05-03T13:54:19","date_gmt":"2024-05-03T10:54:19","guid":{"rendered":"https:\/\/akdenizhaber.com.tr\/?p=23386"},"modified":"2024-05-03T13:54:20","modified_gmt":"2024-05-03T10:54:20","slug":"megastar-baspehlivan-ali-gurbuz-manavgat-belediyesinde","status":"publish","type":"post","link":"https:\/\/akdenizhaber.com.tr\/index.php\/2024\/05\/03\/megastar-baspehlivan-ali-gurbuz-manavgat-belediyesinde\/","title":{"rendered":"Megastar Ba\u015fpehlivan Ali G\u00fcrb\u00fcz Manavgat Belediyesinde"},"content":{"rendered":"\n<p>Tarihi K\u0131rkp\u0131nar Ya\u011fl\u0131 Pehlivan G\u00fcre\u015fleri\u2019nde 2011, 2012, 2019 ve 2021\u2019de 4 kez Alt\u0131n Kemer sahibi olan Dual\u0131 \u00c7ay\u0131r\u2019\u0131n Megastar\u2019\u0131 Ba\u015fpehlivan Ali G\u00fcrb\u00fcz kendisini 1 y\u0131ll\u0131\u011f\u0131na Manavgat Belediyesi G\u00fcre\u015f Kul\u00fcb\u00fc\u2019ne ba\u011flayan s\u00f6zle\u015fmeye imza att\u0131.<\/p>\n\n\n\n<p>Ali G\u00fcrb\u00fcz transferi Manavgat Belediyesi Side Hizmet Binas\u0131\u2019nda yap\u0131lan lansman ile duyuruldu. Lansmana, Manavgat Belediye Ba\u015fkan\u0131 Niyazi Nefi Kara, Manavgat Belediyespor G\u00fcre\u015f Tak\u0131m\u0131 Ba\u015f Antren\u00f6r\u00fc Bayram Ertan, Ba\u015fpehlivanlar Fatih Atl\u0131, Serhat G\u00f6kmen, belediye ba\u015fkan yard\u0131mc\u0131lar\u0131, meclis \u00fcyeleri ve bas\u0131n mensuplar\u0131 kat\u0131ld\u0131.<\/p>\n\n\n\n<p>26 Ekim 1987 Antalya Korkuteli do\u011fumlu olan Ali G\u00fcrb\u00fcz, keyif veren g\u00fcre\u015f stili ve kazand\u0131\u011f\u0131 ba\u015far\u0131larla g\u00fcre\u015f severler aras\u0131nda \u201cMegastar\u201d lakab\u0131yla an\u0131l\u0131yor. Eski K\u0131rkp\u0131nar ba\u015fpehlivanlar\u0131ndan Recep G\u00fcrb\u00fcz&#8217;\u00fcn o\u011flu ve pehlivan Mehmet \u00d6zt\u00fcrk&#8217;\u00fcn torunu olan Ali G\u00fcrb\u00fcz, \u00fc\u00e7 ku\u015fak ba\u015fpehlivan olan bir aileden geliyor. Dual\u0131 \u00e7ay\u0131rda bir\u00e7ok ba\u015far\u0131 kazanan Ba\u015fpehlivan Ali G\u00fcrb\u00fcz, 2007 senesinde Gen\u00e7ler Avrupa \u015eampiyonas\u0131 ve Gen\u00e7ler D\u00fcnya \u015eampiyonas\u0131\u2019nda elde etti\u011fi \u00fc\u00e7\u00fcnc\u00fcl\u00fckler ile minder g\u00fcre\u015findeki r\u00fc\u015ft\u00fcn\u00fc de ispatlad\u0131.<\/p>\n\n\n\n<p>Bu transferle birlikte G\u00fcrb\u00fcz, 2014 y\u0131l\u0131 Tarihi K\u0131rkp\u0131nar Ba\u015fpehlivan\u0131 Fatih Atl\u0131 ve 2023 CW Enerji Ya\u011fl\u0131 G\u00fcre\u015f Ligi 3.\u2019s\u00fc Serhat G\u00f6kmen ile tak\u0131m arkada\u015f\u0131 oldu. Yeni sezona Bayram Ertan\u2019\u0131n ba\u015f antren\u00f6rl\u00fc\u011f\u00fcnde haz\u0131rlanan Manavgat Belediyespor G\u00fcre\u015f Tak\u0131m\u0131, 3 ba\u015falt\u0131, 2 b\u00fcy\u00fckorta olmak \u00fczere 80 pehlivana sahip.<\/p>\n\n\n\n<p>Manavgat Belediye Ba\u015fkan\u0131 Doktor Niyazi Nefi Kara, \u2018\u2018Bug\u00fcn Manavgat i\u00e7in \u00f6nemli bir g\u00fcn. Fatih Atl\u0131 karde\u015fim bize sezonun ilk alt\u0131n kemerini getirdi, kendisini y\u00fcrekten kutluyorum. Serhat karde\u015fim Manavgat\u2019\u0131n emektar\u0131, o bizim i\u00e7in ayr\u0131 bir de\u011fer, kendisinden b\u00fcy\u00fck ba\u015far\u0131lar bekliyoruz. Ali karde\u015fime ger\u00e7ek tak\u0131m\u0131na ho\u015f geldin diyorum. Uzun y\u0131llard\u0131r tan\u0131\u015f\u0131yoruz, her zaman birbirimizin yan\u0131nda olduk. Atadan beridir tan\u0131d\u0131\u011f\u0131m, do\u011fdu\u011fu evi dahi gidip g\u00f6rd\u00fc\u011f\u00fcm bir karde\u015fimdir. Bir\u00e7ok teklife ra\u011fmen bir t\u00fcrl\u00fc Manavgat\u2019a getirilemeyen Ali karde\u015fim art\u0131k bir g\u00f6n\u00fcl borcunu \u00f6demek i\u00e7in bizim aram\u0131za kat\u0131ld\u0131. K\u00fc\u00e7\u00fck bir eksi\u011fimiz vard\u0131, Ali karde\u015fim o eksi\u011fi fazlas\u0131yla tamamlad\u0131. Manavgat\u2019\u0131m\u0131za hay\u0131rl\u0131 u\u011furlu olsun. Bu y\u0131l Manavgat\u2019a temel hedefimi&lt; olan K\u0131rkp\u0131nar\u2019\u0131 getireceklerdir diye d\u00fc\u015f\u00fcn\u00fcyorum. T\u00fcrkiye\u2019nin en g\u00fc\u00e7l\u00fc g\u00fcre\u015f tak\u0131m\u0131 bizde.\u201d dedi.<\/p>\n\n\n\n<p>Ali G\u00fcrb\u00fcz ise \u2018\u2018Ba\u015fkan\u0131m\u0131zla eskiye dayanan bir dostlu\u011fumuz, abi karde\u015f ili\u015fkimiz var. Manavgat\u2019\u0131 ger\u00e7ekten \u00e7ok seviyorum. Burada bana kar\u015f\u0131 babamdan kalan ekstra bir sevgi var. Ben de ayn\u0131 duygular\u0131 ta\u015f\u0131yorum. Son y\u0131llar\u0131n en g\u00fczel g\u00fcre\u015fleri K\u0131rkp\u0131nar \u00f6ncesi Manavgat\u2019ta ger\u00e7ekle\u015fiyor. Kul\u00fcp olarak, ekip olarak \u015fimdi art\u0131k K\u0131rkp\u0131nar\u2019a haz\u0131rlanaca\u011f\u0131z ve Allah\u2019\u0131n izniyle alt\u0131n kemeri Manavgat\u2019a getirece\u011fiz.\u2019\u2019 dedi.<\/p>\n\n\n\n<p>Manavgat Belediyesi \/ B\u00fclten<\/p>\n","protected":false},"excerpt":{"rendered":"<p>Tarihi K\u0131rkp\u0131nar Ya\u011fl\u0131 Pehlivan G\u00fcre\u015fleri\u2019nde 2011, 2012, 2019 ve 2021\u2019de 4 kez Alt\u0131n Kemer sahibi olan Dual\u0131 \u00c7ay\u0131r\u2019\u0131n Megastar\u2019\u0131 Ba\u015fpehlivan Ali G\u00fcrb\u00fcz kendisini 1 y\u0131ll\u0131\u011f\u0131na <a href=\"https:\/\/akdenizhaber.com.tr\/index.php\/2024\/05\/03\/megastar-baspehlivan-ali-gurbuz-manavgat-belediyesinde\/\" class=\"read-more-link\">[more&#8230;]<\/a><\/p>\n","protected":false},"author":2,"featured_media":23387,"comment_status":"open","ping_status":"open","sticky":false,"template":"","format":"standard","meta":{"footnotes":""},"categories":[2],"tags":[],"class_list":["post-23386","post","type-post","status-publish","format-standard","has-post-thumbnail","hentry","category-gundem"],"_links":{"self":[{"href":"https:\/\/akdenizhaber.com.tr\/index.php\/wp-json\/wp\/v2\/posts\/23386","targetHints":{"allow":["GET"]}}],"collection":[{"href":"https:\/\/akdenizhaber.com.tr\/index.php\/wp-json\/wp\/v2\/posts"}],"about":[{"href":"https:\/\/akdenizhaber.com.tr\/index.php\/wp-json\/wp\/v2\/types\/post"}],"author":[{"embeddable":true,"href":"https:\/\/akdenizhaber.com.tr\/index.php\/wp-json\/wp\/v2\/users\/2"}],"replies":[{"embeddable":true,"href":"https:\/\/akdenizhaber.com.tr\/index.php\/wp-json\/wp\/v2\/comments?post=23386"}],"version-history":[{"count":1,"href":"https:\/\/akdenizhaber.com.tr\/index.php\/wp-json\/wp\/v2\/posts\/23386\/revisions"}],"predecessor-version":[{"id":23388,"href":"https:\/\/akdenizhaber.com.tr\/index.php\/wp-json\/wp\/v2\/posts\/23386\/revisions\/23388"}],"wp:featuredmedia":[{"embeddable":true,"href":"https:\/\/akdenizhaber.com.tr\/index.php\/wp-json\/wp\/v2\/media\/23387"}],"wp:attachment":[{"href":"https:\/\/akdenizhaber.com.tr\/index.php\/wp-json\/wp\/v2\/media?parent=23386"}],"wp:term":[{"taxonomy":"category","embeddable":true,"href":"https:\/\/akdenizhaber.com.tr\/index.php\/wp-json\/wp\/v2\/categories?post=23386"},{"taxonomy":"post_tag","embeddable":true,"href":"https:\/\/akdenizhaber.com.tr\/index.php\/wp-json\/wp\/v2\/tags?post=23386"}],"curies":[{"name":"wp","href":"https:\/\/api.w.org\/{rel}","templated":true}]}}