{"id":23372,"date":"2024-05-03T13:44:58","date_gmt":"2024-05-03T10:44:58","guid":{"rendered":"https:\/\/akdenizhaber.com.tr\/?p=23372"},"modified":"2024-05-03T13:45:00","modified_gmt":"2024-05-03T10:45:00","slug":"baskan-karadan-sehit-evine-pehlivanlarla-ziyaret","status":"publish","type":"post","link":"https:\/\/akdenizhaber.com.tr\/index.php\/2024\/05\/03\/baskan-karadan-sehit-evine-pehlivanlarla-ziyaret\/","title":{"rendered":"Ba\u015fkan Kara\u2019dan \u015eehit Evine Pehlivanlarla Ziyaret"},"content":{"rendered":"\n<p>Manavgat Belediye Ba\u015fkan\u0131 Niyazi Nefi Kara, Ali G\u00fcrb\u00fcz ile imzalanan s\u00f6zle\u015fme sonras\u0131nda, Manavgat Belediyesi G\u00fcre\u015f Kul\u00fcb\u00fc ad\u0131na yar\u0131\u015fan pehlivanlarla birlikte ge\u00e7ti\u011fimiz g\u00fcn \u015fehit olan Jandarma Astsubay \u00c7avu\u015f Mustafa \u015een\u2019in ailesine taziye ziyaretinde bulundu.&nbsp;&nbsp;&nbsp;&nbsp;&nbsp;&nbsp;&nbsp;&nbsp;<\/p>\n\n\n\n<p>Ba\u015fkan Nefi Kara\u2019n\u0131n taziye ziyaretinde pehlivanlarla birlikte belediye ba\u015fkan yard\u0131mc\u0131lar\u0131 ile meclis \u00fcyeleri de haz\u0131r bulundu. Ba\u015fkan Kara, \u015eehit Jandarma Astsubay \u00c7avu\u015f Mustafa \u015een\u2019in Manavgat\u2019\u0131n \u00c7ak\u0131\u015f mahallesinde bulunan taziye evinde, \u015fehidin Babas\u0131 \u0130smail \u015een ile sohbet ederek ac\u0131s\u0131n\u0131 payla\u015ft\u0131. Taziye ziyareti, okunan Kur\u2019an-\u0131 Kerim ve yap\u0131lan dualar\u0131n ard\u0131ndan son buldu.<\/p>\n\n\n\n<p>\u015eehit ailesinin ac\u0131lar\u0131n\u0131 payla\u015farak, \u015fehit yak\u0131nlar\u0131yla sohbet eden Manavgat Belediye Ba\u015fkan\u0131 Niyazi Nefi Kara, ac\u0131 haber kar\u015f\u0131s\u0131nda kahrolduklar\u0131n\u0131 belirterek \u015fehide Allah\u2019tan rahmet diledi\u011fini s\u00f6yledi. Ba\u015fkan Niyazi Nefi Kara, \u201cManavgat Belediyesi olarak milletimizin kutsal emaneti olan aziz \u015fehidimiz Mustafa \u015een karde\u015fimizin ailesinin her daim yan\u0131nday\u0131z. Bu vatan topraklar\u0131nda canlar\u0131n\u0131 ve kanlar\u0131n\u0131 vererek huzur i\u00e7erisinde ya\u015fam\u0131m\u0131z\u0131 sa\u011flayan t\u00fcm \u015fehit ve gazilerimiz bizim i\u00e7in kutsald\u0131r. Mustafa karde\u015fimiz, in\u015fallah Peygamber Efendimize kom\u015fu olacakt\u0131r.\u201d dedi.<\/p>\n\n\n\n<p>Manavgat Belediyesi \/ B\u00fclten<\/p>\n","protected":false},"excerpt":{"rendered":"<p>Manavgat Belediye Ba\u015fkan\u0131 Niyazi Nefi Kara, Ali G\u00fcrb\u00fcz ile imzalanan s\u00f6zle\u015fme sonras\u0131nda, Manavgat Belediyesi G\u00fcre\u015f Kul\u00fcb\u00fc ad\u0131na yar\u0131\u015fan pehlivanlarla birlikte ge\u00e7ti\u011fimiz g\u00fcn \u015fehit olan Jandarma <a href=\"https:\/\/akdenizhaber.com.tr\/index.php\/2024\/05\/03\/baskan-karadan-sehit-evine-pehlivanlarla-ziyaret\/\" class=\"read-more-link\">[more&#8230;]<\/a><\/p>\n","protected":false},"author":2,"featured_media":23373,"comment_status":"open","ping_status":"open","sticky":false,"template":"","format":"standard","meta":{"footnotes":""},"categories":[2],"tags":[],"class_list":["post-23372","post","type-post","status-publish","format-standard","has-post-thumbnail","hentry","category-gundem"],"_links":{"self":[{"href":"https:\/\/akdenizhaber.com.tr\/index.php\/wp-json\/wp\/v2\/posts\/23372","targetHints":{"allow":["GET"]}}],"collection":[{"href":"https:\/\/akdenizhaber.com.tr\/index.php\/wp-json\/wp\/v2\/posts"}],"about":[{"href":"https:\/\/akdenizhaber.com.tr\/index.php\/wp-json\/wp\/v2\/types\/post"}],"author":[{"embeddable":true,"href":"https:\/\/akdenizhaber.com.tr\/index.php\/wp-json\/wp\/v2\/users\/2"}],"replies":[{"embeddable":true,"href":"https:\/\/akdenizhaber.com.tr\/index.php\/wp-json\/wp\/v2\/comments?post=23372"}],"version-history":[{"count":1,"href":"https:\/\/akdenizhaber.com.tr\/index.php\/wp-json\/wp\/v2\/posts\/23372\/revisions"}],"predecessor-version":[{"id":23374,"href":"https:\/\/akdenizhaber.com.tr\/index.php\/wp-json\/wp\/v2\/posts\/23372\/revisions\/23374"}],"wp:featuredmedia":[{"embeddable":true,"href":"https:\/\/akdenizhaber.com.tr\/index.php\/wp-json\/wp\/v2\/media\/23373"}],"wp:attachment":[{"href":"https:\/\/akdenizhaber.com.tr\/index.php\/wp-json\/wp\/v2\/media?parent=23372"}],"wp:term":[{"taxonomy":"category","embeddable":true,"href":"https:\/\/akdenizhaber.com.tr\/index.php\/wp-json\/wp\/v2\/categories?post=23372"},{"taxonomy":"post_tag","embeddable":true,"href":"https:\/\/akdenizhaber.com.tr\/index.php\/wp-json\/wp\/v2\/tags?post=23372"}],"curies":[{"name":"wp","href":"https:\/\/api.w.org\/{rel}","templated":true}]}}