{"id":23365,"date":"2024-05-03T13:39:54","date_gmt":"2024-05-03T10:39:54","guid":{"rendered":"https:\/\/akdenizhaber.com.tr\/?p=23365"},"modified":"2024-05-03T13:39:54","modified_gmt":"2024-05-03T10:39:54","slug":"hasyurt-tarim-fuari-8-10-mayista-27-kez-kapilarini-aciyor","status":"publish","type":"post","link":"https:\/\/akdenizhaber.com.tr\/index.php\/2024\/05\/03\/hasyurt-tarim-fuari-8-10-mayista-27-kez-kapilarini-aciyor\/","title":{"rendered":"Hasyurt Tar\u0131m Fuar\u0131 8-10 May\u0131s\u2019ta 27. kez kap\u0131lar\u0131n\u0131 a\u00e7\u0131yor"},"content":{"rendered":"\n<p>Antalya B\u00fcy\u00fck\u015fehir Belediye Ba\u015fkan\u0131 Muhittin B\u00f6cek, T\u00fcrkiye\u2019nin ilk tar\u0131m fuar\u0131 olma \u00f6zelli\u011fi ta\u015f\u0131yan, bu y\u0131l 8-10 May\u0131s tarihlerinde 27\u2019ncisi d\u00fczenlenecek Hasyurt Tar\u0131m Fuar\u0131\u2019na tar\u0131m sekt\u00f6r\u00fcn\u00fcn tam payda\u015flar\u0131n\u0131 davet etti. Ba\u015fkan B\u00f6cek, tar\u0131m sekt\u00f6r\u00fcne desteklerinin yeni d\u00f6nemde de artarak devam edece\u011fini belirterek, \u201cAntalya \u00fcretecek, Antalya kazanacak, Antalya \u00fcretecek T\u00fcrkiye kazanacakt\u0131r. \u00dcreten \u00fclke g\u00fc\u00e7l\u00fc \u00fclkedir\u201d dedi.<\/p>\n\n\n\n<p>T\u00fcrkiye&#8217;nin ilk tar\u0131m fuar\u0131 olma \u00f6zelli\u011fini ta\u015f\u0131yan &#8220;Hasyurt Tar\u0131m Fuar\u0131&#8221;, Antalya B\u00fcy\u00fck\u015fehir Belediyesi himayesinde bu y\u0131l 8-10 May\u0131s tarihlerinde 27&#8217;nci kez ger\u00e7ekle\u015ftirilecek.&nbsp; Antalya B\u00fcy\u00fck\u015fehir Belediyesi Toplant\u0131 Salonu\u2019nda 27. Hasyurt Tar\u0131m Fuar\u0131 ile bas\u0131n toplant\u0131s\u0131 d\u00fczenlendi. Toplant\u0131ya, Antalya B\u00fcy\u00fck\u015fehir Belediye Ba\u015fkan\u0131 Muhittin B\u00f6cek, Antalya Tar\u0131m Konseyi ve Antalya Ticaret Borsas\u0131 (ATB) Ba\u015fkan\u0131 Ali \u00c7and\u0131r, Finike Belediye Ba\u015fkan\u0131 Mustafa Geyikci, Kumluca Ticaret Borsas\u0131 Meclis Ba\u015fkan\u0131 Mehmet \u00d6z\u00e7etinkaya, Kumluca Ticaret ve Sanayi Odas\u0131 Ba\u015fkan\u0131 Fahri \u00d6zen kat\u0131ld\u0131.<\/p>\n\n\n\n<p>HERKES\u0130N BA\u015eKANIYIM<\/p>\n\n\n\n<p>Ba\u015fkan Muhittin B\u00f6cek, ikinci d\u00f6nemin ilk bas\u0131n toplant\u0131s\u0131nda 31 Mart yerel se\u00e7imlerinde destek veren,vermeyen t\u00fcm Antalyal\u0131lara te\u015fekk\u00fcr etti. Ba\u015fkan B\u00f6cek, \u201cAntalya\u2019da Konyaalt\u0131\u2019nda 4 d\u00f6nem belediye ba\u015fkanl\u0131\u011f\u0131ndan sonra Antalya B\u00fcy\u00fck\u015fehir Belediyesi\u2019nde ikinci d\u00f6nemi \u00fcst \u00fcste kazanan ilk belediye ba\u015fkan\u0131 olarak, herkesin ba\u015fkan\u0131 olaca\u011f\u0131m. Antalya\u2019da kimseyi \u00f6tekile\u015ftirmeden \u00e7al\u0131\u015fmalar\u0131m\u0131z\u0131 birlikte ger\u00e7ekle\u015ftirece\u011fiz\u201d dedi.<\/p>\n\n\n\n<p>PROJELER\u0130M\u0130ZLE T\u00dcRK\u0130YE\u2019DE \u00d6NC\u00dc OLDUK<\/p>\n\n\n\n<p>Hasyurt Tar\u0131m Fuar\u0131\u2019n\u0131n 8-10 May\u0131s tarihleri aras\u0131nda kap\u0131lar\u0131n\u0131 27\u2019inci kez a\u00e7aca\u011f\u0131n\u0131 s\u00f6yleyen Ba\u015fkan B\u00f6cek, \u201c2019 y\u0131l\u0131ndan bug\u00fcne kadar, yerelden kalk\u0131nma projelerimiz ile \u00e7ift\u00e7inin, \u00fcreticinin her daim yan\u0131nda olduk. Kapal\u0131 devre sulama sistemleri,ekipman destekleri, tohum fide fidan destekleri, sulama kooperatiflerine enerji deste\u011fi, ak\u0131ll\u0131 tar\u0131m uygulamalar\u0131 gibi bir\u00e7ok projemizle T\u00fcrkiye\u2019deki belediyelere \u00f6nc\u00fc olduk.Tar\u0131m sekt\u00f6r\u00fcndeki payda\u015flar\u0131n biraraya geldi\u011fi, tar\u0131m\u0131n kalk\u0131nmas\u0131na ivme kazand\u0131ran fuarlar\u0131m\u0131zdan biri olan T\u00fcrkiye\u2019nin ilk tar\u0131m fuar\u0131 Hasyurt Tar\u0131m Fuar\u0131\u2019na da bu nedenle \u00f6nem veriyoruz\u201d diye konu\u015ftu.<\/p>\n\n\n\n<p>50 B\u0130N Z\u0130YARET\u00c7\u0130 BEKL\u0130YORUZ<\/p>\n\n\n\n<p>Fuar\u0131n tar\u0131m a\u00e7\u0131s\u0131ndan son derece \u00f6nemli oldu\u011funu s\u00f6yleyen Muhittin B\u00f6cek, konu\u015fmas\u0131n\u0131 \u015f\u00f6yle s\u00fcrd\u00fcrd\u00fc: \u201cFuar\u0131m\u0131zda ziyaret\u00e7iler; yeni hizmet ve \u00fcr\u00fcnleri tan\u0131yacak, yapacaklar\u0131 g\u00f6r\u00fc\u015fmelerle \u00e7al\u0131\u015fmalar\u0131na katk\u0131 sa\u011flayacaklard\u0131r. Ayr\u0131ca yeni i\u015f ve ticari birliktelikler kurarak \u00fcr\u00fcn ve \u00fcretimlerini daha de\u011ferli hale getirme f\u0131rsatlar\u0131n\u0131 bulacaklar. Ge\u00e7ti\u011fimiz y\u0131l fuar\u0131m\u0131zda 87 firma yer alm\u0131\u015f ve 24 bin 352 ziyaret\u00e7i kat\u0131l\u0131m sa\u011flam\u0131\u015ft\u0131.&nbsp; Bu y\u0131l ise 100 civar\u0131nda firman\u0131n kat\u0131l\u0131m\u0131 ile 50 binin \u00fczerinde ziyaret\u00e7i bekliyoruz. Tar\u0131ma y\u00f6nelik desteklerimiz yeni d\u00f6nemimizde de artarak devam edecektir. Antalya \u00fcretecek, Antalya kazanacak, Antalya \u00fcretecek T\u00fcrkiye kazanacakt\u0131r.&nbsp; \u00c7\u00fcnk\u00fc \u201c\u00fcreten \u00fclke g\u00fc\u00e7l\u00fc \u00fclkedir.\u201d<\/p>\n\n\n\n<p>SEKT\u00d6R PAYDA\u015eLARI BULU\u015eACAK<\/p>\n\n\n\n<p>Antalya Tar\u0131m Konseyi Ba\u015fkan\u0131 ve ATB Ba\u015fkan\u0131 Ali \u00c7and\u0131r ise, \u201cHasyurt Tar\u0131m Fuar\u0131 ile<\/p>\n\n\n\n<p>sekt\u00f6rdeki yenilikleri, teknolojik geli\u015fmeleri ve en son tar\u0131m uygulamalar\u0131n tan\u0131t\u0131lmas\u0131n\u0131n ama\u00e7l\u0131yoruz. Fuar, bitki beslemeden g\u00fcbreye, zirai ila\u00e7tan tohuma ve fideye, sera plasti\u011finden mekanizasyona kadar tar\u0131m sekt\u00f6r\u00fcnde her alan\u0131ndan kat\u0131l\u0131mc\u0131ya geni\u015f bir yelpazede \u00fcr\u00fcn ve hizmetleri sergileme imk\u00e2n\u0131 sunacak\u201d dedi.<\/p>\n\n\n\n<p>F\u0130N\u0130KE PORTAKALI DALINDA KALDI<\/p>\n\n\n\n<p>Finike Belediye Ba\u015fkan\u0131 Mustafa Geyik\u00e7i, Hasyurt Tar\u0131m Fuar\u0131\u2019n\u0131n sekt\u00f6r\u00fcn b\u00fct\u00fcn payda\u015flar\u0131na b\u00fcy\u00fck katk\u0131 sundu\u011funu ifade ederek, \u201c\u0130l\u00e7emiz d\u00fcnyaca \u00fcnl\u00fc bir tar\u0131m \u00fcr\u00fcn\u00fc olan Finike Portakal\u0131\u2019n\u0131n anavatan\u0131d\u0131r. \u00c7ok de\u011ferli portakal\u0131m\u0131z hak etti\u011fi kar\u015f\u0131l\u0131\u011f\u0131 alamam\u0131\u015f ve ne yaz\u0131k ki bu y\u0131l dal\u0131nda kalm\u0131\u015ft\u0131r. Bu fuarda en \u00f6nemli ama\u00e7lar\u0131m\u0131zdan biri de Finike Portakal\u0131m\u0131z\u0131n hak etti\u011fi kar\u015f\u0131l\u0131\u011f\u0131 bulmas\u0131n\u0131 sa\u011flamakt\u0131r. Bunun i\u00e7in fuar\u0131m\u0131zda \u00fcreticilerimizi yeni teknolojilerle bulu\u015fturarak Finike Portakal\u0131m\u0131z\u0131 katma de\u011ferli bir \u00fcr\u00fcne d\u00f6n\u00fc\u015fmesini sa\u011flamak istiyoruz\u201d diye konu\u015ftu.<\/p>\n\n\n\n<p>FUARI DAVET<\/p>\n\n\n\n<p>Kumluca Ticaret Borsas\u0131 Meclis Ba\u015fkan\u0131 Mehmet \u00d6z\u00e7etinkaya\u2019da tar\u0131m sekt\u00f6r\u00fcn\u00fcn t\u00fcm payda\u015flar\u0131n\u0131 Hasyurt Tar\u0131m Fuar\u0131\u2019na davet etti. Kumluca Ticaret ve Sanayi Odas\u0131 Ba\u015fkan\u0131 Fahri \u00d6zen ise fuarda Bat\u0131 Akdeniz tar\u0131m sekt\u00f6re i\u00e7in b\u00fcy\u00fck \u00f6nem ta\u015f\u0131yan Ka\u015f G\u0131da, \u0130htisas Organize Sanayi projesinin tan\u0131t\u0131m\u0131n\u0131 yapacaklar\u0131n\u0131 kaydetti.<\/p>\n\n\n\n<p>PANELLER VE YARI\u015eMALAR D\u00dcZENLENECEK<\/p>\n\n\n\n<p>27. Hasyurt Tar\u0131m Fuar\u0131\u2019n\u0131n ilk g\u00fcn\u00fc 8 May\u0131s \u00c7ar\u015famba saat 14.00\u2019te Tar\u0131m Yazar\u0131 Ali Ekber Y\u0131ld\u0131r\u0131m moderat\u00f6rl\u00fc\u011f\u00fcnde \u201cS\u00f6z \u00c7ift\u00e7ide Program\u0131\u201d d\u00fczenlenecek. \u0130kinci g\u00fcn, 9 May\u0131s Per\u015fembe g\u00fcn\u00fc saat 11.00\u2019de Bat\u0131 Akdeniz Tar\u0131msal Ara\u015ft\u0131rma Enstit\u00fcs\u00fc M\u00fcd\u00fcrl\u00fc\u011f\u00fc i\u015fbirli\u011finde budamadan, hastal\u0131klar ile m\u00fccadeleye, fizyolojiden re\u00e7el yap\u0131m\u0131na kadar bir\u00e7ok bilginin sunulaca\u011f\u0131 \u201cNarenciye Yeti\u015ftiricili\u011fi\u201d paneli ger\u00e7ekle\u015ftirilecek. \u0130kinci g\u00fcn, saat 14.00\u2019te ATB Bas\u0131n Dan\u0131\u015fman\u0131 Vahide Emel Yan\u0131k\u2019\u0131n moderat\u00f6rl\u00fc\u011f\u00fcnde b\u00f6lgedeki ziraat odas\u0131 ba\u015fkanlar\u0131n\u0131n kat\u0131l\u0131m\u0131yla \u201cBat\u0131 Antalya Tar\u0131m\u0131\u201d panelinde b\u00f6lgenin sorunlar\u0131 ele al\u0131nacak. \u00dc\u00e7\u00fcnc\u00fc ve son g\u00fcn 10 May\u0131s Cuma saat 11.00\u2019de Antalya B\u00fcy\u00fck\u015fehir Belediyesi Tar\u0131msal Hizmetler Daire Ba\u015fkan\u0131 Seda \u00d6zel\u2019in moderat\u00f6rl\u00fc\u011f\u00fcnde \u201cTARIM-GES Uygulamalar\u0131\u201d paneli d\u00fczenlenecek. Saat 14.00\u2019te ise, Finike, Kumluca, Demre, Ka\u015f, Elmal\u0131 ve Korkuteli\u2019nden kat\u0131lacak \u00e7ift\u00e7i ailelerimiz ile \u201c\u00c7ift\u00e7i Aileler Yar\u0131\u015f\u0131yor \u00d6d\u00fcll\u00fc Bilgi Yar\u0131\u015fmas\u0131\u201d d\u00fczenlenecek. Yar\u0131\u015fmada birinciye 10 bin TL, ikinciye 7.500 TL, \u00fc\u00e7\u00fcnc\u00fcye 5 bin TL, \u00f6zel \u00f6d\u00fcl olarak kat\u0131l\u0131mc\u0131 her aileye 2.500 TL para \u00f6d\u00fcl\u00fc ile toplam 30 bin TL para \u00f6d\u00fcl\u00fc da\u011f\u0131t\u0131lacak.<\/p>\n\n\n\n<p>Antalya B\u00fcy\u00fck\u015fehir Belediyesi \/ B\u00fclten<\/p>\n","protected":false},"excerpt":{"rendered":"<p>Antalya B\u00fcy\u00fck\u015fehir Belediye Ba\u015fkan\u0131 Muhittin B\u00f6cek, T\u00fcrkiye\u2019nin ilk tar\u0131m fuar\u0131 olma \u00f6zelli\u011fi ta\u015f\u0131yan, bu y\u0131l 8-10 May\u0131s tarihlerinde 27\u2019ncisi d\u00fczenlenecek Hasyurt Tar\u0131m Fuar\u0131\u2019na tar\u0131m sekt\u00f6r\u00fcn\u00fcn <a href=\"https:\/\/akdenizhaber.com.tr\/index.php\/2024\/05\/03\/hasyurt-tarim-fuari-8-10-mayista-27-kez-kapilarini-aciyor\/\" class=\"read-more-link\">[more&#8230;]<\/a><\/p>\n","protected":false},"author":2,"featured_media":23366,"comment_status":"open","ping_status":"open","sticky":false,"template":"","format":"standard","meta":{"footnotes":""},"categories":[2],"tags":[],"class_list":["post-23365","post","type-post","status-publish","format-standard","has-post-thumbnail","hentry","category-gundem"],"_links":{"self":[{"href":"https:\/\/akdenizhaber.com.tr\/index.php\/wp-json\/wp\/v2\/posts\/23365","targetHints":{"allow":["GET"]}}],"collection":[{"href":"https:\/\/akdenizhaber.com.tr\/index.php\/wp-json\/wp\/v2\/posts"}],"about":[{"href":"https:\/\/akdenizhaber.com.tr\/index.php\/wp-json\/wp\/v2\/types\/post"}],"author":[{"embeddable":true,"href":"https:\/\/akdenizhaber.com.tr\/index.php\/wp-json\/wp\/v2\/users\/2"}],"replies":[{"embeddable":true,"href":"https:\/\/akdenizhaber.com.tr\/index.php\/wp-json\/wp\/v2\/comments?post=23365"}],"version-history":[{"count":1,"href":"https:\/\/akdenizhaber.com.tr\/index.php\/wp-json\/wp\/v2\/posts\/23365\/revisions"}],"predecessor-version":[{"id":23367,"href":"https:\/\/akdenizhaber.com.tr\/index.php\/wp-json\/wp\/v2\/posts\/23365\/revisions\/23367"}],"wp:featuredmedia":[{"embeddable":true,"href":"https:\/\/akdenizhaber.com.tr\/index.php\/wp-json\/wp\/v2\/media\/23366"}],"wp:attachment":[{"href":"https:\/\/akdenizhaber.com.tr\/index.php\/wp-json\/wp\/v2\/media?parent=23365"}],"wp:term":[{"taxonomy":"category","embeddable":true,"href":"https:\/\/akdenizhaber.com.tr\/index.php\/wp-json\/wp\/v2\/categories?post=23365"},{"taxonomy":"post_tag","embeddable":true,"href":"https:\/\/akdenizhaber.com.tr\/index.php\/wp-json\/wp\/v2\/tags?post=23365"}],"curies":[{"name":"wp","href":"https:\/\/api.w.org\/{rel}","templated":true}]}}