{"id":23346,"date":"2024-05-03T13:31:23","date_gmt":"2024-05-03T10:31:23","guid":{"rendered":"https:\/\/akdenizhaber.com.tr\/?p=23346"},"modified":"2024-05-03T13:31:24","modified_gmt":"2024-05-03T10:31:24","slug":"hekim-adaylari-akdeniz-tip-ogrenci-gunlerinde-eglendi","status":"publish","type":"post","link":"https:\/\/akdenizhaber.com.tr\/index.php\/2024\/05\/03\/hekim-adaylari-akdeniz-tip-ogrenci-gunlerinde-eglendi\/","title":{"rendered":"Hekim adaylar\u0131 Akdeniz T\u0131p \u00d6\u011frenci G\u00fcnleri\u2019nde e\u011flendi"},"content":{"rendered":"\n<p>Akdeniz \u00dcniversitesi T\u0131p Fak\u00fcltesi taraf\u0131ndan 12.&nbsp; Akdeniz T\u0131p \u00d6\u011frenci G\u00fcnleri ger\u00e7ekle\u015ftirildi.<\/p>\n\n\n\n<p>Akdeniz \u00dcniversitesi T\u0131p Fak\u00fcltesi Bah\u00e7esinde ger\u00e7ekle\u015fen 12.&nbsp; Akdeniz T\u0131p \u00d6\u011frenci G\u00fcnleri\u2019ne Akdeniz \u00dcniversitesi Rekt\u00f6r\u00fc Prof. Dr. \u00d6zlenen \u00d6zkan, Rekt\u00f6r Yard\u0131mc\u0131s\u0131 Prof. Dr. Ay\u015fe G\u00fclbin Ar\u0131c\u0131, T\u0131p Fak\u00fcltesi Dekan\u0131 Prof. Dr. Erol G\u00fcrp\u0131nar,Akdeniz \u00dcniversitesi Hastanesi Ba\u015fhekimi Prof. Dr. Y\u0131ld\u0131ray \u00c7ete, T\u0131p Fak\u00fcltesi Dekan Yard\u0131mc\u0131lar\u0131 Prof. Dr. Levent Sar\u0131kc\u0131o\u011flu, Prof. Dr. Neval Boztu\u011f, Hastane Ba\u015fhekim Yard\u0131mc\u0131lar\u0131 Prof. Dr. Banu Nur, Do\u00e7. Dr. Muhittin Yaprak, Do\u00e7. Dr. Murat U\u00e7ar, Dr. \u00d6\u011fr. \u00dcyesi Ali \u00dcnal, Dr. \u00d6\u011fr. \u00dcyesi Mustafa G\u00f6khan Ertosun, akademisyenler ve \u00f6\u011frenciler kat\u0131ld\u0131. Etkinlik kapsam\u0131nda T\u0131p Fak\u00fcltesi \u00f6\u011frencileri taraf\u0131ndan ger\u00e7ekle\u015ftirilen Toplumsal Duyarl\u0131l\u0131k ve \u00d6zel \u00c7al\u0131\u015fma Mod\u00fclleri projelerinin sunumlar\u0131 yap\u0131ld\u0131.\u00d6\u011frencilere pilav da\u011f\u0131t\u0131m\u0131n\u0131n ard\u0131ndan dans g\u00f6sterileri ve konserler d\u00fczenlendi.<\/p>\n\n\n\n<p>DOKTOR OLMAK SADECE HASTA MUAYENE ETMEK DE\u011e\u0130L<\/p>\n\n\n\n<p>Proje Sonu\u00e7lar\u0131n\u0131n De\u011ferlendirilmesi ve \u00d6d\u00fcl T\u00f6reni\u2019nde konu\u015fan Akdeniz \u00dcniversitesi Rekt\u00f6r\u00fc Prof. Dr. \u00d6zlenen \u00d6zkan, \u201cAkdeniz \u00dcniversitesi T\u0131p Fak\u00fcltesi \u00f6\u011frencisi olarak burada olmaktan inan\u0131n \u00e7ok b\u00fcy\u00fck bir heyecan duyuyorum. \u00c7ok g\u00fczel, bu kadar g\u00fczel bir g\u00fcnde bu kadar g\u00fczel \u00f6\u011frencileri g\u00f6rmek \u00e7ok b\u00fcy\u00fck bir mutluluk verdi. \u0130yi ki vars\u0131n\u0131z. Doktor olmak sadece hasta muayene etmek de\u011fil asl\u0131nda. Siz bir mesle\u011fi sabah 8 ak\u015fam 5 rica etmeyeceksiniz. Siz bir hayat tarz\u0131na do\u011fru yol al\u0131yorsunuz ve yapt\u0131\u011f\u0131n\u0131z \u015fey asl\u0131nda toplumla her an i\u00e7 i\u00e7e olmak ve toplumun b\u00fct\u00fcn sorunlar\u0131n\u0131 \u00f6zellikle sa\u011fl\u0131kla ilgili elbette kulak kabartmak ve bir \u015fekilde onlara rehberlik etmek ve \u00e7\u00f6z\u00fcm bulmak.\u201d \u015feklinde konu\u015ftu.<\/p>\n\n\n\n<p>TOPLUM \u0130\u00c7\u0130N DUYARLILIK VE EMPAT\u0130 GEREKT\u0130REN B\u0130R MESLEK<\/p>\n\n\n\n<p>\u00c7ok g\u00fczel projeler g\u00f6rd\u00fc\u011f\u00fcn\u00fc s\u00f6yleyen Rekt\u00f6r \u00d6zkan, \u201cT\u0131p bilimi sadece bilgi ve beceri de\u011fil. Ayn\u0131 zaman toplum i\u00e7in duyarl\u0131l\u0131k ve empati gerektiren bir meslek. Bu etkinlik t\u0131p e\u011fitiminin bu de\u011ferde ne kadar \u00f6nemli oldu\u011funu tekrar bize hat\u0131rlat\u0131yor. Ba\u015far\u0131lar\u0131n\u0131z\u0131n devam\u0131n\u0131 diliyorum. Hakikaten \u00e7ok keyifli bir ortam ben devam\u0131n\u0131 diliyorum. Sadece toplumsal duyarl\u0131l\u0131k de\u011fil, bir\u00e7ok sanatta, festivallerde bir arada olmak \u00fczere bir festival planl\u0131yoruz in\u015fallah hepiniz i\u00e7in. Sizi \u00e7ok seviyoruz, ba\u015far\u0131lar diliyorum, hepinizi \u00f6p\u00fcyorum, sa\u011f olun.\u201d ifadelerini kulland\u0131.<\/p>\n\n\n\n<p>HEDEF\u0130M\u0130Z T\u00dcRK\u0130YE\u2019N\u0130N EN \u0130Y\u0130 HEK\u0130MLER\u0130N\u0130 YET\u0130\u015eT\u0130RMEK<\/p>\n\n\n\n<p>T\u0131p Fak\u00fcltesi Dekan\u0131 Prof. Dr. Erol G\u00fcrp\u0131nar, \u201cBizim fak\u00fcltenin ger\u00e7ekten di\u011fer fak\u00fcltelerden ay\u0131ran en g\u00fc\u00e7l\u00fc noktalar\u0131ndan bir tanesi toplumsal duyarl\u0131l\u0131k projeleri ve \u00f6zel \u00e7al\u0131\u015fma mod\u00fclleri. Temel hedefimiz T\u00fcrkiye\u2019nin en iyi hekimlerini yeti\u015ftirmek, her zaman \u00f6\u011frenci arkada\u015flar\u0131 bulu\u015ftu\u011fumuzda s\u00f6yl\u00fcyorum. Hastal\u0131klara do\u011fru tan\u0131 koyan, do\u011fru tedavi eden, koruma yollar\u0131n\u0131 bilen acil m\u00fcdahaleyi do\u011fru yapan bilimsel ara\u015ft\u0131rmalar\u0131 yapabilen iyi hekimler yeti\u015ftirmek ama iyi hekim sadece bu kapsamda de\u011fil. Bunun d\u0131\u015f\u0131nda sosyal, sanatsal, k\u00fclt\u00fcrel a\u00e7\u0131dan da kendini yeti\u015ftiren, geli\u015ftiren hekimler ancak en iyi hekimlerdir i\u015fte bu projelerin temel hedefleri asl\u0131nda biraz bunlar sizlere sosyal sanatsal y\u00f6nden toplumsal y\u00f6nden geli\u015ftirmek ve bu alanlardaki \u00f6ng\u00f6r\u00fclerinizi topluma bak\u0131c\u0131s\u0131n\u0131 daha da geli\u015ftirmek. Biz ayn\u0131 zamanda yakla\u015f\u0131k 13 y\u0131ld\u0131r akredite bir fak\u00fclteyiz. Akreditasyonda da \u00f6rnek g\u00f6sterilen T\u00fcrkiye\u2019de bizi di\u011fer fak\u00fcltelerden ay\u0131ran en \u00f6nemli \u00f6zelliklerden bir tanesi.\u201d dedi.<\/p>\n\n\n\n<p>Projesini ba\u015far\u0131yla bitiren herkesin dereceye girdi\u011fini s\u00f6yleyen Dekan G\u00fcrp\u0131nar, en iyi ilk \u00fc\u00e7e de bir \u00f6d\u00fcl belgesi vereceklerini s\u00f6yleyerek emek veren hocalar\u0131n, \u00f6\u011frencilerin eline eme\u011fine sa\u011fl\u0131k dileklerini iletti.<\/p>\n\n\n\n<p>Konu\u015fmalar\u0131n ard\u0131ndan dereceye girenlere \u00f6d\u00fcller takdim edildi.<\/p>\n\n\n\n<p>Akdeniz \u00dcniversitesi Rekt\u00f6rl\u00fc\u011f\u00fc \/ B\u00fclten<\/p>\n","protected":false},"excerpt":{"rendered":"<p>Akdeniz \u00dcniversitesi T\u0131p Fak\u00fcltesi taraf\u0131ndan 12.&nbsp; Akdeniz T\u0131p \u00d6\u011frenci G\u00fcnleri ger\u00e7ekle\u015ftirildi. Akdeniz \u00dcniversitesi T\u0131p Fak\u00fcltesi Bah\u00e7esinde ger\u00e7ekle\u015fen 12.&nbsp; Akdeniz T\u0131p \u00d6\u011frenci G\u00fcnleri\u2019ne Akdeniz \u00dcniversitesi Rekt\u00f6r\u00fc <a href=\"https:\/\/akdenizhaber.com.tr\/index.php\/2024\/05\/03\/hekim-adaylari-akdeniz-tip-ogrenci-gunlerinde-eglendi\/\" class=\"read-more-link\">[more&#8230;]<\/a><\/p>\n","protected":false},"author":2,"featured_media":23347,"comment_status":"open","ping_status":"open","sticky":false,"template":"","format":"standard","meta":{"footnotes":""},"categories":[2],"tags":[],"class_list":["post-23346","post","type-post","status-publish","format-standard","has-post-thumbnail","hentry","category-gundem"],"_links":{"self":[{"href":"https:\/\/akdenizhaber.com.tr\/index.php\/wp-json\/wp\/v2\/posts\/23346","targetHints":{"allow":["GET"]}}],"collection":[{"href":"https:\/\/akdenizhaber.com.tr\/index.php\/wp-json\/wp\/v2\/posts"}],"about":[{"href":"https:\/\/akdenizhaber.com.tr\/index.php\/wp-json\/wp\/v2\/types\/post"}],"author":[{"embeddable":true,"href":"https:\/\/akdenizhaber.com.tr\/index.php\/wp-json\/wp\/v2\/users\/2"}],"replies":[{"embeddable":true,"href":"https:\/\/akdenizhaber.com.tr\/index.php\/wp-json\/wp\/v2\/comments?post=23346"}],"version-history":[{"count":1,"href":"https:\/\/akdenizhaber.com.tr\/index.php\/wp-json\/wp\/v2\/posts\/23346\/revisions"}],"predecessor-version":[{"id":23348,"href":"https:\/\/akdenizhaber.com.tr\/index.php\/wp-json\/wp\/v2\/posts\/23346\/revisions\/23348"}],"wp:featuredmedia":[{"embeddable":true,"href":"https:\/\/akdenizhaber.com.tr\/index.php\/wp-json\/wp\/v2\/media\/23347"}],"wp:attachment":[{"href":"https:\/\/akdenizhaber.com.tr\/index.php\/wp-json\/wp\/v2\/media?parent=23346"}],"wp:term":[{"taxonomy":"category","embeddable":true,"href":"https:\/\/akdenizhaber.com.tr\/index.php\/wp-json\/wp\/v2\/categories?post=23346"},{"taxonomy":"post_tag","embeddable":true,"href":"https:\/\/akdenizhaber.com.tr\/index.php\/wp-json\/wp\/v2\/tags?post=23346"}],"curies":[{"name":"wp","href":"https:\/\/api.w.org\/{rel}","templated":true}]}}