{"id":23318,"date":"2024-05-02T13:17:27","date_gmt":"2024-05-02T10:17:27","guid":{"rendered":"https:\/\/akdenizhaber.com.tr\/?p=23318"},"modified":"2024-05-02T13:17:28","modified_gmt":"2024-05-02T10:17:28","slug":"baskan-gungor-manavgat-turkiyenin-vergi-sampiyonlari-arasinda","status":"publish","type":"post","link":"https:\/\/akdenizhaber.com.tr\/index.php\/2024\/05\/02\/baskan-gungor-manavgat-turkiyenin-vergi-sampiyonlari-arasinda\/","title":{"rendered":"Ba\u015fkan G\u00fcng\u00f6r, \u201cManavgat T\u00fcrkiye\u2019nin Vergi \u015eampiyonlar\u0131 Aras\u0131nda\u201d"},"content":{"rendered":"\n<p>MATSO Nisan Ay\u0131 Meclis Toplant\u0131s\u0131na kat\u0131lan Antalya Vergi Dairesi Ba\u015fkan\u0131 \u0130lhan Karay\u0131lan, Antalya il\u00e7eleri aras\u0131nda vergi tahsilat\u0131nda birinci olmas\u0131 nedeniyle MATSO Ba\u015fkan\u0131 Seydi Tahsin G\u00fcng\u00f6r&#8217;e plaket takdim etti. Ba\u015fkan G\u00fcng\u00f6r, Manavgat\u2019\u0131n 52 ili geride b\u0131rakt\u0131\u011f\u0131n\u0131 belirterek \u201cManavgat T\u00fcrkiye\u2019nin vergi \u015fampiyonlar\u0131 aras\u0131nda\u201d dedi.<\/p>\n\n\n\n<p>Manavgat Ticaret ve Sanayi Odas\u0131 (MATSO) 2024 Y\u0131l\u0131 Nisan Ay\u0131 Ola\u011fan Meclis Toplant\u0131s\u0131 Meclis Ba\u015fkan\u0131 Sedat \u00d6z ba\u015fkanl\u0131\u011f\u0131nda ger\u00e7ekle\u015ftirildi. Toplant\u0131ya Antalya Vergi Dairesi Ba\u015fkan\u0131 \u0130lhan Karay\u0131lan ve Manavgat Vergi Dairesi M\u00fcd\u00fcr Vk. Sultan K\u00fc\u00e7\u00fcktuna ile MATSO Meclis \u00dcyeleri ve komite ba\u015fkan ve ba\u015fkan yard\u0131mc\u0131lar\u0131 kat\u0131ld\u0131. Toplant\u0131n\u0131n a\u00e7\u0131l\u0131\u015f\u0131nda konu\u015fan MATSO Ba\u015fkan\u0131 Seydi Tahsin G\u00fcng\u00f6r, Turizm, ticaret, ihracat ve b\u00f6lge ekonomisine y\u00f6nelik \u00e7e\u015fitli istatistiki verileri interaktif bir sunum ile a\u00e7\u0131klad\u0131. Manavgat ekonomisini \u00e7e\u015fitlendirmek i\u00e7in Nisan Ay\u0131 i\u00e7erisinde yapm\u0131\u015f olduklar\u0131 e\u011fitim, seminer ve toplant\u0131larla ilgili bilgiler vererek MATSO birimleri taraf\u0131ndan yap\u0131lan bir ayl\u0131k faaliyetleri a\u00e7\u0131klad\u0131.<\/p>\n\n\n\n<p>MANAVGAT VERG\u0130 \u00d6DEMES\u0130NDE 52 \u0130L\u0130 GER\u0130DE BIRAKTI<\/p>\n\n\n\n<p>MATSO ve Manavgat i\u015f d\u00fcnyas\u0131n\u0131n t\u00fcm sorunlar\u0131 ile yakinen ilgilenen Antalya Vergi Dairesi Ba\u015fkan\u0131 \u0130lhan Karay\u0131lan ve Manavgat Vergi Dairesi M\u00fcd\u00fcr Vk. Sultan K\u00fc\u00e7\u00fcktuna\u2019ya te\u015fekk\u00fcr eden Ba\u015fkan G\u00fcng\u00f6r, , Manavgat\u2019\u0131n en \u00e7ok vergi \u00f6deyen il\u00e7e olmas\u0131 ve vergi tahsilat\u0131nda 52 ili geride b\u0131rakarak bir rekora imza att\u0131\u011f\u0131n\u0131 s\u00f6yledi. Manavgat\u2019\u0131n T\u00fcrkiye\u2019nin vergi \u015fampiyonlar\u0131 aras\u0131nda oldu\u011funu ifade eden Ba\u015fkan G\u00fcng\u00f6r, Manavgat\u2019tan 2023 y\u0131l\u0131nda yakla\u015f\u0131k 8 milyar 64 milyon TL vergi tahsil edildi\u011fini kaydetti.<\/p>\n\n\n\n<p><strong>MANAVGAT EKONOM\u0130S\u0130, B\u00dcY\u00dcK B\u0130R EKONOM\u0130K POTANS\u0130YELE SAH\u0130PT\u0130R<\/strong><\/p>\n\n\n\n<p>&nbsp;Antalya il\u00e7eleri aras\u0131nda en \u00e7ok vergi tahsilat\u0131 yap\u0131lan Manavgat\u2019\u0131n ekonomik potansiyelinin s\u00fcrekli b\u00fcy\u00fcd\u00fc\u011f\u00fcn\u00fc vurgulayan Ba\u015fkan G\u00fcng\u00f6r, \u201cAntalya il\u00e7eleri aras\u0131nda vergi tahsilat\u0131nda birinci s\u0131rada yer alan Manavgat\u2019\u0131n bir\u00e7ok ilden daha b\u00fcy\u00fck bir ekonomik potansiyele sahip bir il\u00e7edir. Manavgat, &nbsp;ekonomik yap\u0131s\u0131, turizm ve tar\u0131m\u0131n yan\u0131 s\u0131ra ticaret ve hizmet sekt\u00f6r\u00fcndeki canl\u0131l\u0131\u011f\u0131yla \u00f6vg\u00fcye de\u011fer olmakla birlikte s\u00fcrd\u00fcr\u00fclebilir kalk\u0131nma i\u00e7in \u00f6nemli bir \u00f6rnek te\u015fkil ediyor\u201d dedi.&nbsp;<\/p>\n\n\n\n<p>BA\u015eKAN KARAYILAN \u201cMANAVGAT\u2019TAK\u0130 VERG\u0130 TAHS\u0130LATI S\u00dcRD\u00dcR\u00dcLEB\u0130L\u0130R\u201d<\/p>\n\n\n\n<p>Antalya Vergi Dairesi Ba\u015fkan\u0131 \u0130lhan Karay\u0131lan Meclis \u00fcyelerine hitaben k\u0131sa bir konu\u015fma yaparak vergi tahsilat\u0131ndaki bu tablonun ge\u00e7ici bir \u015fey de\u011fil s\u00fcrd\u00fcr\u00fclebilir oldu\u011funu s\u00f6yledi. Manavgat\u2019\u0131n vergi tahsilat\u0131nda rekor k\u0131rarak b\u00fcy\u00fck bir ba\u015far\u0131ya imza at\u0131\u011f\u0131n\u0131 kaydeden Antalya Vergi Dairesi Ba\u015fkan\u0131 \u0130lhan Karay\u0131lan, vergi tahsilat\u0131nda son bir y\u0131lda y\u00fczde 167 art\u0131\u015f oldu\u011funu s\u00f6yledi. Bu art\u0131\u015fta MATSO ve Manavgat \u0130\u015f d\u00fcnyas\u0131n\u0131n b\u00fcy\u00fck katk\u0131lar\u0131 oldu\u011funun alt\u0131n\u0131 \u00e7izen Ba\u015fkan Karay\u0131lan Ba\u015fkan G\u00fcng\u00f6r ve MATSO Y\u00f6netimine Manavgat \u0130\u015f d\u00fcnyas\u0131 ad\u0131na te\u015fekk\u00fcr etti. Ba\u015fkan Karay\u0131lan; \u201c Manavgat\u2019taki vergi tahsilat\u0131n\u0131n reel ve ger\u00e7ek\u00e7i bir art\u0131\u015f oldu\u011funu g\u00f6r\u00fcyoruz. Ayl\u0131k rakamlar\u0131 takip ediyoruz. Hakikaten Manavgat\u2019ta \u00e7ok b\u00fcy\u00fck bir performans art\u0131\u015f\u0131 g\u00f6rd\u00fck. Manavgat ekonomisi ve Manavgat i\u015f d\u00fcnyam\u0131z\u0131n m\u00fckelleflerimizin g\u00f6n\u00fcll\u00fc bir \u015fekilde g\u00f6n\u00fcll\u00fc uyumu dolay\u0131s\u0131yla bu art\u0131\u015flar ger\u00e7ekle\u015fiyor. Umar\u0131m bu sene de bu art\u0131\u015f devam eder\u201c diye konu\u015ftu. Ba\u015fkan Karay\u0131lan, Ba\u015fkan G\u00fcng\u00f6r\u2019\u00fcn \u0130\u015f d\u00fcnyas\u0131 ve Oda \u00fcyelerinin talep ve sorunlar\u0131 ile ilgili kendilerine talepte bulundu\u011fu ve \u00e7\u00f6z\u00fcm\u00fc i\u00e7in \u00e7aba g\u00f6sterdi\u011fini vurgulad\u0131. .Karay\u0131lan, \u201cManavgat\u2019\u0131n g\u00f6stermi\u015f oldu\u011fu bu vergi taslak performans\u0131ndaki b\u00fcy\u00fck ba\u015far\u0131 dolay\u0131s\u0131yla gelip sizlere bizzat ben te\u015fekk\u00fcr etmek istedim. MATSO Ba\u015fkan\u0131 Seydi Tahsin G\u00fcng\u00f6r\u2019e Meclis Ba\u015fkan\u0131 Sedat \u00d6z, Y\u00f6netim Kurulu \u00dcyeleri, Meclis ve Komite \u00dcyelerine te\u015fekk\u00fcr ediyorum\u201d dedi.<\/p>\n\n\n\n<p>MANAVGAT \u0130\u015e D\u00dcNYASI ADINABA\u015eKAN G\u00dcNG\u00d6R\u2019E PLAKET TAKD\u0130M ED\u0130LD\u0130<\/p>\n\n\n\n<p>Konu\u015fman\u0131n ard\u0131ndan Antalya Vergi Dairesi Ba\u015fkan\u0131 \u0130lhan Karay\u0131lan ve Manavgat Vergi Dairesi M\u00fcd\u00fcr Vk. Sultan K\u00fc\u00e7\u00fcktuna Manavgat\u2019\u0131n 52 ili geride b\u0131rakarak Antalya il\u00e7eleri aras\u0131nda vergi tahsilat\u0131nda birinci olmas\u0131 sebebiyle Manavgat \u0130\u015f d\u00fcnyas\u0131 ad\u0131na Ba\u015fkan G\u00fcng\u00f6r\u2019e plaket takdim edildi. MATSO Ba\u015fkan\u0131 G\u00fcng\u00f6r ve Meclis Ba\u015fkan\u0131 Sedat \u00d6z taraf\u0131ndan Antalya Vergi Dairesi Ba\u015fkan\u0131 \u0130lhan Karay\u0131lan ve Manavgat Vergi Dairesi M\u00fcd\u00fcr Vk. Sultan K\u00fc\u00e7\u00fcktuna\u2019ya kente yapt\u0131klar\u0131 katk\u0131lar nedeniyle Manavgat \u0130\u015f d\u00fcnyas\u0131 ad\u0131na plaket takdim etti.<\/p>\n\n\n\n<p>Manavgat Ticaret ve Sanayi Odas\u0131 \/ B\u00fclten<\/p>\n","protected":false},"excerpt":{"rendered":"<p>MATSO Nisan Ay\u0131 Meclis Toplant\u0131s\u0131na kat\u0131lan Antalya Vergi Dairesi Ba\u015fkan\u0131 \u0130lhan Karay\u0131lan, Antalya il\u00e7eleri aras\u0131nda vergi tahsilat\u0131nda birinci olmas\u0131 nedeniyle MATSO Ba\u015fkan\u0131 Seydi Tahsin G\u00fcng\u00f6r&#8217;e <a href=\"https:\/\/akdenizhaber.com.tr\/index.php\/2024\/05\/02\/baskan-gungor-manavgat-turkiyenin-vergi-sampiyonlari-arasinda\/\" class=\"read-more-link\">[more&#8230;]<\/a><\/p>\n","protected":false},"author":2,"featured_media":23319,"comment_status":"open","ping_status":"open","sticky":false,"template":"","format":"standard","meta":{"footnotes":""},"categories":[2],"tags":[],"class_list":["post-23318","post","type-post","status-publish","format-standard","has-post-thumbnail","hentry","category-gundem"],"_links":{"self":[{"href":"https:\/\/akdenizhaber.com.tr\/index.php\/wp-json\/wp\/v2\/posts\/23318","targetHints":{"allow":["GET"]}}],"collection":[{"href":"https:\/\/akdenizhaber.com.tr\/index.php\/wp-json\/wp\/v2\/posts"}],"about":[{"href":"https:\/\/akdenizhaber.com.tr\/index.php\/wp-json\/wp\/v2\/types\/post"}],"author":[{"embeddable":true,"href":"https:\/\/akdenizhaber.com.tr\/index.php\/wp-json\/wp\/v2\/users\/2"}],"replies":[{"embeddable":true,"href":"https:\/\/akdenizhaber.com.tr\/index.php\/wp-json\/wp\/v2\/comments?post=23318"}],"version-history":[{"count":1,"href":"https:\/\/akdenizhaber.com.tr\/index.php\/wp-json\/wp\/v2\/posts\/23318\/revisions"}],"predecessor-version":[{"id":23320,"href":"https:\/\/akdenizhaber.com.tr\/index.php\/wp-json\/wp\/v2\/posts\/23318\/revisions\/23320"}],"wp:featuredmedia":[{"embeddable":true,"href":"https:\/\/akdenizhaber.com.tr\/index.php\/wp-json\/wp\/v2\/media\/23319"}],"wp:attachment":[{"href":"https:\/\/akdenizhaber.com.tr\/index.php\/wp-json\/wp\/v2\/media?parent=23318"}],"wp:term":[{"taxonomy":"category","embeddable":true,"href":"https:\/\/akdenizhaber.com.tr\/index.php\/wp-json\/wp\/v2\/categories?post=23318"},{"taxonomy":"post_tag","embeddable":true,"href":"https:\/\/akdenizhaber.com.tr\/index.php\/wp-json\/wp\/v2\/tags?post=23318"}],"curies":[{"name":"wp","href":"https:\/\/api.w.org\/{rel}","templated":true}]}}