{"id":23213,"date":"2024-04-30T13:05:06","date_gmt":"2024-04-30T10:05:06","guid":{"rendered":"https:\/\/akdenizhaber.com.tr\/?p=23213"},"modified":"2024-04-30T13:05:23","modified_gmt":"2024-04-30T10:05:23","slug":"1-mayis-isci-bayrami","status":"publish","type":"post","link":"https:\/\/akdenizhaber.com.tr\/index.php\/2024\/04\/30\/1-mayis-isci-bayrami\/","title":{"rendered":"1 May\u0131s \u0130\u015f\u00e7i Bayram\u0131"},"content":{"rendered":"\n<p>G\u00fcnayd\u0131n g\u00fczel insanlar\u2026<br>1 May\u0131s \u0130\u015f\u00e7i Bayram\u0131; i\u015f\u00e7i s\u0131n\u0131f\u0131n\u0131n haklar\u0131n\u0131 ve \u00e7al\u0131\u015fma ko\u015fullar\u0131n\u0131 kutlamak, dayan\u0131\u015fma i\u00e7inde olmak ve i\u015f\u00e7i s\u0131n\u0131f\u0131n\u0131n m\u00fccadele tarihini onurland\u0131rmak i\u00e7in d\u00fcnya genelinde kutlanan bir g\u00fcnd\u00fcr. Bu bayram, i\u015f\u00e7ilerin talepleri i\u00e7in m\u00fccadele etti\u011fi ve emeklerinin de\u011ferini vurgulad\u0131\u011f\u0131 bir anma ve kutlama g\u00fcn\u00fcd\u00fcr. \u0130\u015f\u00e7i s\u0131n\u0131f\u0131n\u0131n tarihi, insanl\u0131k tarihine paralel bir \u015fekilde k\u00f6lelikten feodalizme, feodalizmden kapitalizme kadar uzanan bir ge\u00e7mi\u015fe sahiptir. Ancak end\u00fcstriyel devrimle birlikte i\u015f\u00e7i s\u0131n\u0131f\u0131, sanayi kapitalizminin y\u00fckseli\u015fiyle birlikte \u00f6zellikle fabrikalarda yo\u011fun bir \u015fekilde \u00e7al\u0131\u015ft\u0131r\u0131lm\u0131\u015f, d\u00fc\u015f\u00fck \u00fccretler ve k\u00f6t\u00fc \u00e7al\u0131\u015fma ko\u015fullar\u0131 alt\u0131nda ya\u015fam\u0131\u015ft\u0131r. \u0130\u015fte bu zorlu ko\u015fullar alt\u0131nda, i\u015f\u00e7i s\u0131n\u0131f\u0131, haklar\u0131n\u0131 aramak ve daha iyi \u00e7al\u0131\u015fma ko\u015fullar\u0131 talep etmek i\u00e7in bir araya gelmi\u015ftir. 19. y\u00fczy\u0131l\u0131n sonlar\u0131na do\u011fru, \u00f6zellikle ABD&#8217;de i\u015f\u00e7ilerin g\u00fcnl\u00fck 8 saatlik i\u015f g\u00fcn\u00fc talebiyle ger\u00e7ekle\u015ftirdi\u011fi grev ve mitingler, modern i\u015f\u00e7i hareketinin do\u011fu\u015funu ve 1 May\u0131s&#8217;\u0131n anlam\u0131n\u0131 belirleyen \u00f6nemli olaylardan biridir. 1 May\u0131s 1886 tarihinde, Chicago&#8217;da ger\u00e7ekle\u015fen ve Haymarket Meydan\u0131&#8217;nda doru\u011fa ula\u015fan olaylar, i\u015f\u00e7i s\u0131n\u0131f\u0131n\u0131n m\u00fccadelesinin sembolik bir ifadesidir. \u0130\u015f\u00e7iler, 8 saatlik i\u015f g\u00fcn\u00fc talebini desteklemek i\u00e7in bir araya gelmi\u015f, ancak polis ile \u00e7\u0131kan \u00e7at\u0131\u015fmalarda baz\u0131 i\u015f\u00e7iler ve polis memurlar\u0131 hayat\u0131n\u0131 kaybetmi\u015f, olaylar \u015fiddetlenmi\u015ftir. Bu olaylar\u0131n ard\u0131ndan, 1 May\u0131s tarihi, i\u015f\u00e7i s\u0131n\u0131f\u0131n\u0131n m\u00fccadelesinin ve dayan\u0131\u015fmas\u0131n\u0131n bir sembol\u00fc haline gelmi\u015ftir. Bug\u00fcn d\u00fcnyan\u0131n bir\u00e7ok \u00fclkesinde 1 May\u0131s, i\u015f\u00e7i s\u0131n\u0131f\u0131n\u0131n haklar\u0131n\u0131 ve kazan\u0131mlar\u0131n\u0131 kutlama, emek m\u00fccadelesini onurland\u0131rma ve gelecekteki m\u00fccadelelere ilham verme amac\u0131yla kutlan\u0131r. Sendikalar, sivil toplum \u00f6rg\u00fctleri ve i\u015f\u00e7i hareketleri genellikle bu g\u00fcn\u00fc \u00e7e\u015fitli etkinliklerle kutlarlar. 1 May\u0131s\u2019ta mitingler, y\u00fcr\u00fcy\u00fc\u015fler, seminerler, paneller ve k\u00fclt\u00fcrel etkinlikler gibi bir\u00e7ok farkl\u0131 etkinlikle i\u015f\u00e7i s\u0131n\u0131f\u0131n\u0131n bir araya gelmesi ve sesini duyurmas\u0131 sa\u011flan\u0131r.<\/p>\n\n\n\n<p>ESRA \u0130\u00c7G\u00d6Z<\/p>\n","protected":false},"excerpt":{"rendered":"<p>G\u00fcnayd\u0131n g\u00fczel insanlar\u20261 May\u0131s \u0130\u015f\u00e7i Bayram\u0131; i\u015f\u00e7i s\u0131n\u0131f\u0131n\u0131n haklar\u0131n\u0131 ve \u00e7al\u0131\u015fma ko\u015fullar\u0131n\u0131 kutlamak, dayan\u0131\u015fma i\u00e7inde olmak ve i\u015f\u00e7i s\u0131n\u0131f\u0131n\u0131n m\u00fccadele tarihini onurland\u0131rmak i\u00e7in d\u00fcnya genelinde <a href=\"https:\/\/akdenizhaber.com.tr\/index.php\/2024\/04\/30\/1-mayis-isci-bayrami\/\" class=\"read-more-link\">[more&#8230;]<\/a><\/p>\n","protected":false},"author":2,"featured_media":23172,"comment_status":"open","ping_status":"open","sticky":false,"template":"","format":"standard","meta":{"footnotes":""},"categories":[1],"tags":[],"class_list":["post-23213","post","type-post","status-publish","format-standard","has-post-thumbnail","hentry","category-blog"],"_links":{"self":[{"href":"https:\/\/akdenizhaber.com.tr\/index.php\/wp-json\/wp\/v2\/posts\/23213","targetHints":{"allow":["GET"]}}],"collection":[{"href":"https:\/\/akdenizhaber.com.tr\/index.php\/wp-json\/wp\/v2\/posts"}],"about":[{"href":"https:\/\/akdenizhaber.com.tr\/index.php\/wp-json\/wp\/v2\/types\/post"}],"author":[{"embeddable":true,"href":"https:\/\/akdenizhaber.com.tr\/index.php\/wp-json\/wp\/v2\/users\/2"}],"replies":[{"embeddable":true,"href":"https:\/\/akdenizhaber.com.tr\/index.php\/wp-json\/wp\/v2\/comments?post=23213"}],"version-history":[{"count":1,"href":"https:\/\/akdenizhaber.com.tr\/index.php\/wp-json\/wp\/v2\/posts\/23213\/revisions"}],"predecessor-version":[{"id":23215,"href":"https:\/\/akdenizhaber.com.tr\/index.php\/wp-json\/wp\/v2\/posts\/23213\/revisions\/23215"}],"wp:featuredmedia":[{"embeddable":true,"href":"https:\/\/akdenizhaber.com.tr\/index.php\/wp-json\/wp\/v2\/media\/23172"}],"wp:attachment":[{"href":"https:\/\/akdenizhaber.com.tr\/index.php\/wp-json\/wp\/v2\/media?parent=23213"}],"wp:term":[{"taxonomy":"category","embeddable":true,"href":"https:\/\/akdenizhaber.com.tr\/index.php\/wp-json\/wp\/v2\/categories?post=23213"},{"taxonomy":"post_tag","embeddable":true,"href":"https:\/\/akdenizhaber.com.tr\/index.php\/wp-json\/wp\/v2\/tags?post=23213"}],"curies":[{"name":"wp","href":"https:\/\/api.w.org\/{rel}","templated":true}]}}