{"id":23207,"date":"2024-04-30T13:00:23","date_gmt":"2024-04-30T10:00:23","guid":{"rendered":"https:\/\/akdenizhaber.com.tr\/?p=23207"},"modified":"2024-04-30T13:00:24","modified_gmt":"2024-04-30T10:00:24","slug":"kumlucada-baspehlivan-fatih-atli-oldu","status":"publish","type":"post","link":"https:\/\/akdenizhaber.com.tr\/index.php\/2024\/04\/30\/kumlucada-baspehlivan-fatih-atli-oldu\/","title":{"rendered":"Kumluca\u2019da Ba\u015fpehlivan Fatih Atl\u0131 Oldu"},"content":{"rendered":"\n<p>Manavgat Belediyesi\u2019nin ba\u015fpehlivan\u0131 Fatih Atl\u0131, bu y\u0131l 25.\u2019si d\u00fczenlenen \u201cKumluca Tar\u0131m ve Serac\u0131l\u0131k Festivali Ya\u011fl\u0131 Pehlivan G\u00fcre\u015fleri\u201d nde rakibi Enes Do\u011fan\u2019\u0131 yenerek alt\u0131n kemerin sahibi oldu.<\/p>\n\n\n\n<p>Kumluca Ya\u011fl\u0131 Pehlivan G\u00fcre\u015fleri\u2019ne 2 ba\u015fpehlivan, 3 ba\u015falt\u0131 ve 40 altyap\u0131 sporcusuyla kat\u0131lan Manavgat Belediyesi, m\u00fcsabakalarda g\u00f6sterdi\u011fi ba\u015far\u0131lar nedeniyle \u015fampiyonluk k\u00fcrs\u00fcs\u00fcndeki yerini ald\u0131.<\/p>\n\n\n\n<p>72 ba\u015fpehlivan\u0131n kat\u0131ld\u0131\u011f\u0131 m\u00fcsabakalarda finalde rakibi Enes Do\u011fan\u2019\u0131 yenen Fatih Atl\u0131, alt\u0131n kemeri alarak \u015fampiyon oldu. Alt boylarda g\u00fcre\u015fen Mehmet Ba\u015fkan Bozkurt ise 3. olarak \u015fampiyonluk k\u00fcrs\u00fcs\u00fcndeki yerini ald\u0131. 10-11-12 May\u0131s tarihleri aras\u0131nda Manavgat Belediyesi\u2019nin d\u00fczenleyece\u011fi CW Enerji T\u00fcrkiye Ya\u011fl\u0131 G\u00fcre\u015f Ligi\u2019 1\u2019nci etab\u0131nda \u015fampiyonluk m\u00fccadelesi verecek olan Serhat G\u00f6kmen ve Fatih Atl\u0131, s\u0131k\u0131 bir \u00e7al\u0131\u015fma ger\u00e7ekle\u015ftireceklerini belirterek alt\u0131n kemeri Manavgat\u2019a getireceklerinin s\u00f6z\u00fcn\u00fc verdi.<\/p>\n\n\n\n<p>Manavgat Belediye Ba\u015fkan\u0131 Niyazi Nefi Kara, ba\u015fpehlivanlar Serhat G\u00f6kmen ve Fatih Atl\u0131\u2019n\u0131n t\u00fcm m\u00fcsabakalarda ba\u015far\u0131l\u0131 olaca\u011f\u0131na inand\u0131\u011f\u0131n\u0131 s\u00f6yledi. Ba\u015fkan Niyazi Nefi Kara, \u201c Kumluca\u2019da d\u00fczenlenen Ya\u011fl\u0131 Pehlivan G\u00fcre\u015fleri\u2019nde \u015fampiyon olan ba\u015fpehlivan\u0131m\u0131z Fatih Atl\u0131\u2019y\u0131 y\u00fcrekten kutluyorum. Fatih Atl\u0131 ve Serhat G\u00f6kmen, Manavgat\u2019\u0131m\u0131z\u0131n ad\u0131n\u0131 \u015fampiyonluklar ve ba\u015far\u0131lar ile duyurmaya devam edecek. Bizler de ata sporuna destek vererek kentimize ve sporcular\u0131m\u0131za sahip \u00e7\u0131kaca\u011f\u0131z. Sporcular\u0131m\u0131za ve g\u00fcre\u015f ekibimize ba\u015far\u0131lar\u0131ndan dolay\u0131 te\u015fekk\u00fcr ediyorum. Manavgat Belediyesi olarak g\u00fcre\u015f severlere de b\u00fcy\u00fck bir s\u00fcrprizimiz var. Akdeniz\u2019in K\u0131rkp\u0131nar\u2019\u0131 olan Manavgat Belediyesi Ya\u011fl\u0131 Pehlivan G\u00fcre\u015fleri, ata sporuna yak\u0131\u015f\u0131r bir \u015fekilde ger\u00e7ekle\u015fecek\u201d dedi.<\/p>\n\n\n\n<p>Manavgat Belediyesi \/ B\u00fclten<\/p>\n","protected":false},"excerpt":{"rendered":"<p>Manavgat Belediyesi\u2019nin ba\u015fpehlivan\u0131 Fatih Atl\u0131, bu y\u0131l 25.\u2019si d\u00fczenlenen \u201cKumluca Tar\u0131m ve Serac\u0131l\u0131k Festivali Ya\u011fl\u0131 Pehlivan G\u00fcre\u015fleri\u201d nde rakibi Enes Do\u011fan\u2019\u0131 yenerek alt\u0131n kemerin sahibi <a href=\"https:\/\/akdenizhaber.com.tr\/index.php\/2024\/04\/30\/kumlucada-baspehlivan-fatih-atli-oldu\/\" class=\"read-more-link\">[more&#8230;]<\/a><\/p>\n","protected":false},"author":2,"featured_media":23208,"comment_status":"open","ping_status":"open","sticky":false,"template":"","format":"standard","meta":{"footnotes":""},"categories":[2],"tags":[],"class_list":["post-23207","post","type-post","status-publish","format-standard","has-post-thumbnail","hentry","category-gundem"],"_links":{"self":[{"href":"https:\/\/akdenizhaber.com.tr\/index.php\/wp-json\/wp\/v2\/posts\/23207","targetHints":{"allow":["GET"]}}],"collection":[{"href":"https:\/\/akdenizhaber.com.tr\/index.php\/wp-json\/wp\/v2\/posts"}],"about":[{"href":"https:\/\/akdenizhaber.com.tr\/index.php\/wp-json\/wp\/v2\/types\/post"}],"author":[{"embeddable":true,"href":"https:\/\/akdenizhaber.com.tr\/index.php\/wp-json\/wp\/v2\/users\/2"}],"replies":[{"embeddable":true,"href":"https:\/\/akdenizhaber.com.tr\/index.php\/wp-json\/wp\/v2\/comments?post=23207"}],"version-history":[{"count":1,"href":"https:\/\/akdenizhaber.com.tr\/index.php\/wp-json\/wp\/v2\/posts\/23207\/revisions"}],"predecessor-version":[{"id":23209,"href":"https:\/\/akdenizhaber.com.tr\/index.php\/wp-json\/wp\/v2\/posts\/23207\/revisions\/23209"}],"wp:featuredmedia":[{"embeddable":true,"href":"https:\/\/akdenizhaber.com.tr\/index.php\/wp-json\/wp\/v2\/media\/23208"}],"wp:attachment":[{"href":"https:\/\/akdenizhaber.com.tr\/index.php\/wp-json\/wp\/v2\/media?parent=23207"}],"wp:term":[{"taxonomy":"category","embeddable":true,"href":"https:\/\/akdenizhaber.com.tr\/index.php\/wp-json\/wp\/v2\/categories?post=23207"},{"taxonomy":"post_tag","embeddable":true,"href":"https:\/\/akdenizhaber.com.tr\/index.php\/wp-json\/wp\/v2\/tags?post=23207"}],"curies":[{"name":"wp","href":"https:\/\/api.w.org\/{rel}","templated":true}]}}