{"id":23204,"date":"2024-04-30T12:59:03","date_gmt":"2024-04-30T09:59:03","guid":{"rendered":"https:\/\/akdenizhaber.com.tr\/?p=23204"},"modified":"2024-04-30T12:59:04","modified_gmt":"2024-04-30T09:59:04","slug":"lbyre-antik-kentte-yangindan-etkilenen-asirlik-kizil-camlarin-hepsi-kurudu","status":"publish","type":"post","link":"https:\/\/akdenizhaber.com.tr\/index.php\/2024\/04\/30\/lbyre-antik-kentte-yangindan-etkilenen-asirlik-kizil-camlarin-hepsi-kurudu\/","title":{"rendered":"Lbyre antik kentte yang\u0131ndan etkilenen as\u0131rl\u0131k k\u0131z\u0131l \u00e7amlar\u0131n hepsi kurudu"},"content":{"rendered":"\n<p>3 y\u0131l \u00f6nce 10 g\u00fcn s\u00fcren Manavgat yang\u0131n\u0131nda b\u00fcy\u00fck&nbsp; zarar g\u00f6ren Bucak\u015feyhler Mahallesi i\u00e7inde bulunan tarihi Seleukeia(Lybre) antik kent i\u00e7inde bulunan 70 ile 100 ya\u015f\u0131ndaki&nbsp; \u00e7ok say\u0131daki k\u0131z\u0131l\u00e7am\u0131n hepsi kurudu.28 Temmuz 2021 y\u0131l\u0131nda Manavgat&#8217;\u0131n Yenik\u00f6y Mahallesi&#8217;nde ba\u015flayan, ard\u0131ndan Kalemler Mahallesi&#8217;ne s\u0131\u00e7rayan 100 y\u0131l\u0131n orman yang\u0131n\u0131nda zarar g\u00f6ren yerlerden biri de turizm kentibe 17 kilometre uzakl\u0131kta bulunan Bucak\u015feyhler Mahallesi&#8217;nde bulunan 2 bin y\u0131ll\u0131k Seleukeia (Lyrbe) antik kent i\u00e7inde bulunan ya\u015flar\u0131 70 ile 100 ya\u015f\u0131nda olan k\u0131z\u0131l\u00e7am a\u011fa\u00e7lar. Yang\u0131nda tarihi \u00f6ren yeri i\u00e7inde yanan a\u011fa\u00e7lar y\u00fcklenici firma taraf\u0131ndan Manavgat Orman \u0130\u015fletme M\u00fcd\u00fcrl\u00fc\u011f\u00fc ve Side M\u00fczesi arkeologlar\u0131 g\u00f6zetiminde kesilmi\u015fti.<\/p>\n\n\n\n<p>Yang\u0131n\u0131n alevlerinden etkilenen k\u0131z\u0131l\u00e7amlar ise Manavgat \u0130l\u00e7e Orman M\u00fcd\u00fcrl\u00fc\u011f\u00fc ekipleri taraf\u0131nda i\u015faretlenerek iyile\u015fmes beklenerek kesilmemi\u015fti.<\/p>\n\n\n\n<p>Kesilmeyen \u00e7am a\u011fa\u00e7lar\u0131n\u0131n y\u00fczde 91&#8217;i \u00fc\u00e7 y\u0131l i\u00e7inde hepsi kurudu. Kuruyan baz\u0131 \u00e7am a\u011fa\u00e7lar\u0131 r\u00fczgar\u0131n etkisiyle y\u0131k\u0131ld\u0131\u011f\u0131 g\u00f6zlendi.<\/p>\n\n\n\n<p>Seleukeia (Lyrbe) antik kente k\u00fclt\u00fcr turuna gelen turistler ge\u00e7mi\u015fte yemye\u015fil olarak g\u00f6rd\u00fckleri \u00f6ren yeri i\u00e7indeki a\u011fa\u00e7lar\u0131n kurudu\u011funu g\u00f6r\u00fcnce \u015fa\u015fk\u0131nl\u0131k ge\u00e7iriyor.<\/p>\n\n\n\n<p>Hollandal\u0131 turist Emma Barker, Lyrbe antik kentte 5 y\u0131l \u00f6nce ziyarete geldiklerinde ormanl\u0131k alan\u0131 yemye\u015fil olarak g\u00f6r\u00fcrken \u015fimdi ise b\u00fct\u00fcn a\u011fa\u00e7lar\u0131n kurudu\u011funu g\u00f6rmenin derin \u00fcz\u00fcnt\u00fcs\u00fc i\u00e7inde oldu\u011funu s\u00f6yledi. Hollandal\u0131 Emma Barker,&#8221; \u00c7ok \u00fcz\u00fcld\u00fcm Manavgat yang\u0131n\u0131na.Lybre antik kentte daha \u00f6nce 5 y\u0131l \u00f6nce geldi\u011fimde antik kenti i\u00e7inde bulunan \u00e7am a\u011fa\u00e7lar\u0131 yemye\u015fildi . \u015eimdi ise kupkuru \u00e7am a\u011fa\u00e7lar\u0131n\u0131n g\u00f6r\u00fcnce baba \u00e7ok b\u00fcy\u00fck \u00fcz\u00fcnt\u00fc veriyor.&#8221; dedi.<\/p>\n\n\n\n<p>3 y\u0131l s\u00fcren Manavgat orman yang\u0131n\u0131nda 41 k\u00f6y yang\u0131ndan do\u011frudan etkilenmi\u015f ve toplamda 65 bin hektar ormanl\u0131k alan yanm\u0131\u015ft\u0131.<\/p>\n\n\n\n<p>Yang\u0131n sonras\u0131 tarihi \u00f6ren yeri i\u00e7inde yanan a\u011fa\u00e7lar\u0131n kesimi sonras\u0131 ta\u015f\u0131nmas\u0131 i\u00e7in antik kent i\u00e7inde 400 metre ka\u00e7ak yol a\u00e7arak tarihi eserlere zarar vermesi iddias\u0131 ile Side M\u00fczesi Manavgat&nbsp;&nbsp; Cumhuriyet Savc\u0131l\u0131\u011f\u0131na su\u00e7 duyurusunda bulunmu\u015ftu.<\/p>\n\n\n\n<p>Abdurrahman B\u00fcy\u00fckkeskin \/ Haber<\/p>\n","protected":false},"excerpt":{"rendered":"<p>3 y\u0131l \u00f6nce 10 g\u00fcn s\u00fcren Manavgat yang\u0131n\u0131nda b\u00fcy\u00fck&nbsp; zarar g\u00f6ren Bucak\u015feyhler Mahallesi i\u00e7inde bulunan tarihi Seleukeia(Lybre) antik kent i\u00e7inde bulunan 70 ile 100 ya\u015f\u0131ndaki&nbsp; <a href=\"https:\/\/akdenizhaber.com.tr\/index.php\/2024\/04\/30\/lbyre-antik-kentte-yangindan-etkilenen-asirlik-kizil-camlarin-hepsi-kurudu\/\" class=\"read-more-link\">[more&#8230;]<\/a><\/p>\n","protected":false},"author":2,"featured_media":23205,"comment_status":"open","ping_status":"open","sticky":false,"template":"","format":"standard","meta":{"footnotes":""},"categories":[2],"tags":[],"class_list":["post-23204","post","type-post","status-publish","format-standard","has-post-thumbnail","hentry","category-gundem"],"_links":{"self":[{"href":"https:\/\/akdenizhaber.com.tr\/index.php\/wp-json\/wp\/v2\/posts\/23204","targetHints":{"allow":["GET"]}}],"collection":[{"href":"https:\/\/akdenizhaber.com.tr\/index.php\/wp-json\/wp\/v2\/posts"}],"about":[{"href":"https:\/\/akdenizhaber.com.tr\/index.php\/wp-json\/wp\/v2\/types\/post"}],"author":[{"embeddable":true,"href":"https:\/\/akdenizhaber.com.tr\/index.php\/wp-json\/wp\/v2\/users\/2"}],"replies":[{"embeddable":true,"href":"https:\/\/akdenizhaber.com.tr\/index.php\/wp-json\/wp\/v2\/comments?post=23204"}],"version-history":[{"count":1,"href":"https:\/\/akdenizhaber.com.tr\/index.php\/wp-json\/wp\/v2\/posts\/23204\/revisions"}],"predecessor-version":[{"id":23206,"href":"https:\/\/akdenizhaber.com.tr\/index.php\/wp-json\/wp\/v2\/posts\/23204\/revisions\/23206"}],"wp:featuredmedia":[{"embeddable":true,"href":"https:\/\/akdenizhaber.com.tr\/index.php\/wp-json\/wp\/v2\/media\/23205"}],"wp:attachment":[{"href":"https:\/\/akdenizhaber.com.tr\/index.php\/wp-json\/wp\/v2\/media?parent=23204"}],"wp:term":[{"taxonomy":"category","embeddable":true,"href":"https:\/\/akdenizhaber.com.tr\/index.php\/wp-json\/wp\/v2\/categories?post=23204"},{"taxonomy":"post_tag","embeddable":true,"href":"https:\/\/akdenizhaber.com.tr\/index.php\/wp-json\/wp\/v2\/tags?post=23204"}],"curies":[{"name":"wp","href":"https:\/\/api.w.org\/{rel}","templated":true}]}}