{"id":23200,"date":"2024-04-30T12:56:24","date_gmt":"2024-04-30T09:56:24","guid":{"rendered":"https:\/\/akdenizhaber.com.tr\/?p=23200"},"modified":"2024-04-30T12:56:35","modified_gmt":"2024-04-30T09:56:35","slug":"bebek-parki-sezona-hazir","status":"publish","type":"post","link":"https:\/\/akdenizhaber.com.tr\/index.php\/2024\/04\/30\/bebek-parki-sezona-hazir\/","title":{"rendered":"Bebek Park\u0131 sezona haz\u0131r"},"content":{"rendered":"\n<p>T\u00fcrkiye\u2019de ilk kez Konyaalt\u0131 Belediyesi taraf\u0131ndan hayata ge\u00e7irilen Bebek Park\u0131 yeni y\u00fcz\u00fcne kavu\u015fuyor. Konyaalt\u0131 Belediyesi ekipleri parkta boyama, tadilat gibi i\u015flemler ger\u00e7ekle\u015ftiriyor<\/p>\n\n\n\n<p>T\u00fcrkiye\u2019de ilk kez Konyaalt\u0131 Belediyesi taraf\u0131ndan hizmete a\u00e7\u0131lan Bebek Park\u0131\u2019nda yenileme \u00e7al\u0131\u015fmalar\u0131 ba\u015flad\u0131. Konyaalt\u0131 Belediyesi Park ve Bah\u00e7eler M\u00fcd\u00fcrl\u00fc\u011f\u00fc ekipleri parkta boyama, tadilat gibi \u00e7al\u0131\u015fmalar y\u00fcr\u00fct\u00fcyor. Bebek Park\u0131 Ekip Sorumlusu Deniz \u00c7etiner, \u201cBebek Park\u0131\u2019m\u0131z tadilatta. Daha yararl\u0131 hizmet sunmak ad\u0131na \u00e7ocuklar\u0131m\u0131z i\u00e7in daha g\u00fcvenilir bir ortam yarat\u0131lmaya \u00e7al\u0131\u015f\u0131l\u0131yor. Bebek Park\u0131 birka\u00e7 g\u00fcn i\u00e7erisinde yeniden hizmete a\u00e7\u0131lacak\u201c dedi.<br><br>MUTLU B\u0130R KONYAALTI YARATMAK \u0130ST\u0130YORUZ<br><br>Bebek Park\u0131\u2019nda her g\u00fcn 0-5 ya\u015f aras\u0131 y\u00fczlerce minik misafirin a\u011f\u0131rland\u0131\u011f\u0131n\u0131 s\u00f6yleyen Konyaalt\u0131 Belediye Ba\u015fkan\u0131 Cem Kotan, \u201cMiniklerimizin daha iyi bir ortamda vakit ge\u00e7irmeleri i\u00e7in Bebek Park\u0131\u2019m\u0131zda tadilat yap\u0131yoruz. Park ve bah\u00e7eler m\u00fcd\u00fcrl\u00fc\u011f\u00fc ekiplerimiz Bebek Park\u0131\u2019nda \u00e7al\u0131\u015fmalar\u0131n\u0131 s\u00fcrd\u00fcr\u00fcyor. Tadilat ve boyama i\u015flemleri ger\u00e7ekle\u015ftirildikten sonra Bebek Park\u0131m\u0131z yeniden hizmete a\u00e7\u0131lacak. Mutlu bir Konyaalt\u0131 yaratmak i\u00e7in \u00e7al\u0131\u015fmalar\u0131m\u0131z s\u00fcrecek\u201d dedi.<\/p>\n\n\n\n<p>Konyaalt\u0131 Belediyesi \/ B\u00fclten<\/p>\n","protected":false},"excerpt":{"rendered":"<p>T\u00fcrkiye\u2019de ilk kez Konyaalt\u0131 Belediyesi taraf\u0131ndan hayata ge\u00e7irilen Bebek Park\u0131 yeni y\u00fcz\u00fcne kavu\u015fuyor. Konyaalt\u0131 Belediyesi ekipleri parkta boyama, tadilat gibi i\u015flemler ger\u00e7ekle\u015ftiriyor T\u00fcrkiye\u2019de ilk kez <a href=\"https:\/\/akdenizhaber.com.tr\/index.php\/2024\/04\/30\/bebek-parki-sezona-hazir\/\" class=\"read-more-link\">[more&#8230;]<\/a><\/p>\n","protected":false},"author":2,"featured_media":23201,"comment_status":"open","ping_status":"open","sticky":false,"template":"","format":"standard","meta":{"footnotes":""},"categories":[1],"tags":[],"class_list":["post-23200","post","type-post","status-publish","format-standard","has-post-thumbnail","hentry","category-blog"],"_links":{"self":[{"href":"https:\/\/akdenizhaber.com.tr\/index.php\/wp-json\/wp\/v2\/posts\/23200","targetHints":{"allow":["GET"]}}],"collection":[{"href":"https:\/\/akdenizhaber.com.tr\/index.php\/wp-json\/wp\/v2\/posts"}],"about":[{"href":"https:\/\/akdenizhaber.com.tr\/index.php\/wp-json\/wp\/v2\/types\/post"}],"author":[{"embeddable":true,"href":"https:\/\/akdenizhaber.com.tr\/index.php\/wp-json\/wp\/v2\/users\/2"}],"replies":[{"embeddable":true,"href":"https:\/\/akdenizhaber.com.tr\/index.php\/wp-json\/wp\/v2\/comments?post=23200"}],"version-history":[{"count":1,"href":"https:\/\/akdenizhaber.com.tr\/index.php\/wp-json\/wp\/v2\/posts\/23200\/revisions"}],"predecessor-version":[{"id":23202,"href":"https:\/\/akdenizhaber.com.tr\/index.php\/wp-json\/wp\/v2\/posts\/23200\/revisions\/23202"}],"wp:featuredmedia":[{"embeddable":true,"href":"https:\/\/akdenizhaber.com.tr\/index.php\/wp-json\/wp\/v2\/media\/23201"}],"wp:attachment":[{"href":"https:\/\/akdenizhaber.com.tr\/index.php\/wp-json\/wp\/v2\/media?parent=23200"}],"wp:term":[{"taxonomy":"category","embeddable":true,"href":"https:\/\/akdenizhaber.com.tr\/index.php\/wp-json\/wp\/v2\/categories?post=23200"},{"taxonomy":"post_tag","embeddable":true,"href":"https:\/\/akdenizhaber.com.tr\/index.php\/wp-json\/wp\/v2\/tags?post=23200"}],"curies":[{"name":"wp","href":"https:\/\/api.w.org\/{rel}","templated":true}]}}