{"id":23193,"date":"2024-04-30T12:49:38","date_gmt":"2024-04-30T09:49:38","guid":{"rendered":"https:\/\/akdenizhaber.com.tr\/?p=23193"},"modified":"2024-04-30T12:53:45","modified_gmt":"2024-04-30T09:53:45","slug":"dosiad-akademide-ilk-ders","status":"publish","type":"post","link":"https:\/\/akdenizhaber.com.tr\/index.php\/2024\/04\/30\/dosiad-akademide-ilk-ders\/","title":{"rendered":"D\u00d6S\u0130AD Akademi\u2019de ilk ders"},"content":{"rendered":"\n<p>D\u00d6S\u0130AD\u2019\u0131n kendi b\u00fcnyesinde ba\u015flatt\u0131\u011f\u0131 \u2018D\u00d6S\u0130AD Akademi\u2019 ilk dersini \u2018\u0130leti\u015fim Becerileri\u2019 ba\u015fl\u0131\u011f\u0131 alt\u0131nda verdi. E\u011fitimde; ileti\u015fim becerileri, etkili ileti\u015fim, ileti\u015fim engelleri, i\u015f ve meslek hayat\u0131nda ileti\u015fim konular\u0131 ele al\u0131nd\u0131. D\u00d6S\u0130AD Ba\u015fkan\u0131 G\u00fcltekin Gencer e\u011fitimlerin d\u00f6nemsel olarak devam edece\u011fini s\u00f6yledi.<\/p>\n\n\n\n<p>D\u00f6\u015femealt\u0131 Sanayici ve \u0130\u015f \u0130nsanlar\u0131 Derne\u011fi, yeni bir projeye imza att\u0131.&nbsp; 14 y\u0131l \u00f6nce kurulan ve yurti\u00e7i yurt d\u0131\u015f\u0131 bir\u00e7ok ba\u015far\u0131l\u0131 \u00e7al\u0131\u015fmaya imza atan G\u00fcltekin Gencer ba\u015fkanl\u0131\u011f\u0131ndaki D\u00d6S\u0130AD, dernek \u00fcyesi sanayici ve i\u015f insanlar\u0131n\u0131n, ikinci ku\u015fak gen\u00e7 hissedarlar\u0131n, y\u00f6neticilerin, ara kademe y\u00f6neticilerin ve gelecek vadeden y\u00f6netici adaylar\u0131n\u0131n; ki\u015fisel ve mesleki geli\u015fimlerine ve kurumsal y\u00f6netim anlay\u0131\u015f\u0131n\u0131n geli\u015ftirilmesine y\u00f6nelik e\u011fitim vermek i\u00e7in D\u00d6S\u0130AD Akademi\u2019yi ba\u015flatt\u0131.<\/p>\n\n\n\n<p>\u0130LK DERSE YO\u011eUN KATILIM<\/p>\n\n\n\n<p>Proje kapmas\u0131nda \u2018\u0130leti\u015fim Becerileri\u2019 ba\u015fl\u0131kl\u0131 ilk e\u011fitim hafta sonu dernek binas\u0131nda verildi. Kat\u0131l\u0131m\u0131n y\u00fcksek oldu\u011fu e\u011fitime, dernek \u00fcyesi \u015firketlerin temsilcileri, gen\u00e7 y\u00f6netim kurulu \u00fcyeleri ve her kademeden \u015firket y\u00f6neticileri kat\u0131ld\u0131. Ge\u00e7ti\u011fimiz y\u0131l dernek \u00fcyeleri ile yap\u0131lan e\u011fitim ihtiya\u00e7 analizi ile belirlenen ve \u00fcyelerin talep ve beklentileri do\u011frultusunda planlanan ki\u015fisel geli\u015fim e\u011fitimlerine y\u0131l i\u00e7inde devam edilecek.<\/p>\n\n\n\n<p>E\u011e\u0130T\u0130MLER DEVAM EDECEK<\/p>\n\n\n\n<p>D\u00d6S\u0130AD Akademi\u2019nin \u00f6nemli bir proje oldu\u011funu belirten D\u00f6\u015femealt\u0131 Sanayici ve \u0130\u015f \u0130nsanlar\u0131 Derne\u011fi Y\u00f6netim Kurulu Ba\u015fkan\u0131 G\u00fcltekin Gencer, \u201cHem \u00fcyelerimizi, hem de \u00fcyelerimizin y\u00f6neticilerinin kendilerini geli\u015ftirmeleri i\u00e7in bu projeyi ba\u015flatt\u0131k. Akademide d\u00f6nemsel olarak farkl\u0131 konularda e\u011fitimler verilecek\u201d diye konu\u015ftu.<\/p>\n\n\n\n<p>D\u00f6\u015femealt\u0131 Sanayici ve \u0130\u015f \u0130nsanlar\u0131 Derne\u011fi \/ B\u00fclten<\/p>\n","protected":false},"excerpt":{"rendered":"<p>D\u00d6S\u0130AD\u2019\u0131n kendi b\u00fcnyesinde ba\u015flatt\u0131\u011f\u0131 \u2018D\u00d6S\u0130AD Akademi\u2019 ilk dersini \u2018\u0130leti\u015fim Becerileri\u2019 ba\u015fl\u0131\u011f\u0131 alt\u0131nda verdi. E\u011fitimde; ileti\u015fim becerileri, etkili ileti\u015fim, ileti\u015fim engelleri, i\u015f ve meslek hayat\u0131nda ileti\u015fim <a href=\"https:\/\/akdenizhaber.com.tr\/index.php\/2024\/04\/30\/dosiad-akademide-ilk-ders\/\" class=\"read-more-link\">[more&#8230;]<\/a><\/p>\n","protected":false},"author":2,"featured_media":23194,"comment_status":"open","ping_status":"open","sticky":false,"template":"","format":"standard","meta":{"footnotes":""},"categories":[2],"tags":[],"class_list":["post-23193","post","type-post","status-publish","format-standard","has-post-thumbnail","hentry","category-gundem"],"_links":{"self":[{"href":"https:\/\/akdenizhaber.com.tr\/index.php\/wp-json\/wp\/v2\/posts\/23193","targetHints":{"allow":["GET"]}}],"collection":[{"href":"https:\/\/akdenizhaber.com.tr\/index.php\/wp-json\/wp\/v2\/posts"}],"about":[{"href":"https:\/\/akdenizhaber.com.tr\/index.php\/wp-json\/wp\/v2\/types\/post"}],"author":[{"embeddable":true,"href":"https:\/\/akdenizhaber.com.tr\/index.php\/wp-json\/wp\/v2\/users\/2"}],"replies":[{"embeddable":true,"href":"https:\/\/akdenizhaber.com.tr\/index.php\/wp-json\/wp\/v2\/comments?post=23193"}],"version-history":[{"count":1,"href":"https:\/\/akdenizhaber.com.tr\/index.php\/wp-json\/wp\/v2\/posts\/23193\/revisions"}],"predecessor-version":[{"id":23195,"href":"https:\/\/akdenizhaber.com.tr\/index.php\/wp-json\/wp\/v2\/posts\/23193\/revisions\/23195"}],"wp:featuredmedia":[{"embeddable":true,"href":"https:\/\/akdenizhaber.com.tr\/index.php\/wp-json\/wp\/v2\/media\/23194"}],"wp:attachment":[{"href":"https:\/\/akdenizhaber.com.tr\/index.php\/wp-json\/wp\/v2\/media?parent=23193"}],"wp:term":[{"taxonomy":"category","embeddable":true,"href":"https:\/\/akdenizhaber.com.tr\/index.php\/wp-json\/wp\/v2\/categories?post=23193"},{"taxonomy":"post_tag","embeddable":true,"href":"https:\/\/akdenizhaber.com.tr\/index.php\/wp-json\/wp\/v2\/tags?post=23193"}],"curies":[{"name":"wp","href":"https:\/\/api.w.org\/{rel}","templated":true}]}}