{"id":23182,"date":"2024-04-30T12:42:50","date_gmt":"2024-04-30T09:42:50","guid":{"rendered":"https:\/\/akdenizhaber.com.tr\/?p=23182"},"modified":"2024-04-30T12:42:50","modified_gmt":"2024-04-30T09:42:50","slug":"baskan-kotandan-doyran-ve-bahtiliya-hafta-sonu-ziyareti","status":"publish","type":"post","link":"https:\/\/akdenizhaber.com.tr\/index.php\/2024\/04\/30\/baskan-kotandan-doyran-ve-bahtiliya-hafta-sonu-ziyareti\/","title":{"rendered":"Ba\u015fkan Kotan&#8217;dan Doyran ve Baht\u0131l\u0131&#8217;ya hafta sonu ziyareti"},"content":{"rendered":"\n<p>Konyaalt\u0131 Belediye Ba\u015fkan\u0131 Cem Kotan, hafta sonu Doyran ve Baht\u0131l\u0131 mahallelerinde vatanda\u015flarla ve esnafla bulu\u015ftu. Esnaf ve vatanda\u015flar\u0131 dinleyen Ba\u015fkan Kotan, \u201cDaha ya\u015fanabilir bir Konyaalt\u0131 i\u00e7in hep birlikte gece g\u00fcnd\u00fcz demeden \u00e7al\u0131\u015faca\u011f\u0131z\u201d dedi<\/p>\n\n\n\n<p>Konyaalt\u0131 Belediye Ba\u015fkan\u0131 Cem Kotan, hafta sonu ilk olarak Doyran Mahallesi\u2019nde vatanda\u015flarla bulu\u015ftu. Ba\u015fkan Kotan, Cumhuriyet Halk Partisi (CHP) Konyaalt\u0131 \u0130l\u00e7e Ba\u015fkan\u0131 Demet G\u00fcnd\u00fcz ile Doyran Mahallesi sakinlerinden merhum Mehmet \u00d6zt\u00fcrk i\u00e7in d\u00fczenlenen mevl\u00fct yeme\u011fine kat\u0131ld\u0131. Burada vatanda\u015flarla sohbet eden Ba\u015fkan Kotan daha sonra Doyran Mahallesi\u2019nde bulunan pazar yerine giderek esnafla ve vatanda\u015flarla sohbet etti.<br><br><br>GECE G\u00dcND\u00dcZ \u00c7ALI\u015eACA\u011eIZ<br><br>Esnaf ve vatanda\u015flar taraf\u0131ndan ilgiyle kar\u015f\u0131lanan Ba\u015fkan Kotan, pazar yeri esnaf\u0131n\u0131n ve vatanda\u015flar\u0131n sorunlar\u0131n\u0131 ve beklentilerini dinledi. Ba\u015fkan Kotan, \u201c\u0130l\u00e7emizin k\u0131rsal b\u00f6lgesinden kent merkezine kadar her noktas\u0131nda sizlerle beraber olmaya devam edece\u011fiz. Daha ya\u015fanabilir bir Konyaalt\u0131 i\u00e7in hep birlikte gece g\u00fcnd\u00fcz demeden \u00e7al\u0131\u015faca\u011f\u0131z. Sorunlar\u0131n\u0131z\u0131 ve beklentilerinizi elimizden gelen en k\u0131sa s\u00fcrede \u00e7\u00f6zmeye haz\u0131r\u0131z\u201d diye konu\u015ftu.<br><br>MUTLULUKLARINA ORTAK OLDU<br><br>Ba\u015fkan Kotan, pazar ak\u015fam\u0131 ise ilk olarak Baht\u0131l\u0131 Mahallesi\u2019nde Hatice Sert ve G\u00f6khan Y\u0131lmaz \u00e7iftinin, daha sonra da \u00c7ak\u0131rlar Mahallesi\u2019nde Hasan Dikmen ve Melike K\u00f6se \u00e7iftinin ni\u015fan t\u00f6renlerine kat\u0131larak, mutluluklar\u0131na ortak oldu. \u00c7iftin ni\u015fan y\u00fcz\u00fcklerini takan Ba\u015fkan Kotan, \u201cBug\u00fcn \u00e7iftlerimizin bu g\u00fczel g\u00fcn\u00fcne kat\u0131ld\u0131k. Bir \u00f6m\u00fcr boyu mutlu olman\u0131z\u0131 diliyorum\u201d dedi.<\/p>\n\n\n\n<p>Konyaalt\u0131 Belediyesi \/ B\u00fclten<\/p>\n","protected":false},"excerpt":{"rendered":"<p>Konyaalt\u0131 Belediye Ba\u015fkan\u0131 Cem Kotan, hafta sonu Doyran ve Baht\u0131l\u0131 mahallelerinde vatanda\u015flarla ve esnafla bulu\u015ftu. Esnaf ve vatanda\u015flar\u0131 dinleyen Ba\u015fkan Kotan, \u201cDaha ya\u015fanabilir bir Konyaalt\u0131 <a href=\"https:\/\/akdenizhaber.com.tr\/index.php\/2024\/04\/30\/baskan-kotandan-doyran-ve-bahtiliya-hafta-sonu-ziyareti\/\" class=\"read-more-link\">[more&#8230;]<\/a><\/p>\n","protected":false},"author":2,"featured_media":23183,"comment_status":"open","ping_status":"open","sticky":false,"template":"","format":"standard","meta":{"footnotes":""},"categories":[1],"tags":[],"class_list":["post-23182","post","type-post","status-publish","format-standard","has-post-thumbnail","hentry","category-blog"],"_links":{"self":[{"href":"https:\/\/akdenizhaber.com.tr\/index.php\/wp-json\/wp\/v2\/posts\/23182","targetHints":{"allow":["GET"]}}],"collection":[{"href":"https:\/\/akdenizhaber.com.tr\/index.php\/wp-json\/wp\/v2\/posts"}],"about":[{"href":"https:\/\/akdenizhaber.com.tr\/index.php\/wp-json\/wp\/v2\/types\/post"}],"author":[{"embeddable":true,"href":"https:\/\/akdenizhaber.com.tr\/index.php\/wp-json\/wp\/v2\/users\/2"}],"replies":[{"embeddable":true,"href":"https:\/\/akdenizhaber.com.tr\/index.php\/wp-json\/wp\/v2\/comments?post=23182"}],"version-history":[{"count":1,"href":"https:\/\/akdenizhaber.com.tr\/index.php\/wp-json\/wp\/v2\/posts\/23182\/revisions"}],"predecessor-version":[{"id":23184,"href":"https:\/\/akdenizhaber.com.tr\/index.php\/wp-json\/wp\/v2\/posts\/23182\/revisions\/23184"}],"wp:featuredmedia":[{"embeddable":true,"href":"https:\/\/akdenizhaber.com.tr\/index.php\/wp-json\/wp\/v2\/media\/23183"}],"wp:attachment":[{"href":"https:\/\/akdenizhaber.com.tr\/index.php\/wp-json\/wp\/v2\/media?parent=23182"}],"wp:term":[{"taxonomy":"category","embeddable":true,"href":"https:\/\/akdenizhaber.com.tr\/index.php\/wp-json\/wp\/v2\/categories?post=23182"},{"taxonomy":"post_tag","embeddable":true,"href":"https:\/\/akdenizhaber.com.tr\/index.php\/wp-json\/wp\/v2\/tags?post=23182"}],"curies":[{"name":"wp","href":"https:\/\/api.w.org\/{rel}","templated":true}]}}