{"id":23179,"date":"2024-04-30T12:42:03","date_gmt":"2024-04-30T09:42:03","guid":{"rendered":"https:\/\/akdenizhaber.com.tr\/?p=23179"},"modified":"2024-04-30T12:42:04","modified_gmt":"2024-04-30T09:42:04","slug":"kent-sakinleri-komsu-sahnesinde-bir-araya-geldi","status":"publish","type":"post","link":"https:\/\/akdenizhaber.com.tr\/index.php\/2024\/04\/30\/kent-sakinleri-komsu-sahnesinde-bir-araya-geldi\/","title":{"rendered":"Kent sakinleri Kom\u015fu Sahnesi\u2019nde bir araya geldi"},"content":{"rendered":"\n<p>Antalya\u2019da Muratpa\u015fa Belediyesi, mavi ve ye\u015filin bulu\u015ftu\u011fu, do\u011fal g\u00fczelli\u011fi ile kent sakinlerinin e\u015fsiz manzaral\u0131 noktalar\u0131ndan Ziya G\u00f6kalp Park\u0131\u2019nda \u2018Kom\u015fu Sahne\u2019 kurdu. Dinleyicilerin kamp sandalyeleri ve minderlere oturarak takip etti\u011fi konserde keyifli dakikalar ya\u015fand\u0131.<\/p>\n\n\n\n<p>Muratpa\u015fa Belediyesi havalar\u0131n \u0131s\u0131nmas\u0131yla kendini d\u0131\u015far\u0131 atan kent sakinlerinin haftasonunu aileleri ile birlikte e\u011flenceli vakit ge\u00e7irmelerini sa\u011flamak i\u00e7in Kom\u015fu Sahne\u2019yi dinleyicilerle bulu\u015fturdu. Metehan \u00c7i\u00e7ek ve Cosmos Orkestras\u0131\u2019n\u0131n sahne ald\u0131\u011f\u0131 konserde \u00e7ok say\u0131da aile yer ald\u0131. Sabah\u0131n erken saatlerinde ailecek Pazar kahvalt\u0131s\u0131 yapt\u0131klar\u0131n\u0131 s\u00f6yleyen Berna Akme\u015fe konser olaca\u011f\u0131n\u0131 \u00f6\u011frenmeleri \u00fczerine ailecek kat\u0131lmak i\u00e7in beklediklerini dile getirdi. Muratpa\u015fa Belediyesi\u2019nin g\u00fczel etkinliklere imza att\u0131\u011f\u0131n\u0131 da s\u00f6zlerine ekleyen Akme\u015fe etkinliklerin devam\u0131n\u0131 beklediklerini s\u00f6yleyerek belediyeye te\u015fekk\u00fcr etti.<br><br>Konser yak\u0131ndan takip eden solistin annesi Belma \u00e7i\u00e7ek ise Muratpa\u015fa Belediyesi\u2019ne \u015fu s\u00f6zlerle te\u015fekk\u00fcr etti:<br><br>\u201c\u00c7ok g\u00fczel bir konsept, \u00e7ok g\u00fczel bir konser oldu\u011funa inan\u0131yorum. \u00d6ncelikle Muratpa\u015fa Belediyesi\u2019ne \u00e7ok te\u015fekk\u00fcr ediyoruz b\u00f6yle g\u00fczel bir etkinli\u011fi bizimle payla\u015ft\u0131\u011f\u0131 i\u00e7in. \u00c7ok g\u00fczel bir pazar g\u00fcn\u00fc ya\u015f\u0131yoruz. Bunun devam\u0131n\u0131 bekliyoruz. O\u011flumu b\u00f6yle bir etkinlikte g\u00f6rd\u00fc\u011f\u00fcm i\u00e7in \u00e7ok mutluyum. Ayr\u0131ca belediyemize \u00e7ok te\u015fekk\u00fcr ediyorum. \u00c7ok g\u00fczel bir atmosfer, son derece samimi, son derece i\u00e7ten. Her \u015fey \u00e7ok g\u00fczel.\u201d<br><br>Kom\u015fu Sahnesi\u2019nin bir sonraki adresi ise Prof. Dr. Erdal \u0130n\u00f6n\u00fc Kent Park\u0131 olacak. Metehan \u00c7i\u00e7ek ve Cosmos Orkestras\u0131\u2019n\u0131n sahne alaca\u011f\u0131 etkinlik 12 May\u0131s\u2019da ger\u00e7ekle\u015fecek.<\/p>\n\n\n\n<p>Muratpa\u015fa Belediyesi \/ B\u00fclten<\/p>\n","protected":false},"excerpt":{"rendered":"<p>Antalya\u2019da Muratpa\u015fa Belediyesi, mavi ve ye\u015filin bulu\u015ftu\u011fu, do\u011fal g\u00fczelli\u011fi ile kent sakinlerinin e\u015fsiz manzaral\u0131 noktalar\u0131ndan Ziya G\u00f6kalp Park\u0131\u2019nda \u2018Kom\u015fu Sahne\u2019 kurdu. Dinleyicilerin kamp sandalyeleri ve <a href=\"https:\/\/akdenizhaber.com.tr\/index.php\/2024\/04\/30\/kent-sakinleri-komsu-sahnesinde-bir-araya-geldi\/\" class=\"read-more-link\">[more&#8230;]<\/a><\/p>\n","protected":false},"author":2,"featured_media":23180,"comment_status":"open","ping_status":"open","sticky":false,"template":"","format":"standard","meta":{"footnotes":""},"categories":[2],"tags":[],"class_list":["post-23179","post","type-post","status-publish","format-standard","has-post-thumbnail","hentry","category-gundem"],"_links":{"self":[{"href":"https:\/\/akdenizhaber.com.tr\/index.php\/wp-json\/wp\/v2\/posts\/23179","targetHints":{"allow":["GET"]}}],"collection":[{"href":"https:\/\/akdenizhaber.com.tr\/index.php\/wp-json\/wp\/v2\/posts"}],"about":[{"href":"https:\/\/akdenizhaber.com.tr\/index.php\/wp-json\/wp\/v2\/types\/post"}],"author":[{"embeddable":true,"href":"https:\/\/akdenizhaber.com.tr\/index.php\/wp-json\/wp\/v2\/users\/2"}],"replies":[{"embeddable":true,"href":"https:\/\/akdenizhaber.com.tr\/index.php\/wp-json\/wp\/v2\/comments?post=23179"}],"version-history":[{"count":1,"href":"https:\/\/akdenizhaber.com.tr\/index.php\/wp-json\/wp\/v2\/posts\/23179\/revisions"}],"predecessor-version":[{"id":23181,"href":"https:\/\/akdenizhaber.com.tr\/index.php\/wp-json\/wp\/v2\/posts\/23179\/revisions\/23181"}],"wp:featuredmedia":[{"embeddable":true,"href":"https:\/\/akdenizhaber.com.tr\/index.php\/wp-json\/wp\/v2\/media\/23180"}],"wp:attachment":[{"href":"https:\/\/akdenizhaber.com.tr\/index.php\/wp-json\/wp\/v2\/media?parent=23179"}],"wp:term":[{"taxonomy":"category","embeddable":true,"href":"https:\/\/akdenizhaber.com.tr\/index.php\/wp-json\/wp\/v2\/categories?post=23179"},{"taxonomy":"post_tag","embeddable":true,"href":"https:\/\/akdenizhaber.com.tr\/index.php\/wp-json\/wp\/v2\/tags?post=23179"}],"curies":[{"name":"wp","href":"https:\/\/api.w.org\/{rel}","templated":true}]}}