{"id":23174,"date":"2024-04-29T13:03:58","date_gmt":"2024-04-29T10:03:58","guid":{"rendered":"https:\/\/akdenizhaber.com.tr\/?p=23174"},"modified":"2024-04-29T13:03:59","modified_gmt":"2024-04-29T10:03:59","slug":"manavgat-belediyesi-satranc-turnuvasina-rekor-katilim","status":"publish","type":"post","link":"https:\/\/akdenizhaber.com.tr\/index.php\/2024\/04\/29\/manavgat-belediyesi-satranc-turnuvasina-rekor-katilim\/","title":{"rendered":"Manavgat Belediyesi Satran\u00e7 Turnuvas\u0131na Rekor Kat\u0131l\u0131m"},"content":{"rendered":"\n<p>T\u00fcrkiye Satran\u00e7 Federasyonu Manavgat Temsilcili\u011fi ve Manavgat Belediyesi\u2019nin 23 Nisan Ulusal Egemenlik ve \u00c7ocuk Bayram\u0131\u2019n\u0131n 104\u2019\u00fcnc\u00fc y\u0131l d\u00f6n\u00fcm\u00fc nedeni ile 27-28 Nisan 2024 tarihlerinde Atat\u00fcrk K\u00fclt\u00fcr Merkezi\u2019nde d\u00fczenledi\u011fi satran\u00e7 turnuvas\u0131 rekor kat\u0131l\u0131mla ger\u00e7ekle\u015fti.<\/p>\n\n\n\n<p>D\u00fczenlenen etkinli\u011fe Manavgat Belediye Ba\u015fkan\u0131 Doktor Niyazi Nefi Kara, belediye ba\u015fkan yard\u0131mc\u0131lar\u0131, birim m\u00fcd\u00fcrleri, \u00f6\u011fretmenler, \u00e7ocuklar ve \u00e7ok say\u0131da aile kat\u0131ld\u0131. Manavgat Belediyesi\u2019nin milli bayramlarda geleneksel hale getirdi\u011fi satran\u00e7 turnuvas\u0131na 312 \u00e7ocuk kat\u0131ld\u0131. 5 kategoride ger\u00e7ekle\u015fen m\u00fcsabakalarda 7 ya\u015f kategorisinde Demir Do\u011fan 1\u2019inci, Mete \u00c7i\u00e7ek 2\u2019inci, Ay\u015fe Karg\u0131n 3\u2019\u00fcnc\u00fc oldu. 8 ya\u015f kategorisinde Caner \u00d6zbalc\u01311\u2019inci,Emir Karg\u0131n 2\u2019inci, \u00d6mer Akif Erol 3\u2019\u00fcnc\u00fc oldu. 10 ya\u015f ve alt\u0131 kategorisinde \u00c7\u0131nar Ulu 1\u2019inci, Ufuk Karakaya 2\u2019inci, Vahit Kerem Akar 3\u2019\u00fcnc\u00fc oldu. 12 ya\u015f ve alt\u0131 kategorisinde Eymen Din\u00e7 1\u2019inci, As\u0131mcan Akbulut 2\u2019inci, Ya\u015far Enes Sungur 3\u2019\u00fcnc\u00fc oldu. A\u00e7\u0131k kategoride ise \u00d6mer Arda Turgut 1\u2019inci, Can Serdaro\u011flu 2\u2019inci, \u00c7a\u011fan B\u0131\u00e7ak 3\u2019\u00fcnc\u00fc oldu.<\/p>\n\n\n\n<p>Yap\u0131lan satran\u00e7 turnuvas\u0131nda dereceye girenlere Manavgat Belediye Ba\u015fkan\u0131 Doktor Niyazi Nefi Kara, Manavgat Belediye Ba\u015fkan Yard\u0131mc\u0131lar\u0131 Mustafa \u00d6zt\u00fcrk ve Engin T\u00fcter madalyalar\u0131n\u0131 taktim etti. \u00c7ocuklar\u0131n\u0131n satran\u00e7 oyununu takip eden ailelerin heyecan\u0131 ise ne\u015feli anlara sahne oldu. \u00c7ocuklar\u0131n iki g\u00fcn boyunca ho\u015f\u00e7a vakit ge\u00e7irdi\u011fini belirten aileler Manavgat Belediye Ba\u015fkan\u0131 Doktor Niyazi Nefi Kara\u2019ya te\u015fekk\u00fcr etti.<\/p>\n\n\n\n<p>Manavgat Belediye Ba\u015fkan\u0131 Doktor Niyazi Nefi Kara \u2018\u2018Kat\u0131l\u0131mc\u0131lara ve gelece\u011fin gen\u00e7leri olacak minik karde\u015flerime te\u015fekk\u00fcr ediyorum, onlar bizim umudumuz olacak, her zaman birlikte devam edece\u011fiz. \u00d6n\u00fcm\u00fczdeki d\u00f6nemlerde \u00e7ok daha b\u00fcy\u00fck organizasyonlar yapaca\u011f\u0131z. Sizleri tebrik ediyorum, sizleri yeti\u015ftiren anne ve babalar\u0131n\u0131za te\u015fekk\u00fcr ediyorum. Satran\u00e7 biraz sab\u0131r birazda zeka i\u015fidir, hem \u00e7ok \u00e7al\u0131\u015fmak gerekiyor hem \u00e7ok sab\u0131r gerektiriyor. Gelece\u011fin satran\u00e7\u00e7\u0131lar\u0131, sporcular\u0131 olacaks\u0131n\u0131z biz Manavgat Belediyesi olarak her zaman yan\u0131n\u0131zda olaca\u011f\u0131z. Kat\u0131l\u0131mlar\u0131n\u0131zdan dolay\u0131 te\u015fekk\u00fcr ediyorum. Hepinize kocaman bir alk\u0131\u015f istiyorum\u2019\u2019 dedi.<\/p>\n\n\n\n<p>Manavgat Belediyesi \/ B\u00fclten<\/p>\n","protected":false},"excerpt":{"rendered":"<p>T\u00fcrkiye Satran\u00e7 Federasyonu Manavgat Temsilcili\u011fi ve Manavgat Belediyesi\u2019nin 23 Nisan Ulusal Egemenlik ve \u00c7ocuk Bayram\u0131\u2019n\u0131n 104\u2019\u00fcnc\u00fc y\u0131l d\u00f6n\u00fcm\u00fc nedeni ile 27-28 Nisan 2024 tarihlerinde Atat\u00fcrk <a href=\"https:\/\/akdenizhaber.com.tr\/index.php\/2024\/04\/29\/manavgat-belediyesi-satranc-turnuvasina-rekor-katilim\/\" class=\"read-more-link\">[more&#8230;]<\/a><\/p>\n","protected":false},"author":2,"featured_media":23175,"comment_status":"open","ping_status":"open","sticky":false,"template":"","format":"standard","meta":{"footnotes":""},"categories":[2],"tags":[],"class_list":["post-23174","post","type-post","status-publish","format-standard","has-post-thumbnail","hentry","category-gundem"],"_links":{"self":[{"href":"https:\/\/akdenizhaber.com.tr\/index.php\/wp-json\/wp\/v2\/posts\/23174","targetHints":{"allow":["GET"]}}],"collection":[{"href":"https:\/\/akdenizhaber.com.tr\/index.php\/wp-json\/wp\/v2\/posts"}],"about":[{"href":"https:\/\/akdenizhaber.com.tr\/index.php\/wp-json\/wp\/v2\/types\/post"}],"author":[{"embeddable":true,"href":"https:\/\/akdenizhaber.com.tr\/index.php\/wp-json\/wp\/v2\/users\/2"}],"replies":[{"embeddable":true,"href":"https:\/\/akdenizhaber.com.tr\/index.php\/wp-json\/wp\/v2\/comments?post=23174"}],"version-history":[{"count":1,"href":"https:\/\/akdenizhaber.com.tr\/index.php\/wp-json\/wp\/v2\/posts\/23174\/revisions"}],"predecessor-version":[{"id":23176,"href":"https:\/\/akdenizhaber.com.tr\/index.php\/wp-json\/wp\/v2\/posts\/23174\/revisions\/23176"}],"wp:featuredmedia":[{"embeddable":true,"href":"https:\/\/akdenizhaber.com.tr\/index.php\/wp-json\/wp\/v2\/media\/23175"}],"wp:attachment":[{"href":"https:\/\/akdenizhaber.com.tr\/index.php\/wp-json\/wp\/v2\/media?parent=23174"}],"wp:term":[{"taxonomy":"category","embeddable":true,"href":"https:\/\/akdenizhaber.com.tr\/index.php\/wp-json\/wp\/v2\/categories?post=23174"},{"taxonomy":"post_tag","embeddable":true,"href":"https:\/\/akdenizhaber.com.tr\/index.php\/wp-json\/wp\/v2\/tags?post=23174"}],"curies":[{"name":"wp","href":"https:\/\/api.w.org\/{rel}","templated":true}]}}