{"id":23117,"date":"2024-04-27T13:52:39","date_gmt":"2024-04-27T10:52:39","guid":{"rendered":"https:\/\/akdenizhaber.com.tr\/?p=23117"},"modified":"2024-04-27T13:52:40","modified_gmt":"2024-04-27T10:52:40","slug":"konyaaltinda-gonullulerden-resim-sergisi","status":"publish","type":"post","link":"https:\/\/akdenizhaber.com.tr\/index.php\/2024\/04\/27\/konyaaltinda-gonullulerden-resim-sergisi\/","title":{"rendered":"Konyaalt\u0131&#8217;nda g\u00f6n\u00fcll\u00fclerden resim sergisi"},"content":{"rendered":"\n<p>Konyaalt\u0131 Belediyesi fuaye alan\u0131nda Konyaalt\u0131 Sanatevi kursiyerleri taraf\u0131ndan yap\u0131lan ya\u011fl\u0131 boya resim sergisi a\u00e7\u0131ld\u0131. 2 hafta boyunca s\u00fcrecek serginin a\u00e7\u0131l\u0131\u015f\u0131n\u0131 Konyaalt\u0131 Belediye Ba\u015fkan\u0131 Cem Kotan ger\u00e7ekle\u015ftirdi<\/p>\n\n\n\n<p>Konyaalt\u0131 Sanatevi g\u00f6n\u00fcll\u00fc \u00f6\u011fretmeni Muzaffer Emine Kasbek ve 9 \u00f6\u011frencisinin haz\u0131rlad\u0131\u011f\u0131 ya\u011fl\u0131 boya eserlerden olu\u015fan resim sergisi Konyaalt\u0131 Belediyesi fuaye alan\u0131nda a\u00e7\u0131ld\u0131. Serginin a\u00e7\u0131l\u0131\u015f\u0131n\u0131 Konyaalt\u0131 Belediye Ba\u015fkan\u0131 Cem Kotan ger\u00e7ekle\u015ftirdi. A\u00e7\u0131l\u0131\u015f\u0131n ard\u0131ndan Ba\u015fkan Kotan, Konyaalt\u0131 Sanatevi g\u00f6n\u00fcll\u00fc \u00f6\u011fretmeni Muzaffer Emine Kosbek ve kat\u0131l\u0131mc\u0131larla sergiyi gezdi.<br><br>BA\u015eKAN KOTAN\u2019A TE\u015eEKK\u00dcR ETT\u0130<br><br>Konyaalt\u0131 Sanatevi\u2019nin g\u00f6n\u00fcll\u00fc \u00f6\u011fretmeni Muzaffer Emine Kasbek, Konyaalt\u0131 Belediye Ba\u015fkan\u0131 Cem Kotan\u2019a kendilerine bahar\u0131 ya\u015fatt\u0131klar\u0131 i\u00e7in te\u015fekk\u00fcr etti. Kasbek, \u201cBizlere ikinci bahar\u0131 ya\u015fatt\u0131n\u0131z. Konyaalt\u0131 hep ya\u015far bu bahar\u0131. Ancak \u00fclke \u00e7ap\u0131nda bir ikinci bahar\u0131 ya\u015fad\u0131\u011f\u0131m\u0131z i\u00e7in \u00e7ok te\u015fekk\u00fcr ediyorum. \u015eans\u0131n\u0131z, baht\u0131n\u0131z, yolunuz a\u00e7\u0131k olsun ba\u015fkan\u0131m. Sa\u011f olun. B\u00f6yle g\u00fczel bir g\u00fcnde bizleri onurland\u0131rd\u0131\u011f\u0131n\u0131z i\u00e7in de \u00e7ok te\u015fekk\u00fcr ediyorum. Sizlerle var\u0131z. Sizlerle bu g\u00fczellikleri ya\u015f\u0131yoruz. \u00dclkemizin g\u00fczel sanatlara ihtiyac\u0131 var\u2019\u2019 dedi. Konyaalt\u0131 Belediye Ba\u015fkan\u0131 Cem Kotan da sanata ve sanat\u00e7\u0131ya \u00e7ok \u00f6nem verdiklerini belirterek, t\u00fcm vatanda\u015flar\u0131 fuaye alan\u0131nda bulunan sergiyi gezmeye davet etti. Ya\u011fl\u0131 boya sergisi 2 hafta boyunca 08.30-17.30 saatleri aras\u0131nda gezilebilecek.<\/p>\n\n\n\n<p>Konyaalt\u0131 Belediyesi \/ B\u00fclten<\/p>\n","protected":false},"excerpt":{"rendered":"<p>Konyaalt\u0131 Belediyesi fuaye alan\u0131nda Konyaalt\u0131 Sanatevi kursiyerleri taraf\u0131ndan yap\u0131lan ya\u011fl\u0131 boya resim sergisi a\u00e7\u0131ld\u0131. 2 hafta boyunca s\u00fcrecek serginin a\u00e7\u0131l\u0131\u015f\u0131n\u0131 Konyaalt\u0131 Belediye Ba\u015fkan\u0131 Cem Kotan <a href=\"https:\/\/akdenizhaber.com.tr\/index.php\/2024\/04\/27\/konyaaltinda-gonullulerden-resim-sergisi\/\" class=\"read-more-link\">[more&#8230;]<\/a><\/p>\n","protected":false},"author":2,"featured_media":23118,"comment_status":"open","ping_status":"open","sticky":false,"template":"","format":"standard","meta":{"footnotes":""},"categories":[2],"tags":[],"class_list":["post-23117","post","type-post","status-publish","format-standard","has-post-thumbnail","hentry","category-gundem"],"_links":{"self":[{"href":"https:\/\/akdenizhaber.com.tr\/index.php\/wp-json\/wp\/v2\/posts\/23117","targetHints":{"allow":["GET"]}}],"collection":[{"href":"https:\/\/akdenizhaber.com.tr\/index.php\/wp-json\/wp\/v2\/posts"}],"about":[{"href":"https:\/\/akdenizhaber.com.tr\/index.php\/wp-json\/wp\/v2\/types\/post"}],"author":[{"embeddable":true,"href":"https:\/\/akdenizhaber.com.tr\/index.php\/wp-json\/wp\/v2\/users\/2"}],"replies":[{"embeddable":true,"href":"https:\/\/akdenizhaber.com.tr\/index.php\/wp-json\/wp\/v2\/comments?post=23117"}],"version-history":[{"count":1,"href":"https:\/\/akdenizhaber.com.tr\/index.php\/wp-json\/wp\/v2\/posts\/23117\/revisions"}],"predecessor-version":[{"id":23119,"href":"https:\/\/akdenizhaber.com.tr\/index.php\/wp-json\/wp\/v2\/posts\/23117\/revisions\/23119"}],"wp:featuredmedia":[{"embeddable":true,"href":"https:\/\/akdenizhaber.com.tr\/index.php\/wp-json\/wp\/v2\/media\/23118"}],"wp:attachment":[{"href":"https:\/\/akdenizhaber.com.tr\/index.php\/wp-json\/wp\/v2\/media?parent=23117"}],"wp:term":[{"taxonomy":"category","embeddable":true,"href":"https:\/\/akdenizhaber.com.tr\/index.php\/wp-json\/wp\/v2\/categories?post=23117"},{"taxonomy":"post_tag","embeddable":true,"href":"https:\/\/akdenizhaber.com.tr\/index.php\/wp-json\/wp\/v2\/tags?post=23117"}],"curies":[{"name":"wp","href":"https:\/\/api.w.org\/{rel}","templated":true}]}}