{"id":23113,"date":"2024-04-27T13:17:02","date_gmt":"2024-04-27T10:17:02","guid":{"rendered":"https:\/\/akdenizhaber.com.tr\/?p=23113"},"modified":"2024-04-27T13:17:02","modified_gmt":"2024-04-27T10:17:02","slug":"maglar-simdi-her-yere-ulasacak","status":"publish","type":"post","link":"https:\/\/akdenizhaber.com.tr\/index.php\/2024\/04\/27\/maglar-simdi-her-yere-ulasacak\/","title":{"rendered":"MAG\u2019lar \u015fimdi her yere ula\u015facak"},"content":{"rendered":"\n<p>Antalya\u2019da Muratpa\u015fa Belediyesi\u2019nin k\u0131sa ad\u0131 MAG olan afet g\u00f6n\u00fcll\u00fcs\u00fc program\u0131na kat\u0131lan 32 ki\u015fi, AFAD e\u011fitim ve tatbikat\u0131n\u0131 ba\u015far\u0131yla tamamlayarak GEA Arama Kurtarma ekibinin \u00fcyesi oldu.<\/p>\n\n\n\n<p>Muratpa\u015fa Belediyesi\u2019nin T\u00fcrkiye\u2019yi sarsan ikiz deprem felaketi sonras\u0131 her mahallede afet g\u00f6n\u00fcll\u00fc grubu olu\u015fturmay\u0131 hedefleyen Muratpa\u015fa Afet G\u00f6n\u00fcll\u00fcs\u00fc (MAG) program\u0131 devam ediyor. Felaket sonras\u0131 297 g\u00f6n\u00fcll\u00fcs\u00fcyle \u0130skenderun ve Antakya\u2019da arama kurtarma \u00e7al\u0131\u015fmalar\u0131na kat\u0131lan ve 40 depremzedeyi g\u00f6\u00e7\u00fck alt\u0131ndan kurtaran GEA Arama Kurtarma Antalya ekibiyle y\u00fcr\u00fct\u00fclen program kapsam\u0131nda 420 g\u00f6n\u00fcll\u00fcye e\u011fitimler verildi.<br><br>Olas\u0131 bir do\u011fal afet an\u0131nda ilk m\u00fcdahalecinin yapmas\u0131 gerekenlerin anlat\u0131ld\u0131\u011f\u0131 e\u011fitim 8 hafta devam etti. \u0130lk m\u00fcdahale, afet bilinci, afet anatomisi, g\u00f6n\u00fcll\u00fcl\u00fck, ilk yard\u0131m, arama kurtarma gibi teorik e\u011fitimlerin tamamlanmas\u0131n\u0131n ard\u0131ndan 63 MAG \u00fcyesi AFAD E\u011fitim ve Tatbikat alan\u0131nda 6 saat s\u00fcren arama kurtarma tatbikat\u0131na kat\u0131ld\u0131. MAG \u00fcyelerinden 32\u2019si ise ulusal bir afet durumunda g\u00f6n\u00fcll\u00fc olabilecek d\u00fczeye ula\u015fmas\u0131 \u00fczerine GEA Arama Kurtarma ekibine dahil edildi.<br><br>Muratpa\u015fa Belediyesi, MAG program\u0131n\u0131n yan\u0131 s\u0131ra depreme dayan\u0131kl\u0131 bir kent i\u00e7in Protection Civile Federation isimli Frans\u0131z sivil savunma derne\u011finin deste\u011fiyle Muratpa\u015fa\u2019n\u0131n 10 ayr\u0131 noktas\u0131na temel arama kurtarma malzemelerinin yer ald\u0131\u011f\u0131 \u2018Dayan\u0131kl\u0131l\u0131k Merkezleri\u2019 de kuruyor.<\/p>\n\n\n\n<p>Muratpa\u015fa Belediyesi \/ B\u00fclten<\/p>\n","protected":false},"excerpt":{"rendered":"<p>Antalya\u2019da Muratpa\u015fa Belediyesi\u2019nin k\u0131sa ad\u0131 MAG olan afet g\u00f6n\u00fcll\u00fcs\u00fc program\u0131na kat\u0131lan 32 ki\u015fi, AFAD e\u011fitim ve tatbikat\u0131n\u0131 ba\u015far\u0131yla tamamlayarak GEA Arama Kurtarma ekibinin \u00fcyesi oldu. <a href=\"https:\/\/akdenizhaber.com.tr\/index.php\/2024\/04\/27\/maglar-simdi-her-yere-ulasacak\/\" class=\"read-more-link\">[more&#8230;]<\/a><\/p>\n","protected":false},"author":2,"featured_media":23114,"comment_status":"open","ping_status":"open","sticky":false,"template":"","format":"standard","meta":{"footnotes":""},"categories":[2],"tags":[],"class_list":["post-23113","post","type-post","status-publish","format-standard","has-post-thumbnail","hentry","category-gundem"],"_links":{"self":[{"href":"https:\/\/akdenizhaber.com.tr\/index.php\/wp-json\/wp\/v2\/posts\/23113","targetHints":{"allow":["GET"]}}],"collection":[{"href":"https:\/\/akdenizhaber.com.tr\/index.php\/wp-json\/wp\/v2\/posts"}],"about":[{"href":"https:\/\/akdenizhaber.com.tr\/index.php\/wp-json\/wp\/v2\/types\/post"}],"author":[{"embeddable":true,"href":"https:\/\/akdenizhaber.com.tr\/index.php\/wp-json\/wp\/v2\/users\/2"}],"replies":[{"embeddable":true,"href":"https:\/\/akdenizhaber.com.tr\/index.php\/wp-json\/wp\/v2\/comments?post=23113"}],"version-history":[{"count":1,"href":"https:\/\/akdenizhaber.com.tr\/index.php\/wp-json\/wp\/v2\/posts\/23113\/revisions"}],"predecessor-version":[{"id":23115,"href":"https:\/\/akdenizhaber.com.tr\/index.php\/wp-json\/wp\/v2\/posts\/23113\/revisions\/23115"}],"wp:featuredmedia":[{"embeddable":true,"href":"https:\/\/akdenizhaber.com.tr\/index.php\/wp-json\/wp\/v2\/media\/23114"}],"wp:attachment":[{"href":"https:\/\/akdenizhaber.com.tr\/index.php\/wp-json\/wp\/v2\/media?parent=23113"}],"wp:term":[{"taxonomy":"category","embeddable":true,"href":"https:\/\/akdenizhaber.com.tr\/index.php\/wp-json\/wp\/v2\/categories?post=23113"},{"taxonomy":"post_tag","embeddable":true,"href":"https:\/\/akdenizhaber.com.tr\/index.php\/wp-json\/wp\/v2\/tags?post=23113"}],"curies":[{"name":"wp","href":"https:\/\/api.w.org\/{rel}","templated":true}]}}