{"id":23095,"date":"2024-04-26T17:29:09","date_gmt":"2024-04-26T14:29:09","guid":{"rendered":"https:\/\/akdenizhaber.com.tr\/?p=23095"},"modified":"2024-04-26T17:30:29","modified_gmt":"2024-04-26T14:30:29","slug":"may-sanattan-unutulmaz-23-nisan-coskusu","status":"publish","type":"post","link":"https:\/\/akdenizhaber.com.tr\/index.php\/2024\/04\/26\/may-sanattan-unutulmaz-23-nisan-coskusu\/","title":{"rendered":"May Sanat\u2019tan Unutulmaz 23 Nisan Co\u015fkusu"},"content":{"rendered":"\n<p>Manavgat May Sanat Akademi 23 Nisan Ulusal Egemenlik ve \u00c7ocuk Bayram\u0131\u2019n\u0131 d\u00fczenledi\u011fi co\u015fkulu bir etkinlikle kutlad\u0131. Akademi, sanat\u0131 ve e\u011flenceyi bir araya getirerek \u00e7ocuklara unutulmaz bir g\u00fcn ya\u015fatt\u0131.<\/p>\n\n\n\n<p>23 N\u0130SAN RUHUNU SANATLA B\u0130RLE\u015eT\u0130RD\u0130<\/p>\n\n\n\n<p>Jonkl\u00f6r g\u00f6sterileri, y\u00fcz boyama ve \u00e7izgi film kahramanlar\u0131yla dans gibi birbirinden renkli aktivitelerle dolu program, \u00e7ocuklar\u0131n ve ailelerinin y\u00fcz\u00fcn\u00fc g\u00fcld\u00fcrd\u00fc. K\u0131rm\u0131z\u0131-beyaz balonlar ve rengarenk y\u00fcz boyalar\u0131 ile \u015fenlenen akademi, 23 Nisan ruhunu sanatla birle\u015ftirdi.<\/p>\n\n\n\n<p>MANAVGAT \u0130\u00c7\u0130N EN \u0130Y\u0130S\u0130N\u0130 YAPMAYA \u00c7ALI\u015eTIK<\/p>\n\n\n\n<p>May Sanat Akademi\u2019nin kurucu m\u00fcd\u00fcr\u00fc Mazlum Yegin, iki y\u0131l \u00f6nce iki \u00f6\u011frenciyle ba\u015flayan yolculuklar\u0131n\u0131n bug\u00fcn 220-240 \u00f6\u011frenciye ula\u015ft\u0131\u011f\u0131n\u0131 ve Manavgat i\u00e7in \u00f6nemli bir e\u011fitim ihtiyac\u0131n\u0131 kar\u015f\u0131lad\u0131klar\u0131n\u0131 belirtti. Yegin, \u201c\u0130\u00e7eri\u011fi g\u00fczelle\u015ftirmeye ve Manavgat i\u00e7in en iyisini yapmaya \u00e7al\u0131\u015ft\u0131k. \u00c7ocuklar ve velilerimiz i\u00e7in en g\u00fczeli olsun istedik,\u201d dedi.<\/p>\n\n\n\n<p>MANAVGAT\u2019TA SANATTA E\u011e\u0130T\u0130M\u0130N ADRES\u0130<\/p>\n\n\n\n<p>Akademi, 4 ya\u015f\u0131ndan 70 ya\u015f\u0131na kadar her ya\u015ftan sanatsevere kap\u0131lar\u0131n\u0131 a\u00e7\u0131yor. 14 \u00f6\u011fretmen ile piyano, keman, gitar, klarnet, saksafon ve ukulele gibi bir\u00e7ok enstr\u00fcman\u0131n yan\u0131 s\u0131ra resim dersleri de veriliyor. Ayr\u0131ca, enstr\u00fcman sat\u0131\u015f\u0131 da yap\u0131lan akademi, sanat e\u011fitiminde bir merkez haline gelmi\u015f.<\/p>\n\n\n\n<p>Yegin, \u201cEn k\u00fc\u00e7\u00fck \u00f6\u011frencimiz 4 ya\u015f\u0131nda ama ya\u015f s\u0131n\u0131r\u0131m\u0131z yok. Manavgat sanat\u0131 seviyor ve biz de bu sevgiyi e\u011fitimlerimizle destekliyoruz,\u201d diyerek e\u011fitimlerin her ya\u015ftan insan i\u00e7in eri\u015filebilir oldu\u011funu vurgulad\u0131.<\/p>\n\n\n\n<p>B\u00fc\u015fra Deveci \/ Haber<\/p>\n","protected":false},"excerpt":{"rendered":"<p>Manavgat May Sanat Akademi 23 Nisan Ulusal Egemenlik ve \u00c7ocuk Bayram\u0131\u2019n\u0131 d\u00fczenledi\u011fi co\u015fkulu bir etkinlikle kutlad\u0131. Akademi, sanat\u0131 ve e\u011flenceyi bir araya getirerek \u00e7ocuklara unutulmaz <a href=\"https:\/\/akdenizhaber.com.tr\/index.php\/2024\/04\/26\/may-sanattan-unutulmaz-23-nisan-coskusu\/\" class=\"read-more-link\">[more&#8230;]<\/a><\/p>\n","protected":false},"author":2,"featured_media":23096,"comment_status":"open","ping_status":"open","sticky":false,"template":"","format":"standard","meta":{"footnotes":""},"categories":[2],"tags":[],"class_list":["post-23095","post","type-post","status-publish","format-standard","has-post-thumbnail","hentry","category-gundem"],"_links":{"self":[{"href":"https:\/\/akdenizhaber.com.tr\/index.php\/wp-json\/wp\/v2\/posts\/23095","targetHints":{"allow":["GET"]}}],"collection":[{"href":"https:\/\/akdenizhaber.com.tr\/index.php\/wp-json\/wp\/v2\/posts"}],"about":[{"href":"https:\/\/akdenizhaber.com.tr\/index.php\/wp-json\/wp\/v2\/types\/post"}],"author":[{"embeddable":true,"href":"https:\/\/akdenizhaber.com.tr\/index.php\/wp-json\/wp\/v2\/users\/2"}],"replies":[{"embeddable":true,"href":"https:\/\/akdenizhaber.com.tr\/index.php\/wp-json\/wp\/v2\/comments?post=23095"}],"version-history":[{"count":1,"href":"https:\/\/akdenizhaber.com.tr\/index.php\/wp-json\/wp\/v2\/posts\/23095\/revisions"}],"predecessor-version":[{"id":23097,"href":"https:\/\/akdenizhaber.com.tr\/index.php\/wp-json\/wp\/v2\/posts\/23095\/revisions\/23097"}],"wp:featuredmedia":[{"embeddable":true,"href":"https:\/\/akdenizhaber.com.tr\/index.php\/wp-json\/wp\/v2\/media\/23096"}],"wp:attachment":[{"href":"https:\/\/akdenizhaber.com.tr\/index.php\/wp-json\/wp\/v2\/media?parent=23095"}],"wp:term":[{"taxonomy":"category","embeddable":true,"href":"https:\/\/akdenizhaber.com.tr\/index.php\/wp-json\/wp\/v2\/categories?post=23095"},{"taxonomy":"post_tag","embeddable":true,"href":"https:\/\/akdenizhaber.com.tr\/index.php\/wp-json\/wp\/v2\/tags?post=23095"}],"curies":[{"name":"wp","href":"https:\/\/api.w.org\/{rel}","templated":true}]}}