{"id":23084,"date":"2024-04-26T17:24:38","date_gmt":"2024-04-26T14:24:38","guid":{"rendered":"https:\/\/akdenizhaber.com.tr\/?p=23084"},"modified":"2024-04-26T17:24:39","modified_gmt":"2024-04-26T14:24:39","slug":"yeni-yuzyil-partisi-genel-baskani-mehmet-ali-arslan-mersin-il-baskanligina-ali-ceklikbasi-atadi","status":"publish","type":"post","link":"https:\/\/akdenizhaber.com.tr\/index.php\/2024\/04\/26\/yeni-yuzyil-partisi-genel-baskani-mehmet-ali-arslan-mersin-il-baskanligina-ali-ceklikbasi-atadi\/","title":{"rendered":"Yeni Y\u00fczy\u0131l Partisi Genel Ba\u015fkan\u0131 Mehmet Ali Arslan Mersin \u0130l Ba\u015fkanl\u0131\u011f\u0131na Ali \u00c7eklikba\u015f\u2019\u0131 Atad\u0131"},"content":{"rendered":"\n<p>Yeni Y\u00fczy\u0131l Partisi, Mersin Ba\u015fkanl\u0131\u011f\u0131na Ali \u00c7elikba\u015f\u2019\u0131 atad\u0131.<\/p>\n\n\n\n<p>Atama, Genel Ba\u015fkan Mehmet Ali Arslan taraf\u0131ndan yap\u0131ld\u0131. Arslan, atama s\u0131ras\u0131nda te\u015fkilatlar\u0131n h\u0131zla kurulmas\u0131 i\u00e7in talimatlar verdi\u011fini belirtti. Mersin il ba\u015fkan\u0131 \u00c7elikba\u015f\u2019\u0131n rozetini parti s\u00f6zc\u00fcs\u00fc ve genel ba\u015fkan vekili Avukat Zeki U\u00e7ar takt\u0131 ve ba\u015far\u0131lar&nbsp;diledi.<\/p>\n\n\n\n<p>Yeni Y\u00fczy\u0131l Partisi \/ B\u00fclten<\/p>\n","protected":false},"excerpt":{"rendered":"<p>Yeni Y\u00fczy\u0131l Partisi, Mersin Ba\u015fkanl\u0131\u011f\u0131na Ali \u00c7elikba\u015f\u2019\u0131 atad\u0131. Atama, Genel Ba\u015fkan Mehmet Ali Arslan taraf\u0131ndan yap\u0131ld\u0131. Arslan, atama s\u0131ras\u0131nda te\u015fkilatlar\u0131n h\u0131zla kurulmas\u0131 i\u00e7in talimatlar verdi\u011fini <a href=\"https:\/\/akdenizhaber.com.tr\/index.php\/2024\/04\/26\/yeni-yuzyil-partisi-genel-baskani-mehmet-ali-arslan-mersin-il-baskanligina-ali-ceklikbasi-atadi\/\" class=\"read-more-link\">[more&#8230;]<\/a><\/p>\n","protected":false},"author":2,"featured_media":23085,"comment_status":"open","ping_status":"open","sticky":false,"template":"","format":"standard","meta":{"footnotes":""},"categories":[2],"tags":[],"class_list":["post-23084","post","type-post","status-publish","format-standard","has-post-thumbnail","hentry","category-gundem"],"_links":{"self":[{"href":"https:\/\/akdenizhaber.com.tr\/index.php\/wp-json\/wp\/v2\/posts\/23084","targetHints":{"allow":["GET"]}}],"collection":[{"href":"https:\/\/akdenizhaber.com.tr\/index.php\/wp-json\/wp\/v2\/posts"}],"about":[{"href":"https:\/\/akdenizhaber.com.tr\/index.php\/wp-json\/wp\/v2\/types\/post"}],"author":[{"embeddable":true,"href":"https:\/\/akdenizhaber.com.tr\/index.php\/wp-json\/wp\/v2\/users\/2"}],"replies":[{"embeddable":true,"href":"https:\/\/akdenizhaber.com.tr\/index.php\/wp-json\/wp\/v2\/comments?post=23084"}],"version-history":[{"count":1,"href":"https:\/\/akdenizhaber.com.tr\/index.php\/wp-json\/wp\/v2\/posts\/23084\/revisions"}],"predecessor-version":[{"id":23086,"href":"https:\/\/akdenizhaber.com.tr\/index.php\/wp-json\/wp\/v2\/posts\/23084\/revisions\/23086"}],"wp:featuredmedia":[{"embeddable":true,"href":"https:\/\/akdenizhaber.com.tr\/index.php\/wp-json\/wp\/v2\/media\/23085"}],"wp:attachment":[{"href":"https:\/\/akdenizhaber.com.tr\/index.php\/wp-json\/wp\/v2\/media?parent=23084"}],"wp:term":[{"taxonomy":"category","embeddable":true,"href":"https:\/\/akdenizhaber.com.tr\/index.php\/wp-json\/wp\/v2\/categories?post=23084"},{"taxonomy":"post_tag","embeddable":true,"href":"https:\/\/akdenizhaber.com.tr\/index.php\/wp-json\/wp\/v2\/tags?post=23084"}],"curies":[{"name":"wp","href":"https:\/\/api.w.org\/{rel}","templated":true}]}}