{"id":23078,"date":"2024-04-26T17:23:14","date_gmt":"2024-04-26T14:23:14","guid":{"rendered":"https:\/\/akdenizhaber.com.tr\/?p=23078"},"modified":"2024-04-26T17:23:15","modified_gmt":"2024-04-26T14:23:15","slug":"kaymakam-ve-bassavcidan-tebrik-ziyareti","status":"publish","type":"post","link":"https:\/\/akdenizhaber.com.tr\/index.php\/2024\/04\/26\/kaymakam-ve-bassavcidan-tebrik-ziyareti\/","title":{"rendered":"Kaymakam ve Ba\u015fsavc\u0131\u2019dan tebrik ziyareti"},"content":{"rendered":"\n<p>Yap\u0131lan yerel se\u00e7imlerin ard\u0131ndan g\u00fcven tazeleyerek yeniden g\u00f6reve se\u00e7ilen Finike Belediye Ba\u015fkan\u0131 Mustafa Geyik\u00e7i, Finike Kaymakam\u0131 Musa Kaz\u0131m \u00c7elik ile Finike Cumhuriyet Ba\u015fsavc\u0131s\u0131&nbsp;Vahdet Gebe\u015f\u2019i konuk etti.Belediye Ba\u015fkanl\u0131\u011f\u0131 g\u00f6revine yeniden se\u00e7ilen Mustafa Geyik\u00e7i\u2019yi ziyaret ederek tebriklerini ileten Finike Kaymakam\u0131 Musa Kaz\u0131m \u00c7elik ile Finike Cumhuriyet Ba\u015fsavc\u0131s\u0131&nbsp;Vahdet Gebe\u015f, yeni d\u00f6nem \u00e7al\u0131\u015fmalar\u0131nda ba\u015far\u0131 dileklerini ilettiler.<\/p>\n\n\n\n<p><strong>Finike\u2019yi alternatif ve butik turizmin cazibe merkezi yapaca\u011f\u0131z<\/strong><\/p>\n\n\n\n<p>Ge\u00e7mi\u015fte oldu\u011fu gibi \u00f6n\u00fcm\u00fczdeki s\u00fcre\u00e7te de il\u00e7enin b\u00fct\u00fcn bile\u015fenlerinin birlik ve beraberlik i\u00e7erisinde Finike\u2019nin \u00e7\u0131karlar\u0131 i\u00e7in \u00e7al\u0131\u015faca\u011f\u0131na inand\u0131\u011f\u0131n\u0131 dile getiren Ba\u015fkan Mustafa Geyik\u00e7i, Finike\u2019yi ileriye g\u00f6t\u00fcrecek her \u00e7al\u0131\u015fmaya ortak olmak i\u00e7in haz\u0131r bulunduklar\u0131n\u0131 da s\u00f6yledi. Finike\u2019nin \u00f6zellikle yeni d\u00f6nemde turizm a\u00e7\u0131s\u0131ndan \u00f6nemli bir y\u00fckseli\u015fe ge\u00e7mesi i\u00e7in projeler \u00fcrettiklerini belirten Ba\u015fkan Mustafa Geyik\u00e7i, \u201c\u00d6n\u00fcm\u00fczdeki s\u00fcre\u00e7te il\u00e7emizin g\u00fczelliklerini \u00f6ne \u00e7\u0131karmak, turizm gezginlerinin cazibe merkezi olmak, Finike\u2019yi alternatif ve butik turizmin <a><\/a><a>aran\u0131lan konumu yapmak i\u00e7in \u00e7al\u0131\u015fmalar\u0131m\u0131z\u0131 h\u0131zland\u0131rarak s\u00fcrd\u00fcr\u00fcyoruz<\/a>\u201d dedi.Finike\u2019nin her anlamda ileri gitmesi i\u00e7in birliktelik k\u00fclt\u00fcr\u00fc ile \u00e7al\u0131\u015fmalar\u0131n s\u00fcrd\u00fcr\u00fclmesinin \u00f6nemine de vurgu yapan Ba\u015fkan Mustafa Geyik\u00e7i, \u201cFinike\u2019nin turizm, tar\u0131m ve ticarette g\u00fc\u00e7l\u00fc bir hale gelerek ekonomisini g\u00fc\u00e7lendirmesi il\u00e7emizde ya\u015fayan vatanda\u015flar\u0131m\u0131z\u0131n refahlar\u0131n\u0131 y\u00fckseltecektir. Bu refah\u0131 art\u0131rmak ve her vatanda\u015f\u0131m\u0131z\u0131n y\u00fcz\u00fcn\u00fcn g\u00fcld\u00fc\u011f\u00fc bir il\u00e7e ortaya \u00e7\u0131karmak i\u00e7in\u00f6n\u00fcm\u00fczdeki s\u00fcre\u00e7te t\u00fcm enerjimiz ile \u00e7al\u0131\u015faca\u011f\u0131z\u201d ifadelerini kulland\u0131.<\/p>\n\n\n\n<p><strong>Ortak paydam\u0131z Finike<\/strong><\/p>\n\n\n\n<p>Ba\u015fkan Mustafa Geyik\u00e7i\u2019yi yeni d\u00f6nem i\u00e7in tebrik ederek \u00e7al\u0131\u015fmalar\u0131nda ba\u015far\u0131lar dileyen Finike Kaymakam\u0131 Musa Kaz\u0131m \u00c7elik, ge\u00e7ti\u011fimiz d\u00f6nemde yap\u0131lan uyumlu \u00e7al\u0131\u015fman\u0131n \u00f6n\u00fcm\u00fczdeki s\u00fcre\u00e7te de devam edece\u011fini ifade etti. Finike\u2019nin ve Finike\u2019de ya\u015fayan her vatanda\u015f\u0131n memnuniyeti i\u00e7in ortak ad\u0131mlar atacaklar\u0131n\u0131 dile getiren Kaymakam \u00c7elik, \u201cHepimizin ortak paydas\u0131 Finike. Finike\u2019nin her anlamda g\u00fc\u00e7l\u00fc bir vizyonla ileriye ta\u015f\u0131mak i\u00e7in birlikte ad\u0131mlar ataca\u011f\u0131z\u201d dedi.<\/p>\n\n\n\n<p>Finike Belediyesi \/ B\u00fclten<\/p>\n","protected":false},"excerpt":{"rendered":"<p>Yap\u0131lan yerel se\u00e7imlerin ard\u0131ndan g\u00fcven tazeleyerek yeniden g\u00f6reve se\u00e7ilen Finike Belediye Ba\u015fkan\u0131 Mustafa Geyik\u00e7i, Finike Kaymakam\u0131 Musa Kaz\u0131m \u00c7elik ile Finike Cumhuriyet Ba\u015fsavc\u0131s\u0131&nbsp;Vahdet Gebe\u015f\u2019i konuk <a href=\"https:\/\/akdenizhaber.com.tr\/index.php\/2024\/04\/26\/kaymakam-ve-bassavcidan-tebrik-ziyareti\/\" class=\"read-more-link\">[more&#8230;]<\/a><\/p>\n","protected":false},"author":2,"featured_media":23079,"comment_status":"open","ping_status":"open","sticky":false,"template":"","format":"standard","meta":{"footnotes":""},"categories":[1],"tags":[],"class_list":["post-23078","post","type-post","status-publish","format-standard","has-post-thumbnail","hentry","category-blog"],"_links":{"self":[{"href":"https:\/\/akdenizhaber.com.tr\/index.php\/wp-json\/wp\/v2\/posts\/23078","targetHints":{"allow":["GET"]}}],"collection":[{"href":"https:\/\/akdenizhaber.com.tr\/index.php\/wp-json\/wp\/v2\/posts"}],"about":[{"href":"https:\/\/akdenizhaber.com.tr\/index.php\/wp-json\/wp\/v2\/types\/post"}],"author":[{"embeddable":true,"href":"https:\/\/akdenizhaber.com.tr\/index.php\/wp-json\/wp\/v2\/users\/2"}],"replies":[{"embeddable":true,"href":"https:\/\/akdenizhaber.com.tr\/index.php\/wp-json\/wp\/v2\/comments?post=23078"}],"version-history":[{"count":1,"href":"https:\/\/akdenizhaber.com.tr\/index.php\/wp-json\/wp\/v2\/posts\/23078\/revisions"}],"predecessor-version":[{"id":23080,"href":"https:\/\/akdenizhaber.com.tr\/index.php\/wp-json\/wp\/v2\/posts\/23078\/revisions\/23080"}],"wp:featuredmedia":[{"embeddable":true,"href":"https:\/\/akdenizhaber.com.tr\/index.php\/wp-json\/wp\/v2\/media\/23079"}],"wp:attachment":[{"href":"https:\/\/akdenizhaber.com.tr\/index.php\/wp-json\/wp\/v2\/media?parent=23078"}],"wp:term":[{"taxonomy":"category","embeddable":true,"href":"https:\/\/akdenizhaber.com.tr\/index.php\/wp-json\/wp\/v2\/categories?post=23078"},{"taxonomy":"post_tag","embeddable":true,"href":"https:\/\/akdenizhaber.com.tr\/index.php\/wp-json\/wp\/v2\/tags?post=23078"}],"curies":[{"name":"wp","href":"https:\/\/api.w.org\/{rel}","templated":true}]}}