{"id":23066,"date":"2024-04-26T16:59:36","date_gmt":"2024-04-26T13:59:36","guid":{"rendered":"https:\/\/akdenizhaber.com.tr\/?p=23066"},"modified":"2024-04-26T16:59:37","modified_gmt":"2024-04-26T13:59:37","slug":"buyuksehir-ilcelerde-kres-sayisini-arttiriyor","status":"publish","type":"post","link":"https:\/\/akdenizhaber.com.tr\/index.php\/2024\/04\/26\/buyuksehir-ilcelerde-kres-sayisini-arttiriyor\/","title":{"rendered":"B\u00fcy\u00fck\u015fehir il\u00e7elerde kre\u015f say\u0131s\u0131n\u0131 artt\u0131r\u0131yor"},"content":{"rendered":"\n<p>Antalya B\u00fcy\u00fck\u015fehir Belediye Ba\u015fkan\u0131 Muhittin B\u00f6cek\u2019in talimatlar\u0131yla 19 il\u00e7eye yay\u0131lan \u00c7ocuk Kre\u015fi ve G\u00fcnd\u00fcz Bak\u0131mevlerine bir yenisi daha eklendi. Aile b\u00fct\u00e7esine destek sunan projelerle sosyal ve halk\u00e7\u0131 belediyecili\u011fe \u00f6nc\u00fcl\u00fck eden B\u00fcy\u00fck\u015fehir Belediyesi\u2019nin Korkuteli\u2019de a\u00e7t\u0131\u011f\u0131 \u00c7ocuk Kre\u015fi ve G\u00fcnd\u00fcz Bak\u0131mevi il\u00e7enin \u00f6nemli bir ihtiyac\u0131n\u0131 kar\u015f\u0131l\u0131yor.<\/p>\n\n\n\n<p>4-6 ya\u015f aral\u0131\u011f\u0131ndaki \u00e7ocuklar\u0131 okul \u00f6ncesi e\u011fitime haz\u0131rlayan Korkuteli \u00c7ocuk Kre\u015fi ve G\u00fcnd\u00fcz Bak\u0131mevi\u2019nde \u00e7ocuklar hafta i\u00e7i g\u00fcnlerde \u00f6\u011fretmenler e\u015fli\u011finde hem \u00f6\u011freniyor hem de oyunlar oynayarak e\u011flencenin tad\u0131n\u0131 \u00e7\u0131kar\u0131yor. \u00c7e\u015fitli etkinliklerle \u00e7ocuklar\u0131n oyun becerileri geli\u015fiyor, sosyalle\u015fmeleri sa\u011flan\u0131yor. 60 \u00f6\u011frenci kapasiteli kre\u015f, Korkuteli\u2019nin \u00f6nemli bir ihtiyac\u0131n\u0131 kar\u015f\u0131l\u0131yor. Korkuteliler, g\u00fcvenilir kre\u015f hizmetine uygun fiyata ula\u015fman\u0131n mutlulu\u011funu ya\u015f\u0131yor.<\/p>\n\n\n\n<p>E\u011eLENEREK \u00d6\u011eREN\u0130YORLAR<\/p>\n\n\n\n<p>\u00c7ocuklar i\u00e7in haz\u0131rlanan g\u00fcnl\u00fck program ve faaliyetler ile ilgili bilgi veren okul \u00f6ncesi \u00f6\u011fretmeni ve kre\u015f sorumlusu Burcu K\u0131z\u0131lo\u011flu,\u201cKre\u015fimiz sabah 08.30\u2019da ba\u015flay\u0131p ak\u015fam 17.30 saatleri aras\u0131nda hizmet veriyor.Kay\u0131tlar\u0131m\u0131z devam ediyor. \u00c7ocuklar\u0131m\u0131z \u00e7e\u015fitli etkinlikler ve oyun saatleri ile g\u00fcne ba\u015fl\u0131yorlar. \u00c7ocuklar\u0131m\u0131z\u0131n geli\u015fimine katk\u0131 sunacak besleyici \u00f6\u011f\u00fcn programlar\u0131m\u0131z\u0131 uyguluyoruz\u201d dedi.<\/p>\n\n\n\n<p>\u00d6ZENLE HAZIRLANAN PROGRAM<\/p>\n\n\n\n<p>Kre\u015fte \u00e7ocuklar i\u00e7in \u00f6zenle haz\u0131rlanan programlarla onlar\u0131n s\u0131k\u0131lmadan e\u011flenerek keyifli vakit ge\u00e7irmeleri sa\u011flan\u0131yor. Lego, \u00e7e\u015fitli oyuncaklar, drama ritim \u00e7al\u0131\u015fmalar\u0131, bah\u00e7e etkinlikleri, oyunlar \u015fark\u0131lar ve danslarla hem zihin d\u00fcnyalar\u0131n\u0131 besleyecek hem de fizyolojik geli\u015fimlerini sa\u011flayacak aktiviteler ger\u00e7ekle\u015ftiriliyor. \u00c7ocuklara farkl\u0131 \u00e7ocuklarla arkada\u015fl\u0131klar kurarak payla\u015fmalar\u0131 ve birlikte ya\u015famalar\u0131 da \u00f6\u011fretiliyor. G\u00fcn i\u00e7erisindeki uyku saatleri ile \u00e7ocuklar &nbsp;dinlendiriliyor.<\/p>\n\n\n\n<p>F\u0130YATLAR UYGUN<\/p>\n\n\n\n<p>Korkuteli\u2019ne kazand\u0131r\u0131lan yeni kre\u015f hizmetinden mutluluk duyduklar\u0131n\u0131 belirten \u00f6\u011frenci velisi Yadig\u00e2r Yavuz, \u201cBu ekonomik \u015fartlarda bu hizmet bize adeta ila\u00e7 gibi geldi. \u00c7ok c\u00fczi bir fiyata g\u00fcvenerek \u00e7ocuklar\u0131m\u0131z\u0131 emanet edebilece\u011fimiz bir kre\u015fin olmas\u0131ndan son derece memnunuz.Bizleri d\u00fc\u015f\u00fcnen ve yan\u0131m\u0131zda olan B\u00fcy\u00fck\u015fehir Belediye Ba\u015fkan\u0131m\u0131z Muhittin B\u00f6cek ba\u015fta olmak \u00fczere bu hizmette eme\u011fi ge\u00e7en herkese \u00e7ok te\u015fekk\u00fcr ediyoruz\u201d dedi.<\/p>\n\n\n\n<p>A\u0130LELER MEMNUN<\/p>\n\n\n\n<p>B\u00fcy\u00fck\u015fehir kre\u015finin \u00e7al\u0131\u015fan anneler i\u00e7in \u00f6nemli bir katk\u0131 ve kolayl\u0131k sundu\u011funu s\u00f6yleyen \u00f6\u011frenci velisi Ay\u015fe \u015eim\u015fek \u201cBen \u00e7al\u0131\u015fan bir anneyim. \u00c7ocu\u011fumu her zaman g\u00fcvenebilece\u011fim i\u00e7imin rahat edece\u011fi bir yere emanet etmek istiyordum. B\u00fcy\u00fck\u015fehir Belediyesi\u2019nin il\u00e7emizde kre\u015f a\u00e7mas\u0131ndan \u00e7ok mutluyuz. \u00d6\u011fretmenlerimizin i\u015finin ehli olmas\u0131, hizmet binas\u0131n\u0131n g\u00fcvenilir olmas\u0131 benim ilk dikkat etti\u011fim husus. Kre\u015f bu \u015fartlar\u0131 fazlas\u0131yla kar\u015f\u0131l\u0131yor. Bu imk\u00e2nlar\u0131 sunan B\u00fcy\u00fck\u015fehir Belediyemize \u00e7ok te\u015fekk\u00fcr ediyorum \u201ddiye konu\u015ftu.<\/p>\n\n\n\n<p>Antalya B\u00fcy\u00fck\u015fehir Belediyesi \/ B\u00fclten<\/p>\n","protected":false},"excerpt":{"rendered":"<p>Antalya B\u00fcy\u00fck\u015fehir Belediye Ba\u015fkan\u0131 Muhittin B\u00f6cek\u2019in talimatlar\u0131yla 19 il\u00e7eye yay\u0131lan \u00c7ocuk Kre\u015fi ve G\u00fcnd\u00fcz Bak\u0131mevlerine bir yenisi daha eklendi. Aile b\u00fct\u00e7esine destek sunan projelerle sosyal <a href=\"https:\/\/akdenizhaber.com.tr\/index.php\/2024\/04\/26\/buyuksehir-ilcelerde-kres-sayisini-arttiriyor\/\" class=\"read-more-link\">[more&#8230;]<\/a><\/p>\n","protected":false},"author":2,"featured_media":23067,"comment_status":"open","ping_status":"open","sticky":false,"template":"","format":"standard","meta":{"footnotes":""},"categories":[2],"tags":[],"class_list":["post-23066","post","type-post","status-publish","format-standard","has-post-thumbnail","hentry","category-gundem"],"_links":{"self":[{"href":"https:\/\/akdenizhaber.com.tr\/index.php\/wp-json\/wp\/v2\/posts\/23066","targetHints":{"allow":["GET"]}}],"collection":[{"href":"https:\/\/akdenizhaber.com.tr\/index.php\/wp-json\/wp\/v2\/posts"}],"about":[{"href":"https:\/\/akdenizhaber.com.tr\/index.php\/wp-json\/wp\/v2\/types\/post"}],"author":[{"embeddable":true,"href":"https:\/\/akdenizhaber.com.tr\/index.php\/wp-json\/wp\/v2\/users\/2"}],"replies":[{"embeddable":true,"href":"https:\/\/akdenizhaber.com.tr\/index.php\/wp-json\/wp\/v2\/comments?post=23066"}],"version-history":[{"count":1,"href":"https:\/\/akdenizhaber.com.tr\/index.php\/wp-json\/wp\/v2\/posts\/23066\/revisions"}],"predecessor-version":[{"id":23068,"href":"https:\/\/akdenizhaber.com.tr\/index.php\/wp-json\/wp\/v2\/posts\/23066\/revisions\/23068"}],"wp:featuredmedia":[{"embeddable":true,"href":"https:\/\/akdenizhaber.com.tr\/index.php\/wp-json\/wp\/v2\/media\/23067"}],"wp:attachment":[{"href":"https:\/\/akdenizhaber.com.tr\/index.php\/wp-json\/wp\/v2\/media?parent=23066"}],"wp:term":[{"taxonomy":"category","embeddable":true,"href":"https:\/\/akdenizhaber.com.tr\/index.php\/wp-json\/wp\/v2\/categories?post=23066"},{"taxonomy":"post_tag","embeddable":true,"href":"https:\/\/akdenizhaber.com.tr\/index.php\/wp-json\/wp\/v2\/tags?post=23066"}],"curies":[{"name":"wp","href":"https:\/\/api.w.org\/{rel}","templated":true}]}}