{"id":23047,"date":"2024-04-26T16:52:16","date_gmt":"2024-04-26T13:52:16","guid":{"rendered":"https:\/\/akdenizhaber.com.tr\/?p=23047"},"modified":"2024-04-26T16:52:16","modified_gmt":"2024-04-26T13:52:16","slug":"59-cumhurbaskanligi-turkiye-bisiklet-turu-antalyada-basladi","status":"publish","type":"post","link":"https:\/\/akdenizhaber.com.tr\/index.php\/2024\/04\/26\/59-cumhurbaskanligi-turkiye-bisiklet-turu-antalyada-basladi\/","title":{"rendered":"59. Cumhurba\u015fkanl\u0131\u011f\u0131 T\u00fcrkiye Bisiklet Turu Antalya\u2019da Ba\u015flad\u0131"},"content":{"rendered":"\n<p>59. Cumhurba\u015fkanl\u0131\u011f\u0131 T\u00fcrkiye Bisiklet Turu (TUR 2024), 25 tak\u0131mdan 175 sporcunun kat\u0131l\u0131m\u0131yla Antalya&#8217;da ba\u015flad\u0131.<\/p>\n\n\n\n<p>TUR 2024&#8217;\u00fcn start\u0131n\u0131, D\u00fcden Park\u0131&#8217;ndan Gen\u00e7lik ve Spor Bakan Yard\u0131mc\u0131s\u0131 Hamza Yerlikaya, Gen\u00e7lik ve Spor Bakanl\u0131\u011f\u0131 Spor Hizmetleri Genel M\u00fcd\u00fcr\u00fc Veli Ozan \u00c7ak\u0131r, Antalya Valisi Hulusi \u015eahin, Cumhurba\u015fkanl\u0131\u011f\u0131 Destek ve Mali Hizmetler Genel M\u00fcd\u00fcr\u00fc Mehmet Tuncer, T\u00fcrkiye Bisiklet Federasyonu Ba\u015fkan\u0131 Emin M\u00fcft\u00fco\u011flu ve Antalya Spor \u0130l M\u00fcd\u00fcr\u00fc Yavuz G\u00fcrhan verdi.<br>Bisiklet\u00e7ilerin 134,7 kilometre pedal \u00e7evirece\u011fi ilk etap, Atat\u00fcrk Park\u0131&#8217;nda bitecek.<br>Bu y\u0131l 59. kez organize edilen Cumhurba\u015fkanl\u0131\u011f\u0131 T\u00fcrkiye Bisiklet Turu, 28 Nisan Pazar g\u00fcn\u00fc \u0130stanbul&#8217;da son bulacak. D\u00fcnyan\u0131n tek k\u0131talararas\u0131 bisiklet turuna kat\u0131lan sporcular, 8 g\u00fcnde 1188 kilometre yol katedecek.<br>Ge\u00e7en y\u0131lki turu 30 saat 10 dakika 14 saniyede tamamlayan Astana Kazakistan tak\u0131m\u0131n\u0131n Kazak bisiklet\u00e7isi Alexey Lutsenko, genel klasman liderine verilen turkuaz mayonun sahibi olmu\u015ftu.<\/p>\n\n\n\n<p>Antalya Gen\u00e7lik ve Spor \u0130l M\u00fcd\u00fcrl\u00fc\u011f\u00fc \/ B\u00fclten<\/p>\n","protected":false},"excerpt":{"rendered":"<p>59. Cumhurba\u015fkanl\u0131\u011f\u0131 T\u00fcrkiye Bisiklet Turu (TUR 2024), 25 tak\u0131mdan 175 sporcunun kat\u0131l\u0131m\u0131yla Antalya&#8217;da ba\u015flad\u0131. TUR 2024&#8217;\u00fcn start\u0131n\u0131, D\u00fcden Park\u0131&#8217;ndan Gen\u00e7lik ve Spor Bakan Yard\u0131mc\u0131s\u0131 Hamza <a href=\"https:\/\/akdenizhaber.com.tr\/index.php\/2024\/04\/26\/59-cumhurbaskanligi-turkiye-bisiklet-turu-antalyada-basladi\/\" class=\"read-more-link\">[more&#8230;]<\/a><\/p>\n","protected":false},"author":2,"featured_media":23048,"comment_status":"open","ping_status":"open","sticky":false,"template":"","format":"standard","meta":{"footnotes":""},"categories":[2],"tags":[],"class_list":["post-23047","post","type-post","status-publish","format-standard","has-post-thumbnail","hentry","category-gundem"],"_links":{"self":[{"href":"https:\/\/akdenizhaber.com.tr\/index.php\/wp-json\/wp\/v2\/posts\/23047","targetHints":{"allow":["GET"]}}],"collection":[{"href":"https:\/\/akdenizhaber.com.tr\/index.php\/wp-json\/wp\/v2\/posts"}],"about":[{"href":"https:\/\/akdenizhaber.com.tr\/index.php\/wp-json\/wp\/v2\/types\/post"}],"author":[{"embeddable":true,"href":"https:\/\/akdenizhaber.com.tr\/index.php\/wp-json\/wp\/v2\/users\/2"}],"replies":[{"embeddable":true,"href":"https:\/\/akdenizhaber.com.tr\/index.php\/wp-json\/wp\/v2\/comments?post=23047"}],"version-history":[{"count":1,"href":"https:\/\/akdenizhaber.com.tr\/index.php\/wp-json\/wp\/v2\/posts\/23047\/revisions"}],"predecessor-version":[{"id":23049,"href":"https:\/\/akdenizhaber.com.tr\/index.php\/wp-json\/wp\/v2\/posts\/23047\/revisions\/23049"}],"wp:featuredmedia":[{"embeddable":true,"href":"https:\/\/akdenizhaber.com.tr\/index.php\/wp-json\/wp\/v2\/media\/23048"}],"wp:attachment":[{"href":"https:\/\/akdenizhaber.com.tr\/index.php\/wp-json\/wp\/v2\/media?parent=23047"}],"wp:term":[{"taxonomy":"category","embeddable":true,"href":"https:\/\/akdenizhaber.com.tr\/index.php\/wp-json\/wp\/v2\/categories?post=23047"},{"taxonomy":"post_tag","embeddable":true,"href":"https:\/\/akdenizhaber.com.tr\/index.php\/wp-json\/wp\/v2\/tags?post=23047"}],"curies":[{"name":"wp","href":"https:\/\/api.w.org\/{rel}","templated":true}]}}