{"id":23038,"date":"2024-04-25T13:22:31","date_gmt":"2024-04-25T10:22:31","guid":{"rendered":"https:\/\/akdenizhaber.com.tr\/?p=23038"},"modified":"2024-04-25T13:22:31","modified_gmt":"2024-04-25T10:22:31","slug":"baskan-super-guc-turkiye-hedefine-emin-adimlarla-gidiyoruz","status":"publish","type":"post","link":"https:\/\/akdenizhaber.com.tr\/index.php\/2024\/04\/25\/baskan-super-guc-turkiye-hedefine-emin-adimlarla-gidiyoruz\/","title":{"rendered":"Ba\u015fkan; \u201cS\u00fcper g\u00fc\u00e7 T\u00fcrkiye hedefine emin ad\u0131mlarla gidiyoruz\u201d"},"content":{"rendered":"\n<p>Milliyet\u00e7i Hareket Partisi (MHP) Antalya Milletvekili Abdurrahman Ba\u015fkan, milli enerji hamlesi ile birlikte 2053-2071 s\u00fcper g\u00fc\u00e7 T\u00fcrkiye hedefine emin ad\u0131mlarla gidildi\u011fini bildirdi.<\/p>\n\n\n\n<p>MHP\u2019li Abdurrahman Ba\u015fkan \u201cYap\u0131lan bu d\u00fczenleme ile devletimizin 2053 -2071 milli enerji ve maden politikas\u0131na katk\u0131 sa\u011flayacak ve enerjide d\u0131\u015fa ba\u011f\u0131ml\u0131\u011f\u0131 s\u0131f\u0131r noktas\u0131na getirmek i\u00e7in bir ad\u0131m atm\u0131\u015f olaca\u011f\u0131z\u201d dedi.<\/p>\n\n\n\n<p>Kanun teklifinin i\u00e7eri\u011fi bak\u0131m\u0131ndan esasen enerji alan\u0131nda elde edilecek ba\u011f\u0131ms\u0131zl\u0131\u011f\u0131, T\u00fcrk ve T\u00fcrkiye Y\u00fczy\u0131l\u0131n\u0131n temel gerekliliklerini i\u00e7erdi\u011fine dikkat \u00e7eken MHP\u2019li Abdurrahman Ba\u015fkan, \u201cAs\u0131rl\u0131k \u00fclk\u00fclerimize ula\u015fmak i\u00e7in devletimizin 2000\u2019li y\u0131llar\u0131n ba\u015f\u0131ndan bu yana enerji konusunda ciddi mesai harcamas\u0131 bo\u015fa de\u011fildir.<\/p>\n\n\n\n<p>T\u00fcrkiye, var olan yeralt\u0131 maden ve petrol zenginliklerini aray\u0131p, ke\u015ffedip ve \u00fcretip ekonomiye kazand\u0131rmaya h\u0131zla devam etmektedir\u201d diye konu\u015ftu.<\/p>\n\n\n\n<p>Konu\u015fmas\u0131n\u0131n ba\u015f\u0131nda Erzincan\u2019\u0131n \u0130li\u00e7 il\u00e7esinde maden b\u00f6lgesinde toprak kaymas\u0131n\u0131n ard\u0131ndan ya\u015fanan g\u00f6\u00e7\u00fckle ilgili \u00e7al\u0131\u015fmalar\u0131n devam etti\u011fini ifade eden MHP\u2019li Abdurrahman Ba\u015fkan, maden kazas\u0131 ile ilgili kurulan ve bug\u00fcn ikinci toplant\u0131s\u0131n\u0131 ger\u00e7ekle\u015ftiren ara\u015ft\u0131rma komisyonunun elim kazay\u0131 t\u00fcm y\u00f6nleri ile ara\u015ft\u0131raca\u011f\u0131ndan herkesin emin olmas\u0131n\u0131 istedi.&nbsp;<\/p>\n\n\n\n<p>Maden Kanunu ile baz\u0131 kanunlarda de\u011fi\u015fiklik yap\u0131lmas\u0131na dair kanun teklifi \u00fczerine Milliyet\u00e7i Hareket Partisi Grubu ad\u0131na s\u00f6z alan Antalya Milletvekili Abdurrahman Ba\u015fkan, \u00f6zetle \u015funlar\u0131 s\u00f6yledi:<\/p>\n\n\n\n<p>HEDEF ENERJ\u0130 \u0130HRA\u00c7 EDEN T\u00dcRK\u0130YE<\/p>\n\n\n\n<p>\u201cT\u00fcrkiye, var olan yeralt\u0131 maden ve petrol zenginliklerini aray\u0131p, ke\u015ffedip ve \u00fcretip ekonomiye kazand\u0131rmaya h\u0131zla devam etmektedir.<\/p>\n\n\n\n<p>Bu kararl\u0131 ve istikrarl\u0131 m\u00fccadele; vatanda\u015flar\u0131m\u0131z\u0131n hidrokarbon kaynaklar\u0131m\u0131zdan s\u00fcrekli ve ucuz bir \u015fekilde yararlanmas\u0131na zemin haz\u0131rlamaktad\u0131r.<\/p>\n\n\n\n<p>Hi\u00e7 \u015f\u00fcphe yok ki; rezervlerden elde edilen girdilerle enerji ithalat\u0131 kaynakl\u0131 cari a\u00e7\u0131\u011f\u0131n azalt\u0131lmas\u0131 ve gelecekte enerji ihra\u00e7 eden \u00fclke konumuna gelmemizin de temelleri at\u0131lmaktad\u0131r.<\/p>\n\n\n\n<p>G\u00f6r\u00fc\u015fmekte oldu\u011fumuz kanun teklifi; Maden Kanunu, K\u0131y\u0131 Kanunu, Elektrik Piyasas\u0131 ve Do\u011falgaz Piyasas\u0131 Kanunlar\u0131 ile yine Enerji Verimlili\u011fine ili\u015fkin ve Yenilenebilir Enerji Kaynaklar\u0131na ili\u015fkin kanunlar ve son olarak N\u00fckleer D\u00fczenleme Kanunda de\u011fi\u015fiklik \u00f6ng\u00f6ren enerji alan\u0131ndaki bir tak\u0131m hususlarda d\u00fczenlemeler i\u00e7ermektedir.&nbsp;<\/p>\n\n\n\n<p>T\u00dcRK\u0130YE\u2019N\u0130N ENERJ\u0130 \u00dcSS\u00dc OLMASINA B\u00dcY\u00dcK KATKI SA\u011eLAYACAK<\/p>\n\n\n\n<p>T\u00fcm bu \u00e7al\u0131\u015fmalar\u0131n T\u00fcrkiye\u2019nin enerji \u00fcss\u00fc olma konusunda sunaca\u011f\u0131 katk\u0131n\u0131n ehemmiyetine bir kez daha dikkatlerinizi \u00e7ekmek istiyorum.<\/p>\n\n\n\n<p>Son zamanlarda d\u00fcnya \u00fclkelerinin ye\u015fil enerji \u00e7al\u0131\u015fmalar\u0131na y\u00f6nelmesi toryumu da daha de\u011ferli k\u0131lmaktad\u0131r.<\/p>\n\n\n\n<p>T\u00fcm bu geli\u015fmelerin ve ger\u00e7eklerin, \u00fclkemizin enerji alan\u0131nda kat edece\u011fi her a\u015faman\u0131n jeopolitik, jeostratejik ve jeoekonomik pozisyonunu da g\u00fc\u00e7lendirece\u011fi unutulmamal\u0131d\u0131r.\u201d<\/p>\n\n\n\n<p>TER\u00d6RLE ANILAN GABAR\u2019DA B\u00dcY\u00dcK PETROL KE\u015eF\u0130<\/p>\n\n\n\n<p>MHP Antalya Milletvekili Abrurrahman Ba\u015fkan, T\u00fcrkiye Cumhuriyeti Devleti olarak son y\u0131llarda milli enerji politikas\u0131nda ciddi ad\u0131mlar at\u0131ld\u0131\u011f\u0131na dikkat \u00e7ekerek, daha \u00f6nce ter\u00f6rle an\u0131lan Gabar Da\u011f\u0131nda, Cumhuriyet tarihinin en b\u00fcy\u00fck petrol ke\u015ffinin ger\u00e7ekle\u015fti\u011fini ifade etti.<\/p>\n\n\n\n<p>2024 y\u0131l\u0131 bitmeden 33 petrol kuyusunun 95\u2019E \u00e7\u0131kar\u0131lmas\u0131n\u0131n hedeflendi\u011fini bildiren MHP\u2019li Abdurrahman Ba\u015fkan, Gabar\u2019daki kuyularda 100 bin varil \u00fcretim ger\u00e7ekle\u015fti\u011finde bug\u00fcnk\u00fc petrol fiyatlar\u0131yla 3 milyar dolarl\u0131k bir ithalat\u0131n \u00f6n\u00fcne ge\u00e7ilmi\u015f olaca\u011f\u0131n\u0131 kaydetti.<\/p>\n\n\n\n<p>Milliyet\u00e7i Hareket Partisi \/ B\u00fclten<\/p>\n","protected":false},"excerpt":{"rendered":"<p>Milliyet\u00e7i Hareket Partisi (MHP) Antalya Milletvekili Abdurrahman Ba\u015fkan, milli enerji hamlesi ile birlikte 2053-2071 s\u00fcper g\u00fc\u00e7 T\u00fcrkiye hedefine emin ad\u0131mlarla gidildi\u011fini bildirdi. MHP\u2019li Abdurrahman Ba\u015fkan <a href=\"https:\/\/akdenizhaber.com.tr\/index.php\/2024\/04\/25\/baskan-super-guc-turkiye-hedefine-emin-adimlarla-gidiyoruz\/\" class=\"read-more-link\">[more&#8230;]<\/a><\/p>\n","protected":false},"author":2,"featured_media":23039,"comment_status":"open","ping_status":"open","sticky":false,"template":"","format":"standard","meta":{"footnotes":""},"categories":[2],"tags":[],"class_list":["post-23038","post","type-post","status-publish","format-standard","has-post-thumbnail","hentry","category-gundem"],"_links":{"self":[{"href":"https:\/\/akdenizhaber.com.tr\/index.php\/wp-json\/wp\/v2\/posts\/23038","targetHints":{"allow":["GET"]}}],"collection":[{"href":"https:\/\/akdenizhaber.com.tr\/index.php\/wp-json\/wp\/v2\/posts"}],"about":[{"href":"https:\/\/akdenizhaber.com.tr\/index.php\/wp-json\/wp\/v2\/types\/post"}],"author":[{"embeddable":true,"href":"https:\/\/akdenizhaber.com.tr\/index.php\/wp-json\/wp\/v2\/users\/2"}],"replies":[{"embeddable":true,"href":"https:\/\/akdenizhaber.com.tr\/index.php\/wp-json\/wp\/v2\/comments?post=23038"}],"version-history":[{"count":1,"href":"https:\/\/akdenizhaber.com.tr\/index.php\/wp-json\/wp\/v2\/posts\/23038\/revisions"}],"predecessor-version":[{"id":23040,"href":"https:\/\/akdenizhaber.com.tr\/index.php\/wp-json\/wp\/v2\/posts\/23038\/revisions\/23040"}],"wp:featuredmedia":[{"embeddable":true,"href":"https:\/\/akdenizhaber.com.tr\/index.php\/wp-json\/wp\/v2\/media\/23039"}],"wp:attachment":[{"href":"https:\/\/akdenizhaber.com.tr\/index.php\/wp-json\/wp\/v2\/media?parent=23038"}],"wp:term":[{"taxonomy":"category","embeddable":true,"href":"https:\/\/akdenizhaber.com.tr\/index.php\/wp-json\/wp\/v2\/categories?post=23038"},{"taxonomy":"post_tag","embeddable":true,"href":"https:\/\/akdenizhaber.com.tr\/index.php\/wp-json\/wp\/v2\/tags?post=23038"}],"curies":[{"name":"wp","href":"https:\/\/api.w.org\/{rel}","templated":true}]}}